{"id":364821,"date":"2025-09-04T04:17:12","date_gmt":"2025-09-04T04:17:12","guid":{"rendered":"https:\/\/www.europesays.com\/fr\/364821\/"},"modified":"2025-09-04T04:17:12","modified_gmt":"2025-09-04T04:17:12","slug":"le-terrible-but-de-lepaul-contre-le-sco-trois-jours-apres-son-transfert-en-bretagne","status":"publish","type":"post","link":"https:\/\/www.europesays.com\/fr\/364821\/","title":{"rendered":"le terrible but de Lepaul contre le SCO, trois jours apr\u00e8s son transfert en Bretagne"},"content":{"rendered":"<p>Titulaire pour la premi\u00e8re fois ce dimanche avec Rennes lors de la 3e journ\u00e9e de Ligue 1, Esteban Lepaul n&rsquo;a mis que 20 minutes pour inscrire son premier but face \u00e0 son ancien club, Angers, qu&rsquo;il a quitt\u00e9 cette semaine.<\/p>\n<p>\u00c7a ne pouvait \u00eatre que lui. \u00c0 peine trois jours apr\u00e8s son d\u00e9part d&rsquo;Angers, <a href=\"https:\/\/rmcsport.bfmtv.com\/football\/transferts\/mercato-rennes-boucle-l-arrivee-d-esteban-lepaul-et-veut-encore-se-renforcer-en-attaque_AV-202508280308.html\" title=\"Mercato: Rennes obtient le renfort d&#039;Esteban Lepaul et veut encore recruter en attaque\" class=\"internal_link\" rel=\"nofollow noopener\" target=\"_blank\">Esteban Lepaul<\/a> a soign\u00e9 son retour \u00e0 Raymond-Kopa en marquant&#8230; contre son ancien club. Titulaire avec Rennes ce dimanche lors de la 3e journ\u00e9e de Ligue 1, l&rsquo;attaquant a ouvert le score \u00e0 la 21e minute en reprenant en taclant un centre de Quentin Merlin venu de la gauche. En toute humilit\u00e9, le buteur n&rsquo;a pas c\u00e9l\u00e9br\u00e9 face \u00e0 son ancien public.<\/p>\n<p><a href=\"https:\/\/rmcsport.bfmtv.com\/football\/ligue-1\/direct-angers-rennes-suivez-le-match-de-la-3e-journee-de-ligue-1-en-live_LS-202508310175.html\" title=\"Ligue 1: Au bout d&#039;un gros combat, Angers et Rennes se neutralisent\" class=\"internal_link\" rel=\"nofollow noopener\" target=\"_blank\">&gt;&gt; Suivez Angers-Rennes en direct<\/a><\/p>\n<p>Il s&rsquo;agit de son deuxi\u00e8me but en Ligue 1 cette saison, son deuxi\u00e8me au stade Raymond-Kopa, puisqu&rsquo;il avait offert la victoire au SCO face au Paris FC lors de la 1re journ\u00e9e. Il avait d&rsquo;ailleurs f\u00eat\u00e9 ce succ\u00e8s inaugural au milieu des supporters.<\/p>\n<p>Le SCO contraint de le vendre pour soulager ses finances<\/p>\n<p>Ces sc\u00e8nes de liesse semblent \u00e0 des ann\u00e9es-lumi\u00e8re d\u00e9sormais, puisque l&rsquo;avenir d&rsquo;Esteban Lepaul s&rsquo;\u00e9crit d\u00e9sormais \u00e0 Rennes. Son d\u00e9part pour la Bretagne a d&rsquo;ailleurs \u00e9t\u00e9 mal v\u00e9cu par les supporters, ce qui a oblig\u00e9 <a href=\"https:\/\/rmcsport.bfmtv.com\/football\/ligue-1\/vente-de-lepaul-labeau-lascary-pas-homologue-pression-de-la-dncg-la-mise-au-point-d-angers-sur-la-situation-economique-du-club_AV-202508300286.html\" title=\"Vente de Lepaul, Labeau-Lascary pas homologu\u00e9, pression de la DNCG: la mise au point d&#039;Angers sur la situation \u00e9conomique du club\" class=\"internal_link\" rel=\"nofollow noopener\" target=\"_blank\">le SCO a publi\u00e9 un communiqu\u00e9<\/a> pour \u00e9claircir la situation. Comme beaucoup de clubs fran\u00e7ais, le club de l&rsquo;Anjou subit de plein fouet <strong><a href=\"https:\/\/rmcsport.bfmtv.com\/droits-tv\/tension-maximale-sur-les-droits-tv-de-la-ligue-1-be-in-sports-n-a-pas-regle-l-integralite-de-sa-premiere-echeance-le-torchon-brule-avec-la-lfp_AV-202508070322.html\" title=\"Tension maximale sur les droits TV de la Ligue 1: beIN Sports n&#039;a pas r\u00e9gl\u00e9 l&#039;int\u00e9gralit\u00e9 de sa premi\u00e8re \u00e9ch\u00e9ance, le torchon br\u00fble avec la LFP\" class=\"internal_link\" rel=\"nofollow noopener\" target=\"_blank\">la crise \u00e9conomique dans le football hexagonal<\/a><\/strong>.<\/p>\n<p>Le plus petit budget de Ligue 1 a d\u00fb se r\u00e9soudre \u00e0 se s\u00e9parer des \u00e9l\u00e9ments les plus bankables de son effectif, \u00e0 l&rsquo;image d&rsquo;Esteban Lepaul, parti contre un ch\u00e8que de 15 millions d&rsquo;euros. Malgr\u00e9 le d\u00e9part du jeune attaquant, \u00ab\u00a0le contrat de R\u00e9mi Labeau-Lascary n\u2019a pu \u00eatre homologu\u00e9 par la commission r\u00e9unie sp\u00e9cialement hier en milieu d\u2019apr\u00e8s-midi, pas plus que n\u2019aurait pu l\u2019\u00eatre celui de Steve Mouni\u00e9 ou de tout autre nouveau joueur\u00a0\u00bb, a inform\u00e9 le SCO.<\/p>\n","protected":false},"excerpt":{"rendered":"Titulaire pour la premi\u00e8re fois ce dimanche avec Rennes lors de la 3e journ\u00e9e de Ligue 1, Esteban&hellip;\n","protected":false},"author":2,"featured_media":364822,"comment_status":"","ping_status":"","sticky":false,"template":"","format":"standard","meta":{"footnotes":""},"categories":[2821],"tags":[1111,11,829,1777,674,1011,27,12,584,25],"class_list":{"0":"post-364821","1":"post","2":"type-post","3":"status-publish","4":"format-standard","5":"has-post-thumbnail","7":"category-rennes","8":"tag-actu","9":"tag-actualites","10":"tag-bretagne","11":"tag-eu","12":"tag-europe","13":"tag-fr","14":"tag-france","15":"tag-news","16":"tag-rennes","17":"tag-republique-francaise"},"share_on_mastodon":{"url":"https:\/\/pubeurope.com\/@fr\/115144100671206930","error":""},"_links":{"self":[{"href":"https:\/\/www.europesays.com\/fr\/wp-json\/wp\/v2\/posts\/364821","targetHints":{"allow":["GET"]}}],"collection":[{"href":"https:\/\/www.europesays.com\/fr\/wp-json\/wp\/v2\/posts"}],"about":[{"href":"https:\/\/www.europesays.com\/fr\/wp-json\/wp\/v2\/types\/post"}],"author":[{"embeddable":true,"href":"https:\/\/www.europesays.com\/fr\/wp-json\/wp\/v2\/users\/2"}],"replies":[{"embeddable":true,"href":"https:\/\/www.europesays.com\/fr\/wp-json\/wp\/v2\/comments?post=364821"}],"version-history":[{"count":0,"href":"https:\/\/www.europesays.com\/fr\/wp-json\/wp\/v2\/posts\/364821\/revisions"}],"wp:featuredmedia":[{"embeddable":true,"href":"https:\/\/www.europesays.com\/fr\/wp-json\/wp\/v2\/media\/364822"}],"wp:attachment":[{"href":"https:\/\/www.europesays.com\/fr\/wp-json\/wp\/v2\/media?parent=364821"}],"wp:term":[{"taxonomy":"category","embeddable":true,"href":"https:\/\/www.europesays.com\/fr\/wp-json\/wp\/v2\/categories?post=364821"},{"taxonomy":"post_tag","embeddable":true,"href":"https:\/\/www.europesays.com\/fr\/wp-json\/wp\/v2\/tags?post=364821"}],"curies":[{"name":"wp","href":"https:\/\/api.w.org\/{rel}","templated":true}]}}