{"id":364823,"date":"2025-09-04T04:18:11","date_gmt":"2025-09-04T04:18:11","guid":{"rendered":"https:\/\/www.europesays.com\/fr\/364823\/"},"modified":"2025-09-04T04:18:11","modified_gmt":"2025-09-04T04:18:11","slug":"la-ville-sanime-ce-dimanche","status":"publish","type":"post","link":"https:\/\/www.europesays.com\/fr\/364823\/","title":{"rendered":"la ville s&rsquo;anime ce dimanche"},"content":{"rendered":"<p>Ce dimanche 7\u00a0septembre, Bischheim s\u2019animera au rythme d\u2019un grand vide-greniers et d\u2019une s\u00e9rie d\u2019\u00e9v\u00e9nements culturels pour marquer la rentr\u00e9e.<\/p>\n<p>  Programme de la journ\u00e9e<\/p>\n<p> \u25b6 \u2002 Vide-greniers\u00a0: de 7\u00a0h\u00a030 \u00e0 18\u00a0h, pr\u00e8s de 150 exposants vous attendent dans les rues du G\u00e9n\u00e9ral-Leclerc, de l\u2019\u00c9cole, de la Robertsau et Nationale. Un grand d\u00e9ballage d\u00e9di\u00e9 aux bonnes affaires au c\u0153ur de la ville.<\/p>\n<p> \u25b6 \u2002 Brocante de livres <a href=\"https:\/\/www.dna.fr\/culture-loisirs\/2025\/02\/17\/avec-10-000-visites-lors-de-sa-premiere-annee-le-sapin-vert-ne-rougit-pas-de-son-succes\" target=\"_blank\" rel=\"noopener\">au Sapin Vert<\/a> \u00a0: de 10\u00a0h \u00e0 16\u00a0h, rendez-vous au 4, avenue de P\u00e9rigueux pour une grande brocante de livres. Une occasion id\u00e9ale de trouver de nouvelles lectures \u00e0 petits prix.<\/p>\n<p> \u25b6 \u2002 Portes ouvertes de l\u2019\u00e9cole de musique et de danse (EMMD)\u00a0: l\u2019\u00e9cole municipale va profiter de cette journ\u00e9e pour organiser ses portes ouvertes. De 14\u00a0h \u00e0 16\u00a0h, des d\u00e9monstrations et des rencontres avec les enseignants sont pr\u00e9vues \u00e0 la Cour des Waldteufel, 6, rue Nationale.<\/p>\n<p>Ce contenu est bloqu\u00e9 car vous n&rsquo;avez pas accept\u00e9 les cookies et autres traceurs.<\/p>\n<p>En cliquant sur \u00ab J\u2019accepte \u00bb, les cookies et autres traceurs seront d\u00e9pos\u00e9s et vous pourrez visualiser les contenus  (<a href=\"\" class=\"consentModule_policy\" target=\"_blank\" title=\"Consulter la politique de protection des donn\u00e9es du fournisseur\">plus d&rsquo;informations<\/a>).<\/p>\n<p>En cliquant sur \u00ab J\u2019accepte tous les cookies \u00bb, vous autorisez des d\u00e9p\u00f4ts de cookies et autres traceurs pour le stockage de vos donn\u00e9es sur nos sites et applications \u00e0 des fins de personnalisation et de ciblage publicitaire.<\/p>\n<p class=\"consentModule_secondaryText\">Vous gardez la possibilit\u00e9 de retirer votre consentement \u00e0 tout moment en consultant notre <a href=\"https:\/\/www.dna.fr\/protection-des-donnees\" target=\"_blank\" title=\"Consulter notre politique de protection des donn\u00e9es\" rel=\"noopener\">politique de protection des donn\u00e9es<\/a>. <br \/>&#13;<br \/>\n            <a href=\"https:\/\/www.dna.fr\/culture-loisirs\/2025\/09\/04\/javascript:Didomi.notice.show()\" class=\"consentModule_cmp\" target=\"_blank\" rel=\"noopener\">G\u00e9rer mes choix<\/a>&#13;\n        <\/p>\n<p>&#13;<br \/>\n                        J&rsquo;accepte&#13;<br \/>\n            J&rsquo;accepte tous les cookies&#13;\n        <\/p>\n<p> \u25b6 \u2002 Musique et th\u00e9\u00e2tre de rue au parc Wodli\u00a0: d\u00e8s 16\u00a0h, profitez de concerts et d\u2019un spectacle de th\u00e9\u00e2tre de rue avec la Compagnie du Crieur, le tout au parc Wodli (rue du Souvenir).<\/p>\n<p>L\u2019entr\u00e9e est libre et les \u00e9v\u00e9nements sont ouverts \u00e0 tous.<\/p>\n","protected":false},"excerpt":{"rendered":"Ce dimanche 7\u00a0septembre, Bischheim s\u2019animera au rythme d\u2019un grand vide-greniers et d\u2019une s\u00e9rie d\u2019\u00e9v\u00e9nements culturels pour marquer la&hellip;\n","protected":false},"author":2,"featured_media":364824,"comment_status":"","ping_status":"","sticky":false,"template":"","format":"standard","meta":{"footnotes":""},"categories":[2820],"tags":[1111,11,13205,5738,11679,1687,2880,1777,674,107,1011,27,775,12,25,3140,640,3265,3365],"class_list":{"0":"post-364823","1":"post","2":"type-post","3":"status-publish","4":"format-standard","5":"has-post-thumbnail","7":"category-strasbourg","8":"tag-actu","9":"tag-actualites","10":"tag-bischheim","11":"tag-bourses","12":"tag-brocantes","13":"tag-culture-loisirs","14":"tag-edition-strasbourg","15":"tag-eu","16":"tag-europe","17":"tag-fil-info","18":"tag-fr","19":"tag-france","20":"tag-grand-est","21":"tag-news","22":"tag-republique-francaise","23":"tag-spectacle","24":"tag-strasbourg","25":"tag-strasbourg-nord","26":"tag-vide-greniers"},"share_on_mastodon":{"url":"https:\/\/pubeurope.com\/@fr\/115144104539258450","error":""},"_links":{"self":[{"href":"https:\/\/www.europesays.com\/fr\/wp-json\/wp\/v2\/posts\/364823","targetHints":{"allow":["GET"]}}],"collection":[{"href":"https:\/\/www.europesays.com\/fr\/wp-json\/wp\/v2\/posts"}],"about":[{"href":"https:\/\/www.europesays.com\/fr\/wp-json\/wp\/v2\/types\/post"}],"author":[{"embeddable":true,"href":"https:\/\/www.europesays.com\/fr\/wp-json\/wp\/v2\/users\/2"}],"replies":[{"embeddable":true,"href":"https:\/\/www.europesays.com\/fr\/wp-json\/wp\/v2\/comments?post=364823"}],"version-history":[{"count":0,"href":"https:\/\/www.europesays.com\/fr\/wp-json\/wp\/v2\/posts\/364823\/revisions"}],"wp:featuredmedia":[{"embeddable":true,"href":"https:\/\/www.europesays.com\/fr\/wp-json\/wp\/v2\/media\/364824"}],"wp:attachment":[{"href":"https:\/\/www.europesays.com\/fr\/wp-json\/wp\/v2\/media?parent=364823"}],"wp:term":[{"taxonomy":"category","embeddable":true,"href":"https:\/\/www.europesays.com\/fr\/wp-json\/wp\/v2\/categories?post=364823"},{"taxonomy":"post_tag","embeddable":true,"href":"https:\/\/www.europesays.com\/fr\/wp-json\/wp\/v2\/tags?post=364823"}],"curies":[{"name":"wp","href":"https:\/\/api.w.org\/{rel}","templated":true}]}}