{"id":364825,"date":"2025-09-04T04:19:24","date_gmt":"2025-09-04T04:19:24","guid":{"rendered":"https:\/\/www.europesays.com\/fr\/364825\/"},"modified":"2025-09-04T04:19:24","modified_gmt":"2025-09-04T04:19:24","slug":"emma-wasser-asptt-strasbourg-termine-en-beaute","status":"publish","type":"post","link":"https:\/\/www.europesays.com\/fr\/364825\/","title":{"rendered":"Emma Wasser (ASPTT Strasbourg) termine en beaut\u00e9"},"content":{"rendered":"<p>Cela commence \u00e0 devenir une bonne habitude. En 2023 \u00e0 Avallon, Emma Wasser avait remport\u00e9 la finale de la saison, cette 5e et derni\u00e8re \u00e9tape au coefficient 1,5 au classement par \u00e9quipe, devan\u00e7ant de pr\u00e8s de deux minutes Camille Laurent pour remporter son premier scratch en D1.<\/p>\n<p>En 2024, elle avait r\u00e9cidiv\u00e9 lors de l\u2019ultime manche disput\u00e9e \u00e0 Ch\u00e2teauroux en s\u2019imposant devant Meghan Bazire, sa d\u00e9sormais co\u00e9quipi\u00e8re en \u00e9quipe de France. <\/p>\n<p>Dimanche \u00e0 Conches-en-Ouche (Normandie), la championne de France en titre a sign\u00e9 la passe de trois en imposant sa loi \u00e0 la concurrence,&#8230;<\/p>\n","protected":false},"excerpt":{"rendered":"Cela commence \u00e0 devenir une bonne habitude. En 2023 \u00e0 Avallon, Emma Wasser avait remport\u00e9 la finale de&hellip;\n","protected":false},"author":2,"featured_media":364826,"comment_status":"","ping_status":"","sticky":false,"template":"","format":"standard","meta":{"footnotes":""},"categories":[2820],"tags":[1111,11,2880,1777,674,1011,27,775,12,25,517,640,2879,10997],"class_list":{"0":"post-364825","1":"post","2":"type-post","3":"status-publish","4":"format-standard","5":"has-post-thumbnail","7":"category-strasbourg","8":"tag-actu","9":"tag-actualites","10":"tag-edition-strasbourg","11":"tag-eu","12":"tag-europe","13":"tag-fr","14":"tag-france","15":"tag-grand-est","16":"tag-news","17":"tag-republique-francaise","18":"tag-sport","19":"tag-strasbourg","20":"tag-strasbourg-ville","21":"tag-triathlon"},"share_on_mastodon":{"url":"https:\/\/pubeurope.com\/@fr\/115144108558036358","error":""},"_links":{"self":[{"href":"https:\/\/www.europesays.com\/fr\/wp-json\/wp\/v2\/posts\/364825","targetHints":{"allow":["GET"]}}],"collection":[{"href":"https:\/\/www.europesays.com\/fr\/wp-json\/wp\/v2\/posts"}],"about":[{"href":"https:\/\/www.europesays.com\/fr\/wp-json\/wp\/v2\/types\/post"}],"author":[{"embeddable":true,"href":"https:\/\/www.europesays.com\/fr\/wp-json\/wp\/v2\/users\/2"}],"replies":[{"embeddable":true,"href":"https:\/\/www.europesays.com\/fr\/wp-json\/wp\/v2\/comments?post=364825"}],"version-history":[{"count":0,"href":"https:\/\/www.europesays.com\/fr\/wp-json\/wp\/v2\/posts\/364825\/revisions"}],"wp:featuredmedia":[{"embeddable":true,"href":"https:\/\/www.europesays.com\/fr\/wp-json\/wp\/v2\/media\/364826"}],"wp:attachment":[{"href":"https:\/\/www.europesays.com\/fr\/wp-json\/wp\/v2\/media?parent=364825"}],"wp:term":[{"taxonomy":"category","embeddable":true,"href":"https:\/\/www.europesays.com\/fr\/wp-json\/wp\/v2\/categories?post=364825"},{"taxonomy":"post_tag","embeddable":true,"href":"https:\/\/www.europesays.com\/fr\/wp-json\/wp\/v2\/tags?post=364825"}],"curies":[{"name":"wp","href":"https:\/\/api.w.org\/{rel}","templated":true}]}}