{"id":364827,"date":"2025-09-04T04:20:11","date_gmt":"2025-09-04T04:20:11","guid":{"rendered":"https:\/\/www.europesays.com\/fr\/364827\/"},"modified":"2025-09-04T04:20:11","modified_gmt":"2025-09-04T04:20:11","slug":"navette-desserte-horaires-tout-ce-qui-a-change-a-la-rentree-sur-le-reseau-lignes-dazur-de-la-metropole-de-nice","status":"publish","type":"post","link":"https:\/\/www.europesays.com\/fr\/364827\/","title":{"rendered":"Navette, desserte, horaires&#8230; Tout ce qui a chang\u00e9 \u00e0 la rentr\u00e9e sur le r\u00e9seau Lignes d\u2019Azur de la M\u00e9tropole de Nice"},"content":{"rendered":"<p>La rentr\u00e9e a \u00e9galement sonn\u00e9 pour le r\u00e9seau Lignes d\u2019Azur. Les bus reprennent, comme chaque ann\u00e9e, un rythme scolaire. Quelques nouveaut\u00e9s sont aussi \u00e0 noter sur l\u2019ensemble du r\u00e9seau: nouvelle navette, \u00e9volution des fiches horaires, lignes remise en service&#8230; On fait le point.<\/p>\n<p>Une nouvelle navette provisoire pour le mont Boron<\/p>\n<p>La NV30 va desservir la portion de l\u2019itin\u00e9raire de la ligne 30 non desservie actuellement en raison d\u2019un probl\u00e8me d\u2019affaissement priv\u00e9 de la voirie et d\u2019une interdiction de circulation des v\u00e9hicules de plus de 3,5 tonnes. Il s\u2019agit d\u2019un v\u00e9hicule de cinq places qui circule toutes les 20 minutes, du lundi au samedi, de 7h \u00e0 19h.<\/p>\n<p>La NV30 restera en service jusqu\u2019\u00e0 la fin du d\u00e9sordre.<\/p>\n<p>Une desserte am\u00e9lior\u00e9e, des horaires plus d\u00e9taill\u00e9s<\/p>\n<p>Des d\u00e9parts plus t\u00f4t et des retours plus tard sont propos\u00e9s pour une meilleure desserte de plusieurs lignes du r\u00e9seau. Cela concerne les lignes n\u00b0 31 (Hameaux de la Costi\u00e8re &#8211; Madeleine Sup\u00e9rieure), n\u00b0 7 (Port Lympia &#8211; L\u2019Ariane), n\u00b0 20 -Grand Arenas &#8211; Giono\/Les Pugets), n\u00b0 21 (Grand Ar\u00e9nas &#8211; Le Gu\u00e9\/Shopping Promenade) ou n\u00b0 32 (Caucade -Place Sainte-Marguerite).<\/p>\n<p>Certaines lignes indiquent d\u00e9sormais les horaires \u00e0 chaque arr\u00eat de la ligne.<\/p>\n<p>Reprise des bus sur l\u2019avenue Durandy<\/p>\n<p>Avec la fin du chantier sur l\u2019avenue Durandy \u2013 ferm\u00e9e \u00e0 la circulation pendant un an et demi apr\u00e8s un \u00e9boulement \u2013 les bus peuvent de nouveau circuler. Ainsi, les lignes 43, 60, 61 et R ont repris du service sur cet axe.<\/p>\n<p>La ligne 49 prolong\u00e9e jusqu\u2019\u00e0 la gare de Cagnes-sur-Mer<\/p>\n<p>Au d\u00e9part de La Gaude Stade ou Le Peyron, la ligne 49, qui s\u2019arr\u00eatait \u00e0 la station Bonaparte, a \u00e9t\u00e9 prolong\u00e9e jusqu\u2019\u00e0 la gare de Cagnes-sur-Mer.<\/p>\n<p>Une ligne \u00e0 l\u2019ann\u00e9e pour Isola<\/p>\n<p>La ligne 92 fonctionne d\u00e9sormais toute l\u2019ann\u00e9e, du lundi au samedi, pour relier Isola et Nice. Elle circule entre Les Arboras Universit\u00e9 et Isola 2000 Les hameaux.<\/p>\n<p>Horaires complets sur Lignesdazur.com.<\/p>\n","protected":false},"excerpt":{"rendered":"La rentr\u00e9e a \u00e9galement sonn\u00e9 pour le r\u00e9seau Lignes d\u2019Azur. Les bus reprennent, comme chaque ann\u00e9e, un rythme&hellip;\n","protected":false},"author":2,"featured_media":364828,"comment_status":"","ping_status":"","sticky":false,"template":"","format":"standard","meta":{"footnotes":""},"categories":[2819],"tags":[1111,11,1777,674,1011,27,12,2401,882,25,800],"class_list":{"0":"post-364827","1":"post","2":"type-post","3":"status-publish","4":"format-standard","5":"has-post-thumbnail","7":"category-nice","8":"tag-actu","9":"tag-actualites","10":"tag-eu","11":"tag-europe","12":"tag-fr","13":"tag-france","14":"tag-news","15":"tag-nice","16":"tag-provence-alpes-cote-dazur","17":"tag-republique-francaise","18":"tag-transports"},"share_on_mastodon":{"url":"https:\/\/pubeurope.com\/@fr\/115144112474378442","error":""},"_links":{"self":[{"href":"https:\/\/www.europesays.com\/fr\/wp-json\/wp\/v2\/posts\/364827","targetHints":{"allow":["GET"]}}],"collection":[{"href":"https:\/\/www.europesays.com\/fr\/wp-json\/wp\/v2\/posts"}],"about":[{"href":"https:\/\/www.europesays.com\/fr\/wp-json\/wp\/v2\/types\/post"}],"author":[{"embeddable":true,"href":"https:\/\/www.europesays.com\/fr\/wp-json\/wp\/v2\/users\/2"}],"replies":[{"embeddable":true,"href":"https:\/\/www.europesays.com\/fr\/wp-json\/wp\/v2\/comments?post=364827"}],"version-history":[{"count":0,"href":"https:\/\/www.europesays.com\/fr\/wp-json\/wp\/v2\/posts\/364827\/revisions"}],"wp:featuredmedia":[{"embeddable":true,"href":"https:\/\/www.europesays.com\/fr\/wp-json\/wp\/v2\/media\/364828"}],"wp:attachment":[{"href":"https:\/\/www.europesays.com\/fr\/wp-json\/wp\/v2\/media?parent=364827"}],"wp:term":[{"taxonomy":"category","embeddable":true,"href":"https:\/\/www.europesays.com\/fr\/wp-json\/wp\/v2\/categories?post=364827"},{"taxonomy":"post_tag","embeddable":true,"href":"https:\/\/www.europesays.com\/fr\/wp-json\/wp\/v2\/tags?post=364827"}],"curies":[{"name":"wp","href":"https:\/\/api.w.org\/{rel}","templated":true}]}}