{"id":364829,"date":"2025-09-04T04:21:15","date_gmt":"2025-09-04T04:21:15","guid":{"rendered":"https:\/\/www.europesays.com\/fr\/364829\/"},"modified":"2025-09-04T04:21:15","modified_gmt":"2025-09-04T04:21:15","slug":"nice-rentree-scolaire-des-actions-de-sensibilisation-a-la-citoyennete","status":"publish","type":"post","link":"https:\/\/www.europesays.com\/fr\/364829\/","title":{"rendered":"NICE : Rentr\u00e9e scolaire, des actions de sensibilisation \u00e0 la citoyennet\u00e9"},"content":{"rendered":"<p style=\"text-align: left;\"><strong>Christian Estrosi,\u00a0Maire de Nice, Pr\u00e9sident de la M\u00e9tropole Nice C\u00f4te d\u2019Azur,\u00a0est all\u00e9 \u00e0 la rencontre des \u00e9l\u00e8ves et des personnels municipaux et de l\u2019Education Nationale de l\u2019\u00e9cole\u00a0primaire Rancher pour leur souhaiter une bonne rentr\u00e9e. Il s\u2019est ensuite rendu \u00e0 l\u2019\u00e9cole priv\u00e9e sous contrat Regina Coeli.<\/strong><\/p>\n<p style=\"text-align: left;\">En amont de ces visites, le Maire a tenu un point presse au CSU, dans la salle d\u00e9di\u00e9e \u00e0 la surveillance des \u00e9coles. Il a annonc\u00e9 la pr\u00e9sentation et le lancement dans les prochains jours d\u2019une application, WARY ME, visant \u00e0 renforcer la transmission d\u2019informations au sein des \u00e9coles. Celle-ci vient juste d\u2019\u00eatre valid\u00e9e par la CNIL.<\/p>\n<p style=\"text-align: left;\">Travaux, verdissement des cours, culture, sant\u00e9, sport, inclusion\u2026 dans tous les domaines, la Ville agit pour que les \u00e9l\u00e8ves et les personnels municipaux et de l\u2019Education Nationale travaillent et s\u2019\u00e9panouissent dans les meilleures conditions dans les \u00e9coles de Nice.<\/p>\n<p style=\"text-align: left;\"><strong>Favoriser, pour tous les enfants d\u00e8s le plus jeune \u00e2ge, l\u2019acc\u00e8s\u2026<\/strong><\/p>\n<p style=\"text-align: left;\"><strong>A des actions de sensibilisation \u00e0 la citoyennet\u00e9<\/strong><\/p>\n<p style=\"text-align: left;\">La Ville de Nice est pleinement engag\u00e9e sur le sujet de la citoyennet\u00e9, du respect des valeurs de la R\u00e9publique, du principe fondamental de la la\u00efcit\u00e9 mais \u00e9galement dans la lutte contre le harc\u00e8lement scolaire. C\u2019est une des actions phares de sa politique \u00e9ducative et des actions men\u00e9es dans le cadre du Contrat Local de S\u00e9curit\u00e9 et de Pr\u00e9vention de la D\u00e9linquance (CLSPD). En 2020, une d\u00e9l\u00e9gation \u00e0 la citoyennet\u00e9 est cr\u00e9\u00e9e et de nouveaux documents p\u00e9dagogiques r\u00e9alis\u00e9s pour mieux accompagner les enseignants dans leurs moments d\u2019\u00e9change et de dialogue, sur ces sujets, avec les \u00e9l\u00e8ves.<\/p>\n<p style=\"text-align: left;\">En septembre 2023, une nouvelle Marianne d\u2019or est remise \u00e0 la municipalit\u00e9 pour l\u2019ensemble des actions men\u00e9es aupr\u00e8s des enfants et des jeunes sur le sujet de la citoyennet\u00e9 : passeport citoyen, livret citoyen et des actions citoyennes, dispositif banc de l\u2019amiti\u00e9\/banc des copains (78 \u00e9coles \u00e9quip\u00e9es), plan \u00ab Ambassadeurs de la R\u00e9publique \u00bb, plan de lutte contre les atteintes \u00e0 la la\u00efcit\u00e9, plan de lutte contre le harc\u00e8lement scolaire\u2026 Plus de 21 400 \u00e9l\u00e8ves ont b\u00e9n\u00e9fici\u00e9 d\u2019actions citoyennes en 2024-2025 sur les th\u00e9matiques du devoir de m\u00e9moire, de la pr\u00e9vention, de la s\u00e9curit\u00e9, des droits et devoirs des enfants\u2026 L\u2019exp\u00e9rimentation du port d\u2019une tenue scolaire commune dans 4 groupes scolaires de la ville de Nice (soit 5 \u00e9coles Fabron, Bon Voyage 1, Bon Voyage 2, Ronch\u00e8se et Bois de Boulogne) se poursuit. 1 100 \u00e9l\u00e8ves sont concern\u00e9s par cette exp\u00e9rimentation qui durera deux ans.<\/p>\n<p style=\"text-align: left;\"><strong>SOURCE : Rentr\u00e9e scolaire dans les \u00e9coles de la Ville de Nice. <\/strong><\/p>\n","protected":false},"excerpt":{"rendered":"Christian Estrosi,\u00a0Maire de Nice, Pr\u00e9sident de la M\u00e9tropole Nice C\u00f4te d\u2019Azur,\u00a0est all\u00e9 \u00e0 la rencontre des \u00e9l\u00e8ves et&hellip;\n","protected":false},"author":2,"featured_media":362189,"comment_status":"","ping_status":"","sticky":false,"template":"","format":"standard","meta":{"footnotes":""},"categories":[2819],"tags":[1111,11,1777,674,1011,27,12,2401,882,25],"class_list":{"0":"post-364829","1":"post","2":"type-post","3":"status-publish","4":"format-standard","5":"has-post-thumbnail","7":"category-nice","8":"tag-actu","9":"tag-actualites","10":"tag-eu","11":"tag-europe","12":"tag-fr","13":"tag-france","14":"tag-news","15":"tag-nice","16":"tag-provence-alpes-cote-dazur","17":"tag-republique-francaise"},"share_on_mastodon":{"url":"https:\/\/pubeurope.com\/@fr\/115144116299811774","error":""},"_links":{"self":[{"href":"https:\/\/www.europesays.com\/fr\/wp-json\/wp\/v2\/posts\/364829","targetHints":{"allow":["GET"]}}],"collection":[{"href":"https:\/\/www.europesays.com\/fr\/wp-json\/wp\/v2\/posts"}],"about":[{"href":"https:\/\/www.europesays.com\/fr\/wp-json\/wp\/v2\/types\/post"}],"author":[{"embeddable":true,"href":"https:\/\/www.europesays.com\/fr\/wp-json\/wp\/v2\/users\/2"}],"replies":[{"embeddable":true,"href":"https:\/\/www.europesays.com\/fr\/wp-json\/wp\/v2\/comments?post=364829"}],"version-history":[{"count":0,"href":"https:\/\/www.europesays.com\/fr\/wp-json\/wp\/v2\/posts\/364829\/revisions"}],"wp:featuredmedia":[{"embeddable":true,"href":"https:\/\/www.europesays.com\/fr\/wp-json\/wp\/v2\/media\/362189"}],"wp:attachment":[{"href":"https:\/\/www.europesays.com\/fr\/wp-json\/wp\/v2\/media?parent=364829"}],"wp:term":[{"taxonomy":"category","embeddable":true,"href":"https:\/\/www.europesays.com\/fr\/wp-json\/wp\/v2\/categories?post=364829"},{"taxonomy":"post_tag","embeddable":true,"href":"https:\/\/www.europesays.com\/fr\/wp-json\/wp\/v2\/tags?post=364829"}],"curies":[{"name":"wp","href":"https:\/\/api.w.org\/{rel}","templated":true}]}}