{"id":36483,"date":"2025-04-19T12:28:19","date_gmt":"2025-04-19T12:28:19","guid":{"rendered":"https:\/\/www.europesays.com\/fr\/36483\/"},"modified":"2025-04-19T12:28:19","modified_gmt":"2025-04-19T12:28:19","slug":"lyon-le-commercant-pousse-un-enorme-coup-de-gueule-contre-les-travaux-et-derape","status":"publish","type":"post","link":"https:\/\/www.europesays.com\/fr\/36483\/","title":{"rendered":"Lyon. Le commer\u00e7ant pousse un \u00e9norme coup de gueule contre les travaux et d\u00e9rape"},"content":{"rendered":"<p>            Par<br \/>\n        <strong><br \/>\n            <a href=\"https:\/\/actu.fr\/auteur\/nicolas-zaugra\" title=\"Consulter tous les articles de Nicolas Zaugra\" rel=\"nofollow noopener\" target=\"_blank\">Nicolas Zaugra<\/a><br \/>\n        <\/strong><\/p>\n<p>        Publi\u00e9 le<\/p>\n<p>            18 avr. 2025 \u00e0 11h43        <\/p>\n<p>Les <a href=\"https:\/\/actu.fr\/auvergne-rhone-alpes\/lyon_69123\/lyon-de-nouveaux-travaux-sur-la-presqu-ile-pour-2025-voici-les-rues-transformees_62283563.html\" rel=\"nofollow noopener\" target=\"_blank\">travaux en Presqu\u2019\u00eele<\/a> exasp\u00e8rent bon nombre de commer\u00e7ants de <a href=\"https:\/\/actu.fr\/auvergne-rhone-alpes\/lyon_69123\" rel=\"nofollow noopener\" target=\"_blank\">Lyon<\/a>. L\u2019un d\u2019entre eux, membre du <a href=\"https:\/\/actu.fr\/auvergne-rhone-alpes\/lyon_69123\/lyon-petitions-manifestations-des-habitants-en-colere-mettent-la-pression-sur-les-elus-ecologistes_61686012.html\" rel=\"nofollow noopener\" target=\"_blank\">collectif des \u00ab\u00a0D\u00e9fenseurs de Lyon\u00a0\u00bb<\/a>, a pouss\u00e9 un nouveau coup de gueule jeudi 17 avril 2025, allant jusqu\u2019\u00e0 <strong>comparer les chantiers en cours lanc\u00e9s par les \u00e9lus \u00e9cologistes \u00e0 l\u2019Occupation nazie de la Seconde guerre mondiale<\/strong>. Un parall\u00e8le qui provoque le <strong>malaise<\/strong>. Christophe C\u00e9dat, qui g\u00e8re le Caf\u00e9 203 dans le 1er arrondissement, est un habitu\u00e9 des coups d\u2019\u00e9clats et des prises de paroles radicales.<\/p>\n<p>\u00ab\u00a0Lyon est sous occupation, les tranch\u00e9es et les soldats en moins\u00a0\u00bb<\/p>\n<p class=\" wall-content\">\u00ab\u00a0Cette ville est en chantier permanent, il y a des travaux partout, la Presqu\u2019\u00eele je ne vous en parle m\u00eame pas, elle est d\u00e9j\u00e0 ferm\u00e9e\u00a0\u00bb, a d\u00e9nonc\u00e9 le commer\u00e7ant sur le plateau de BFM Lyon dans l\u2019\u00e9mission politique en partenariat avec actu Lyon.<\/p>\n<p class=\" wall-content\">\u00ab\u00a0Un commerce au bout de 6 mois, il meurt s\u2019il y a des travaux dans sa rue. Pour nous les commer\u00e7ants, c\u2019est la triple peine. \u00c7a fait deux ans que la Presqu\u2019\u00eele est en chantier permanent. On parlait de la guerre des tranch\u00e9es, moi, je parle de la guerre des chantiers. Il y en a de partout. Les entreprises de travaux publics sont d\u00e9bord\u00e9es, elles laissent dans les rues leur mat\u00e9riel, qui font des travaux qui les abandonnent, qui reviennent une semaine apr\u00e8s\u2026\u00a0\u00bb<\/p>\n<p class=\" wall-content\">\n<p class=\" wall-content\">\u00ab\u00a0On subit. J\u2019ai l\u2019impression qu\u2019aujourd\u2019hui Lyon est sous occupation, les tranch\u00e9es et les soldats en moins. Une fois qu\u2019on aura la Zone \u00e0 trafic limit\u00e9 (ZTL), on aura un ghetto. On ne pourra plus rentrer et plus y sortir (\u2026)\u00a0\u00bb, a poursuivi le commer\u00e7ant dans un parall\u00e8le douteux entre l\u2019Occupation nazie et les travaux en cours.<\/p>\n<p class=\" wall-content\">Christophe C\u00e9dat regrette d\u2019\u00eatre \u00ab\u00a0caricatur\u00e9\u00a0\u00bb et d\u2019\u00eatre trait\u00e9 par les \u00e9cologistes de \u00ab\u00a0droitard, de bagnolard\u00a0\u00bb. \u00ab\u00a0On a des baisses d\u2019activit\u00e9 qui sont catastrophiques. On est \u00e0 -10\/-15%, on est des privil\u00e9gi\u00e9s, certains sont \u00e0 -40% et ce n\u2019est pas le contexte \u00e9conomique.\u00a0\u00bb<\/p>\n<p>La Zone \u00e0 trafic limit\u00e9 est une \u00ab\u00a0usine \u00e0 gaz\u00a0\u00bb<\/p>\n<p class=\" wall-content\">Pour le commer\u00e7ant, la mise en place de la ZTL avec des syst\u00e8mes de badges et d\u2019ayant droit pouvant y acc\u00e9der est une \u00ab\u00a0usine \u00e0 gaz\u00a0\u00bb.<\/p>\n<p class=\" wall-content\">\u00ab\u00a0J\u2019ai l\u2019impression d\u2019\u00eatre dans un laboratoire et d\u2019\u00eatre une souris d\u2019exp\u00e9rimentation.\u00a0\u00bb, d\u00e9nonce-t-il. \u00ab\u00a0Les ind\u00e9pendants sont en train de mourir\u00a0\u00bb, poursuit Christophe C\u00e9dat. \u00ab\u00a0On nous propose un QR Code comme au Covid pour avoir le droit de circuler (\u2026).\u00a0\u00bb<\/p>\n<p class=\" wall-content\">Les \u00ab\u00a0commer\u00e7ants \u00e0 l\u2019ext\u00e9rieur de Lyon sont en train de se frotter les mains, ils sont d\u00e9bord\u00e9s, et cela, au d\u00e9triment de notre client\u00e8le perdue\u00a0\u00bb, selon le responsable du Caf\u00e9 203.<\/p>\n<p class=\" wall-content\">\n<p>Un habitu\u00e9 des coups d\u2019\u00e9clats<\/p>\n<p class=\" wall-content\">Christophe C\u00e9dat est un habitu\u00e9 des pol\u00e9miques et des coups de buzz pour faire parler de lui et de ses causes. En 2018, il posait dans la presse avec un gilet par-balles pour s\u2019opposer contre l\u2019armement de la police municipale.\u00a0<\/p>\n<p class=\" wall-content\">En 2000, il avait ouvert \u00e0 Lyon le premier caf\u00e9 enti\u00e8rement non-fumeur, Le 100 tabac. Mais en 2008, le m\u00eame g\u00e9rant s\u2019offrait un joli coup de pub en d\u00e9cr\u00e9tant que son \u00e9tablissement principal, le Caf\u00e9 203, resterait lui fumeur, malgr\u00e9 l\u2019interdiction dans les lieux publics et malgr\u00e9 les amendes.<\/p>\n<p class=\" wall-content\">En 2021, il s\u2019opposait au maire <a href=\"https:\/\/actu.fr\/auvergne-rhone-alpes\/lyon_69123\/lyon-gregory-doucet-gagne-en-justice-apres-la-suspension-d-une-salariee-de-creche-accusee-d-attouchements_62497122.html\" rel=\"nofollow noopener\" target=\"_blank\">Gr\u00e9gory Doucet<\/a> en refusant d\u2019appliquer l\u2019interdiction de chauffer sa terrasse, une mesure locale prise par la mairie. En 2023, il installait un faux ralentisseur devant sa terrasse, un trompe-l\u2019\u0153il peint sur la chauss\u00e9e pour d\u00e9noncer le passage de v\u00e9hicules circulant trop rapidement. Le dispositif avait \u00e9t\u00e9 effac\u00e9 par la M\u00e9tropole.\u00a0<\/p>\n<p class=\" wall-content\">Lors du Covid, son \u00e9tablissement a \u00e9t\u00e9 frapp\u00e9 par une fermeture administrative \u00e0 cause d\u2019un d\u00e9jeuner en terrasse organis\u00e9 lors du confinement. Une d\u00e9cision du tribunal avait finalement permis au chef d\u2019entreprise de rouvrir. Il avait install\u00e9 un cercueil devant son caf\u00e9 pour d\u00e9noncer la situation.\u00a0<\/p>\n<p class=\" wall-content\">Le chef d\u2019entreprise n\u2019est pas un inconnu en politique, il avait \u00e9t\u00e9 candidat aux municipales de 2008 dans le 1er arrondissement pour conduire une liste MoDem.<\/p>\n<p class=\" wall-content\">Suivez toute l\u2019actualit\u00e9 de vos villes et m\u00e9dias favoris en vous inscrivant \u00e0 <a href=\"https:\/\/moncompte.actu.fr\" title=\"D\u00e9couvez Mon Actu\" rel=\"nofollow noopener\" data-trk=\"{&quot;cta&quot;:{&quot;action&quot;:&quot;https:\\\/\\\/moncompte.actu.fr&quot;,&quot;category&quot;:&quot;mon compte&quot;,&quot;from&quot;:&quot;article footer&quot;,&quot;name&quot;:&quot;Mon actu&quot;,&quot;type&quot;:&quot;cta&quot;}}\" target=\"_blank\">Mon Actu<\/a>.<\/p>\n","protected":false},"excerpt":{"rendered":"Par Nicolas Zaugra Publi\u00e9 le 18 avr. 2025 \u00e0 11h43 Les travaux en Presqu\u2019\u00eele exasp\u00e8rent bon nombre de&hellip;\n","protected":false},"author":2,"featured_media":36484,"comment_status":"","ping_status":"","sticky":false,"template":"","format":"standard","meta":{"footnotes":""},"categories":[1889],"tags":[1111,11,2430,1777,674,1011,27,5226,2428,12,25,104,2086],"class_list":{"0":"post-36483","1":"post","2":"type-post","3":"status-publish","4":"format-standard","5":"has-post-thumbnail","7":"category-lyon","8":"tag-actu","9":"tag-actualites","10":"tag-auvergne-rhone-alpes","11":"tag-eu","12":"tag-europe","13":"tag-fr","14":"tag-france","15":"tag-gregory-doucet","16":"tag-lyon","17":"tag-news","18":"tag-republique-francaise","19":"tag-societe","20":"tag-travaux"},"share_on_mastodon":{"url":"https:\/\/pubeurope.com\/@fr\/114364632693680381","error":""},"_links":{"self":[{"href":"https:\/\/www.europesays.com\/fr\/wp-json\/wp\/v2\/posts\/36483","targetHints":{"allow":["GET"]}}],"collection":[{"href":"https:\/\/www.europesays.com\/fr\/wp-json\/wp\/v2\/posts"}],"about":[{"href":"https:\/\/www.europesays.com\/fr\/wp-json\/wp\/v2\/types\/post"}],"author":[{"embeddable":true,"href":"https:\/\/www.europesays.com\/fr\/wp-json\/wp\/v2\/users\/2"}],"replies":[{"embeddable":true,"href":"https:\/\/www.europesays.com\/fr\/wp-json\/wp\/v2\/comments?post=36483"}],"version-history":[{"count":0,"href":"https:\/\/www.europesays.com\/fr\/wp-json\/wp\/v2\/posts\/36483\/revisions"}],"wp:featuredmedia":[{"embeddable":true,"href":"https:\/\/www.europesays.com\/fr\/wp-json\/wp\/v2\/media\/36484"}],"wp:attachment":[{"href":"https:\/\/www.europesays.com\/fr\/wp-json\/wp\/v2\/media?parent=36483"}],"wp:term":[{"taxonomy":"category","embeddable":true,"href":"https:\/\/www.europesays.com\/fr\/wp-json\/wp\/v2\/categories?post=36483"},{"taxonomy":"post_tag","embeddable":true,"href":"https:\/\/www.europesays.com\/fr\/wp-json\/wp\/v2\/tags?post=36483"}],"curies":[{"name":"wp","href":"https:\/\/api.w.org\/{rel}","templated":true}]}}