{"id":364830,"date":"2025-09-04T04:24:22","date_gmt":"2025-09-04T04:24:22","guid":{"rendered":"https:\/\/www.europesays.com\/fr\/364830\/"},"modified":"2025-09-04T04:24:22","modified_gmt":"2025-09-04T04:24:22","slug":"les-balades-patrimoniales-un-autre-regard-sur-les-quartiers-nantais","status":"publish","type":"post","link":"https:\/\/www.europesays.com\/fr\/364830\/","title":{"rendered":"Les balades patrimoniales\u00a0: un autre regard sur les quartiers nantais"},"content":{"rendered":"<p>Il est 10 h en ce samedi de juillet, et autour de la salle municipale Radar Pin-Sec, \u00e0 l\u2019est de Nantes, une vingtaine de curieux et curieuses patientent. S\u00e9verine Bernier, guide conf\u00e9renci\u00e8re, et Didier Pacary-Charuel, de l\u2019association Clown en Nez Veille, les\u00a0r\u00e9unissent autour d\u2019un triporteur o\u00f9 a\u00a0\u00e9t\u00e9 install\u00e9 un plan ancien du quartier Botti\u00e8re-Pin Sec. \u00c0 suivre : 2 kilom\u00e8tres de balade entre les tours et les espaces publics, pour d\u00e9couvrir l\u2019histoire de ces rues au gr\u00e9 des archives, des anecdotes et des t\u00e9moignages sonores.<\/p>\n<p>Une cinquantaine de balades patrimoniales ont \u00e9t\u00e9 propos\u00e9es \u00e0 l\u2019\u00e9t\u00e9 2025 par des directions municipales, dont une petite dizaine en lien avec l\u2019<a href=\"https:\/\/lesherons.com\/\" rel=\"nofollow noopener\" target=\"_blank\">association les H\u00e9rons<\/a>. Habitants et collectifs locaux y tiennent une place de choix.<\/p>\n<p>\u00ab\u00a0 D\u00e9passer les\u00a0pr\u00e9jug\u00e9s\u00a0\u00bb<\/p>\n<p>L\u2019id\u00e9e est n\u00e9e en 2019 : pourquoi ne pas prolonger la ligne verte dans les\u00a0quartiers populaires ? \u00ab\u00a0Souvent, les r\u00e9cits touristiques se concentrent sur le centre historique, comme si les autres quartiers n\u2019avaient pas d\u2019histoire, pointe Mathias Mary, pr\u00e9sident des H\u00e9rons. Ces lieux regorgent pourtant d\u2019un patrimoine historique, culturel, naturel, d\u2019une grande richesse. \u00bb<\/p>\n<p>Virginie, short et lunettes de soleil, ne part pas en vacances cette ann\u00e9e. Elle a choisi de mettre ce temps \u00e0 profit pour en apprendre un peu plus sur les quartiers de sa ville. Philippe, sac sur le dos, prend des notes. Il a habit\u00e9 Pin-Sec pendant pr\u00e8s de trente ans et souhaitait partager ses souvenirs. \u00ab Il y a ici beaucoup de vie et un tissu associatif fort, assure-t-il. Conna\u00eetre l\u2019histoire permet de d\u00e9passer les\u00a0pr\u00e9jug\u00e9s sur les quartiers.\u00a0\u00bb<\/p>\n<p>\u00c9motions et convivialit\u00e9<\/p>\n<p>Quand S\u00e9verine Bernier montre la\u00a0photo, d\u00e9nich\u00e9e aux Archives de Nantes, d\u2019une ferme situ\u00e9e le long d\u2019un\u00a0chemin devenu aujourd\u2019hui la rue passante de la Botti\u00e8re, une participante reconna\u00eet avec \u00e9motion la\u00a0maison de ses grands-parents. \u00ab\u00a0Chaque balade r\u00e9serve des surprises, se r\u00e9jouit la guide. J\u2019aime que l\u2019on fasse vivre la m\u00e9moire du 20e si\u00e8cle, que l\u2019on donne la parole \u00e0 celles et ceux qui peuvent t\u00e9moigner de\u00a0leur enfance, leur jeunesse ici. C\u2019est une\u00a0mani\u00e8re de faire dialoguer l\u2019histoire collective et les\u00a0r\u00e9cits individuels. \u00bb<\/p>\n<p>L\u2019excursion se termine dans une ambiance festive au parc potager du Croissant, autour de grillades pr\u00e9par\u00e9es par l\u2019association 123 Bo Soleil. Un beau moyen de faire rimer savoir, m\u00e9moire et convivialit\u00e9<\/p>\n","protected":false},"excerpt":{"rendered":"Il est 10 h en ce samedi de juillet, et autour de la salle municipale Radar Pin-Sec, \u00e0&hellip;\n","protected":false},"author":2,"featured_media":363025,"comment_status":"","ping_status":"","sticky":false,"template":"","format":"standard","meta":{"footnotes":""},"categories":[2818],"tags":[1111,11,1777,674,1011,27,766,12,2636,25],"class_list":{"0":"post-364830","1":"post","2":"type-post","3":"status-publish","4":"format-standard","5":"has-post-thumbnail","7":"category-nantes","8":"tag-actu","9":"tag-actualites","10":"tag-eu","11":"tag-europe","12":"tag-fr","13":"tag-france","14":"tag-nantes","15":"tag-news","16":"tag-pays-de-la-loire","17":"tag-republique-francaise"},"share_on_mastodon":{"url":"https:\/\/pubeurope.com\/@fr\/115144128517951648","error":""},"_links":{"self":[{"href":"https:\/\/www.europesays.com\/fr\/wp-json\/wp\/v2\/posts\/364830","targetHints":{"allow":["GET"]}}],"collection":[{"href":"https:\/\/www.europesays.com\/fr\/wp-json\/wp\/v2\/posts"}],"about":[{"href":"https:\/\/www.europesays.com\/fr\/wp-json\/wp\/v2\/types\/post"}],"author":[{"embeddable":true,"href":"https:\/\/www.europesays.com\/fr\/wp-json\/wp\/v2\/users\/2"}],"replies":[{"embeddable":true,"href":"https:\/\/www.europesays.com\/fr\/wp-json\/wp\/v2\/comments?post=364830"}],"version-history":[{"count":0,"href":"https:\/\/www.europesays.com\/fr\/wp-json\/wp\/v2\/posts\/364830\/revisions"}],"wp:featuredmedia":[{"embeddable":true,"href":"https:\/\/www.europesays.com\/fr\/wp-json\/wp\/v2\/media\/363025"}],"wp:attachment":[{"href":"https:\/\/www.europesays.com\/fr\/wp-json\/wp\/v2\/media?parent=364830"}],"wp:term":[{"taxonomy":"category","embeddable":true,"href":"https:\/\/www.europesays.com\/fr\/wp-json\/wp\/v2\/categories?post=364830"},{"taxonomy":"post_tag","embeddable":true,"href":"https:\/\/www.europesays.com\/fr\/wp-json\/wp\/v2\/tags?post=364830"}],"curies":[{"name":"wp","href":"https:\/\/api.w.org\/{rel}","templated":true}]}}