{"id":364831,"date":"2025-09-04T04:25:14","date_gmt":"2025-09-04T04:25:14","guid":{"rendered":"https:\/\/www.europesays.com\/fr\/364831\/"},"modified":"2025-09-04T04:25:14","modified_gmt":"2025-09-04T04:25:14","slug":"sur-la-rive-droite-de-bordeaux-des-chantiers-pionniers-en-economie-circulaire-et-en-reemploi","status":"publish","type":"post","link":"https:\/\/www.europesays.com\/fr\/364831\/","title":{"rendered":"sur la rive droite de Bordeaux, des chantiers pionniers en \u00e9conomie circulaire et en r\u00e9emploi"},"content":{"rendered":"<p>Octobre 2024. Dans le cadre du projet de renouvellement urbain du quartier Dravemont \u00e0 Floirac, le bailleur Aquitanis proc\u00e8de \u00e0 la d\u00e9molition des 17\u00a0logements du Clos des Vergnes. Le mot \u00ab\u00a0d\u00e9construction\u00a0\u00bb semble cependant plus adapt\u00e9 \u00e0 la man\u0153uvre, quand on voit les Compagnons b\u00e2tisseurs, entreprise d\u2019insertion, empiler les 400\u00a0m\u00b2 de tuiles de l\u2019\u00e9difice, avant de les nettoyer et de les empaqueter. Via une convention de don, 2\u00a0880 d\u2019entre elles (soit l\u2019\u00e9quivalent de 12\u00a0palettes) sont parties quelques semaines plus tard \u00e0 Bassens, sur les boxes techniques du si\u00e8ge de Coop &amp; Bat, coop\u00e9rative d\u2019\u00e9co-constructeurs. Le reste a \u00e9t\u00e9 stock\u00e9 par Aquitanis sur sa plateforme de r\u00e9emploi Nestor \u00e0 Floirac.<\/p>\n<p>        <img decoding=\"async\" id=\"25705062\" src=\"https:\/\/www.europesays.com\/fr\/wp-content\/uploads\/2025\/09\/bassens-octobre-2024-julie-grabot-maitre-douvrage-du-chantier-du-siege-de-la-cooperative-coopbat-dev.jpeg\" alt=\"Julie Grabot, ma\u00eetre d\u2019ouvrage du chantier du si\u00e8ge de la coop\u00e9rative Coop &amp; Bat, lors de la r\u00e9cup\u00e9ration des tuiles floiracaises.\" itemprop=\"contentURL\"\/><\/p>\n<p>    Julie Grabot, ma\u00eetre d\u2019ouvrage du chantier du si\u00e8ge de la coop\u00e9rative Coop &amp; Bat, lors de la r\u00e9cup\u00e9ration des tuiles floiracaises.<\/p>\n<p>Y.\u00a0D.<\/p>\n<p>La coop\u00e9rative a aussi r\u00e9cup\u00e9r\u00e9 des sanitaires et des volets de la r\u00e9sidence Laffue, d\u00e9construite par Domofrance \u00e0 quelques centaines de m\u00e8tres de l\u00e0. Les pav\u00e9s sous la pergola arrivent, eux, d\u2019un chantier de Pessac via la plateforme de stockage du d\u00e9molisseur priv\u00e9 Valodem. Un concentr\u00e9 de pratiques vertueuses et bient\u00f4t incontournables, au regard de l\u2019\u00e9tat des ressources et du climat, poussant au maximum le curseur de l\u2019\u00e9conomie circulaire et le r\u00e9emploi. Et qui sont l\u2019objet d\u2019une charte d\u2019engagement, r\u00e9cemment sign\u00e9e par huit\u00a0acteurs de la construction et de l\u2019am\u00e9nagement \u00e0 l\u2019\u00e9chelle de la m\u00e9tropole bordelaise.<\/p>\n<p>Mettre en place des r\u00e9flexes<\/p>\n<p>Si la Fabrique de Bordeaux M\u00e9tropole (Fab), une soci\u00e9t\u00e9 publique locale charg\u00e9e de la mise en \u0153uvre du programme \u00ab\u00a0Habiter, s\u2019\u00e9panouir\u00a0\u00bb, et sa Base du r\u00e9emploi \u00e0 M\u00e9rignac ont \u00e9t\u00e9 aussi des pionniers sur la rive gauche, les nombreux enjeux et chantiers de renouvellement urbain de l\u2019autre c\u00f4t\u00e9 de la Garonne sont le cadre d\u2019exp\u00e9rimentations devenues progressivement culture, syst\u00e8me et r\u00e9flexes. Dans le quartier Palmer \u00e0 Cenon, Domofrance \u00ab\u00a0d\u00e9molit\/reconstruit\u00a0\u00bb des centaines d\u2019habitations\u00a0: \u00ab\u00a0Dans les logements d\u00e9construits, nous avons r\u00e9cup\u00e9r\u00e9 lavabos, douches, \u00e9viers, baignoires et WC que nous avons confi\u00e9s \u00e0 l\u2019entreprise Favre, sp\u00e9cialement form\u00e9e, explique Fred Andr\u00e9, directeur des projets de r\u00e9habilitation. Les visiteurs de l\u2019appartement t\u00e9moin ne se sont absolument pas aper\u00e7us que ces \u00e9l\u00e9ments \u00e9taient issus du r\u00e9emploi.\u00a0\u00bb<\/p>\n<p>De ces appartements, 900\u00a0m lin\u00e9aires de garde-corps seront r\u00e9utilis\u00e9s, ainsi que 95\u00a0% des faux plafonds des coursives. Idem pour ce qui est la r\u00e9sidence Henri-Sellier sur le Bas-Cenon (deux\u00a0tours sur trois d\u00e9molies) ou encore les d\u00e9constructions des r\u00e9sidences Laffue et Montand \u00e0 Bassens. Les mat\u00e9riaux d\u00e9pos\u00e9s (b\u00e9ton, bois, poutres) attendent, \u00e0 quelques centaines de m\u00e8tres sur la plateforme d\u2019activit\u00e9s InnoGaronne, d\u2019int\u00e9grer la construction de nouveaux logements tout aussi bassenais.<\/p>\n<blockquote><p>\u00ab\u00a0\u00c9conomie circulaire et r\u00e9emploi ne sont pas une option, ils sont une solution\u00a0\u00bb<\/p><\/blockquote>\n<p>        <img decoding=\"async\" id=\"25705242\" src=\"https:\/\/www.europesays.com\/fr\/wp-content\/uploads\/2025\/09\/avril-2025-bordeaux-benauge-demolition-du-college-ellul.jpg\" alt=\"La d\u00e9molition d\u2019un des deux\u00a0b\u00e2timents du coll\u00e8ge Jacques-Ellul \u00e0 La Benauge en avril.\" itemprop=\"contentURL\"\/><\/p>\n<p>    La d\u00e9molition d\u2019un des deux\u00a0b\u00e2timents du coll\u00e8ge Jacques-Ellul \u00e0 La Benauge en avril.<\/p>\n<p>Y.\u00a0D.<\/p>\n<p>    15 op\u00e9rations pilotes<\/p>\n<p>\u00ab\u00a0Nous exp\u00e9rimentons cette d\u00e9marche sur 15\u00a0op\u00e9rations pilotes\u00a0\u00bb, renseigne Oriane Hommet, cheffe de projet en \u00e9conomie circulaire au <a href=\"https:\/\/www.gpvrivedroite.fr\/\" target=\"_blank\" rel=\"nofollow noopener\">Grand Projet des Villes (GPV) rive droite<\/a>, groupement d\u2019int\u00e9r\u00eat public accompagnant quatre\u00a0villes du territoire (1) sur et autour des projets de renouvellement urbain. Cinq\u00a0projets urbains et un gisement de 920\u00a0000\u00a0tonnes de mat\u00e9riaux issus des chantiers, doivent ainsi \u00eatre mis en corr\u00e9lation avec les 25\u00a0000 logements \u00e0 construire dans les vingt\u00a0ann\u00e9es \u00e0 venir. Depuis 2020, au sein de<a href=\"https:\/\/www.gpvrivedroite.fr\/action\/economie-circulaire\/\" target=\"_blank\" rel=\"nofollow noopener\"> la d\u00e9marche R\u00e9emploi<\/a>, Bordeaux M\u00e9tropole, Aquitanis, M\u00e9solia (avec r\u00e9cemment l\u2019appui de l\u2019\u00c9tablissement public foncier) et <a href=\"https:\/\/www.neo-eco.fr\/fr\" target=\"_blank\" rel=\"nofollow noopener\">le cabinet d\u2019\u00e9tudes Neo-eco<\/a> s\u2019attellent \u00e0 valoriser les mat\u00e9riaux issus de ces chantiers en passant par des circuits courts.<\/p>\n<p>        <img decoding=\"async\" id=\"25705255\" src=\"https:\/\/www.europesays.com\/fr\/wp-content\/uploads\/2025\/09\/bordeaux-benauge-2025-college-ellul-deconstruit-stockage-et-reemploi-des-portes.jpg\" alt=\"Des portes du coll\u00e8ge Jacques-Ellul seront r\u00e9utilis\u00e9es pour la biblioth\u00e8que \u00e9ph\u00e9m\u00e8re.\" itemprop=\"contentURL\"\/><\/p>\n<p>    Des portes du coll\u00e8ge Jacques-Ellul seront r\u00e9utilis\u00e9es pour la biblioth\u00e8que \u00e9ph\u00e9m\u00e8re.<\/p>\n<p>Neo-eco<\/p>\n<p>De l\u2019\u00e9cole Albert-Camus \u00e0 Floirac \u00e0 la r\u00e9sidence Madeline \u00e0 Bassens, de la cit\u00e9 Gr\u00e9dy \u00e0 Cenon \u00e0 la galerie commerciale de Floirac-Dravemont, diagnostic, inventaire et plan de r\u00e9emploi sont d\u00e9clin\u00e9s sur ces 15\u00a0sites. Dans le quartier de la Benauge \u00e0 Floirac, l\u2019ancien coll\u00e8ge Jacques-Ellul a aussi valeur d\u2019exemple. Sur la premi\u00e8re moiti\u00e9 tomb\u00e9e \u00e0 la fin du printemps, faux plafonds, sanitaires, radiateurs, luminaires, portes ou bois d\u2019un pr\u00e9au ont \u00e9t\u00e9 stock\u00e9s dans la base vie du chantier. Ils int\u00e9greront la r\u00e9habilitation de la seconde partie de l\u2019\u00e9tablissement, conserv\u00e9e quelques ann\u00e9es pour accueillir la biblioth\u00e8que du quartier, le guichet France services et la maison du <a href=\"http:\/\/bordeaux-metropole.fr\/metropole\/projets-en-cours\/amenagement-territoire\/grands-projets-damenagement\/projets-4\" target=\"_blank\" rel=\"nofollow noopener\">projet urbain Joliot-Curie<\/a>.<\/p>\n<p>        <img decoding=\"async\" id=\"25705275\" src=\"https:\/\/www.europesays.com\/fr\/wp-content\/uploads\/2025\/09\/aout-2025-bordeaux-benauge-demolition-du-college-ellul.jpg\" alt=\"Sur la partie d\u00e9construite du coll\u00e8ge, un programme de logements \u00e0 venir.\" itemprop=\"contentURL\"\/><\/p>\n<p>    Sur la partie d\u00e9construite du coll\u00e8ge, un programme de logements \u00e0 venir.<\/p>\n<p>Y.\u00a0D.<\/p>\n<p>    Partager les outils<\/p>\n<p>Le GPV a \u00e9dit\u00e9 \u00e0 l\u2019usage des professionnels un \u00ab\u00a0Guide des mat\u00e9riaux de r\u00e9emploi et \u00e9coproduits en fili\u00e8re locale\u00a0\u00bb, un \u00ab\u00a0Guide juridique de r\u00e9emploi des mat\u00e9riaux de construction \u00e0 l\u2019attention des artisans\u00a0\u00bb. \u00c0 cet \u00e9gard, la Chambre des m\u00e9tiers et de l\u2019artisanat <a href=\"https:\/\/www.gpvrivedroite.fr\/2025\/cma-gpv-un-partenariat-pour-lemploi\/\" target=\"_blank\" rel=\"nofollow noopener\">sensibilise ceux de la rive droite quant \u00e0 ces enjeux depuis d\u00e9cembre 2024<\/a>. \u00ab\u00a0Leviers, contraintes, exp\u00e9riences\u00a0: il est fondamental que tous les outils soient partag\u00e9s\u00a0\u00bb, souligne Oriane Hommet. Et Maxime Derrien, le directeur du GPV de se projeter\u00a0: \u00ab\u00a0\u00c9conomie circulaire et r\u00e9emploi ne sont pas une option, ils sont une solution. Et il faut pr\u00e9server du foncier pour accueillir les acteurs de cette fili\u00e8re promise \u00e0 une nouvelle phase\u00a0: l\u2019industrialisation.\u00a0\u00bb<\/p>\n<p>(1) Bassens, Cenon, Floirac et Lormont.<\/p>\n","protected":false},"excerpt":{"rendered":"Octobre 2024. Dans le cadre du projet de renouvellement urbain du quartier Dravemont \u00e0 Floirac, le bailleur Aquitanis&hellip;\n","protected":false},"author":2,"featured_media":364832,"comment_status":"","ping_status":"","sticky":false,"template":"","format":"standard","meta":{"footnotes":""},"categories":[2817],"tags":[1111,11,1997,1777,674,1011,27,12,2219,25],"class_list":{"0":"post-364831","1":"post","2":"type-post","3":"status-publish","4":"format-standard","5":"has-post-thumbnail","7":"category-bordeaux","8":"tag-actu","9":"tag-actualites","10":"tag-bordeaux","11":"tag-eu","12":"tag-europe","13":"tag-fr","14":"tag-france","15":"tag-news","16":"tag-nouvelle-aquitaine","17":"tag-republique-francaise"},"share_on_mastodon":{"url":"https:\/\/pubeurope.com\/@fr\/115144132553895431","error":""},"_links":{"self":[{"href":"https:\/\/www.europesays.com\/fr\/wp-json\/wp\/v2\/posts\/364831","targetHints":{"allow":["GET"]}}],"collection":[{"href":"https:\/\/www.europesays.com\/fr\/wp-json\/wp\/v2\/posts"}],"about":[{"href":"https:\/\/www.europesays.com\/fr\/wp-json\/wp\/v2\/types\/post"}],"author":[{"embeddable":true,"href":"https:\/\/www.europesays.com\/fr\/wp-json\/wp\/v2\/users\/2"}],"replies":[{"embeddable":true,"href":"https:\/\/www.europesays.com\/fr\/wp-json\/wp\/v2\/comments?post=364831"}],"version-history":[{"count":0,"href":"https:\/\/www.europesays.com\/fr\/wp-json\/wp\/v2\/posts\/364831\/revisions"}],"wp:featuredmedia":[{"embeddable":true,"href":"https:\/\/www.europesays.com\/fr\/wp-json\/wp\/v2\/media\/364832"}],"wp:attachment":[{"href":"https:\/\/www.europesays.com\/fr\/wp-json\/wp\/v2\/media?parent=364831"}],"wp:term":[{"taxonomy":"category","embeddable":true,"href":"https:\/\/www.europesays.com\/fr\/wp-json\/wp\/v2\/categories?post=364831"},{"taxonomy":"post_tag","embeddable":true,"href":"https:\/\/www.europesays.com\/fr\/wp-json\/wp\/v2\/tags?post=364831"}],"curies":[{"name":"wp","href":"https:\/\/api.w.org\/{rel}","templated":true}]}}