{"id":364833,"date":"2025-09-04T04:26:09","date_gmt":"2025-09-04T04:26:09","guid":{"rendered":"https:\/\/www.europesays.com\/fr\/364833\/"},"modified":"2025-09-04T04:26:09","modified_gmt":"2025-09-04T04:26:09","slug":"manifestation-greve-blocage-quelles-sont-les-perturbations-attendues-le-10-septembre-a-bordeaux","status":"publish","type":"post","link":"https:\/\/www.europesays.com\/fr\/364833\/","title":{"rendered":"Manifestation, gr\u00e8ve, blocage\u2026 Quelles sont les perturbations attendues le 10 septembre \u00e0 Bordeaux\u00a0?"},"content":{"rendered":"<p>            Par<br \/>\n        <strong><br \/>\n            <a href=\"https:\/\/actu.fr\/auteur\/julian-doubax\" title=\"Consulter tous les articles de Julian Doubax\" target=\"_blank\" rel=\"noopener\">Julian Doubax<\/a><br \/>\n        <\/strong><\/p>\n<p>        Publi\u00e9 le<\/p>\n<p>            4 sept. 2025 \u00e0 6h20        <\/p>\n<p>Le mouvement semble \u00eatre devenu viral. Depuis plusieurs semaines, un appel a \u00e9t\u00e9 lanc\u00e9 sur les <a href=\"https:\/\/actu.fr\/tag\/reseaux-sociaux\" target=\"_blank\" rel=\"noopener\">r\u00e9seaux sociaux<\/a> pour <a href=\"https:\/\/actu.fr\/nouvelle-aquitaine\/bordeaux_33063\/un-arret-total-et-illimite-du-pays-un-appel-a-la-mobilisation-lance-a-bordeaux-voici-ou-et-quand_62950915.html\" target=\"_blank\" rel=\"noopener\">\u00ab\u00a0bloquer le pays\u00a0\u00bb<\/a>\u00a0le mercredi 10 septembre 2025 en r\u00e9action au <strong>plan d\u2019aust\u00e9rit\u00e9 de Fran\u00e7ois Bayrou<\/strong>. \u00c0 quelques jours de la mobilisation, les acteurs se pr\u00e9parent \u00e0 diverses actions dans l\u2019Hexagone. la ville de Bordeaux n\u2019est pas exempt\u00e9e. Gr\u00e8ve, manifestation, blocage\u2026 <a href=\"https:\/\/actu.fr\/bordeaux\/\" target=\"_blank\" rel=\"noopener\">actu Bordeaux<\/a> fait le point sur la <strong>situation<\/strong> dans la m\u00e9tropole bordelaise.<\/p>\n<p>Une pr\u00e9paration minutieuse<\/p>\n<p class=\" wall-content\">Partout en France, des groupes pr\u00e9parent les actions du mouvement du 10 septembre. En Gironde, des voix se sont \u00e9lev\u00e9es pour prendre les r\u00eanes. \u00ab\u2009L\u2019organisation est en cours. Dans la prise de d\u00e9cision, on retrouve des<strong> personnes de diff\u00e9rents milieux sociaux<\/strong>. On a des salari\u00e9s, \u00e9tudiants, cadres, ouvriers, artisans ou encore des commer\u00e7ants\u2009\u00bb, indique <a href=\"https:\/\/actu.fr\/nouvelle-aquitaine\/bordeaux_33063\/gilet-jaune-ancien-candidat-aux-municipales-qui-est-alexandre-chantry-voix-du-10-septembre-en-gironde_63092401.html\" target=\"_blank\" rel=\"noopener\">Alexandre Chantry, l\u2019une des voix du mouvement en Gironde<\/a>.<\/p>\n<p class=\" wall-content\">Pour le moment, les organisateurs restent <strong>discrets<\/strong> sur les actions qui seront r\u00e9alis\u00e9es \u00e0 Bordeaux et dans le d\u00e9partement. Aucune officialisation, aucun lieu de rendez-vous communiqu\u00e9 publiquement ou de parcours de manifestation.<\/p>\n<p class=\" wall-content\">Le flou total ou presque. \u00ab\u2009L\u2019id\u00e9e de base est\u2009: bloquons tout. Des <strong>op\u00e9rations escargots<\/strong> et le <strong>blocage<\/strong> de points strat\u00e9giques peuvent se mettre en place.\u2009\u00bb<\/p>\n<p>Perturbations attendues dans les transports<\/p>\n<p class=\" wall-content\">La journ\u00e9e risque d\u2019\u00eatre mouvement\u00e9e dans les transports en commun sur la m\u00e9tropole bordelaise. Le 1er\u00a0septembre, la<strong> CGT-TBM<\/strong>, a d\u00e9pos\u00e9 un pr\u00e9avis de gr\u00e8ve du 9 septembre \u00e0 3h du matin jusqu\u2019au\u2026 1er\u00a0octobre.<\/p>\n<p class=\" wall-content\">Cela couvre l\u2019ensemble du personnel sur tous les lieux de travail. Des d\u00e9p\u00f4ts en passant par les ateliers et l\u2019administration. Des perturbations sont donc attendues sur le r\u00e9seau TBM.<\/p>\n<p>Les professeurs des \u00e9coles se joignent au mouvement<\/p>\n<p class=\" wall-content\">La FSU-SNipp, syndicat des enseignants du premier degr\u00e9, s\u2019est \u00e9galement jointe au mouvement de contestation. L\u2019organisme d\u00e9nonce le \u00ab\u00a0manque de moyens dans les \u00e9coles en Gironde, les effectifs \u00e9lev\u00e9s et le manque de rempla\u00e7ants\u00a0\u00bb.<\/p>\n<p>Votre r\u00e9gion, votre actu !<\/p>\n<p>Recevez chaque jour les infos qui comptent pour vous.<\/p>\n<p>\t<a href=\"https:\/\/actu.fr\/newsletter\" class=\"ac-btn ac-btn--corner ac-btn--medium ac-btn--blue800\" target=\"_blank\" rel=\"noopener\">S&rsquo;incrire<\/a><\/p>\n<p class=\" wall-content\">Avec la planification de la mobilisation un mercredi, les \u00e9coles primaires ne devraient pas \u00eatre fortement impact\u00e9es car certaines n\u2019ont pas cours ce jour-l\u00e0.<\/p>\n<p class=\" wall-content\">Si l\u2019appel \u00e0 rejoindre le mouvement a \u00e9t\u00e9 effectu\u00e9 assez t\u00f4t, le <strong>taux d\u2019absent\u00e9isme<\/strong> dans les \u00e9tablissements scolaires sera connu la veille voire le jour m\u00eame. <strong>Un rassemblement<\/strong> est pr\u00e9vu \u00e0 11h aux <strong>Quinconces<\/strong>.<\/p>\n<p>Trafic normal pour les trains et avions\u2009?<\/p>\n<p class=\" wall-content\">Petit soulagement du c\u00f4t\u00e9 du transport ferroviaire et a\u00e9rien. Dans un communiqu\u00e9, la CFDT a annonc\u00e9 qu\u2019elle \u00ab\u2009ne se joindra pas \u00e0 ce mouvement de contestation\u2009\u00bb. Pour la branche des cheminots Nouvelle-Aquitaine, il n\u2019y aura donc pas d\u2019appel \u00e0 la gr\u00e8ve le 10\u00a0septembre mais plut\u00f4t le <strong>18\u00a0septembre<\/strong>, date choisie par l\u2019intersyndicale, tout comme le syndicat UNSA-ferroviaire. Toutefois, la CGT et Sud-Rail seront mobilis\u00e9s le 10 septembre.<\/p>\n<p class=\" wall-content\">M\u00eame son de cloche chez les <a href=\"https:\/\/actu.fr\/nouvelle-aquitaine\/bordeaux_33063\/vols-annules-ou-retardes-plusieurs-lignes-impactees-a-l-aeroport-de-bordeaux-en-raison-d-un-mouvement-social_62856241.html\" target=\"_blank\" rel=\"noopener\">contr\u00f4leurs a\u00e9riens<\/a> o\u00f9 le SNCTA, syndicat majoritaire de cette fonction, a d\u00e9pos\u00e9 un pr\u00e9avis de gr\u00e8ve le 18\u00a0septembre. Ce jour-l\u00e0, des vols en partance ou \u00e0 destination de Bordeaux pourraient \u00eatre <strong>annul\u00e9s ou retard\u00e9s.<\/strong><\/p>\n<p class=\" wall-content\">Personnalisez votre actualit\u00e9 en ajoutant vos villes et m\u00e9dias en favori avec <a href=\"https:\/\/moncompte.actu.fr\" title=\"D\u00e9couvez Mon Actu\" rel=\"nofollow noopener\" data-trk=\"{&quot;cta&quot;:{&quot;action&quot;:&quot;https:\\\/\\\/moncompte.actu.fr&quot;,&quot;category&quot;:&quot;mon compte&quot;,&quot;from&quot;:&quot;article footer&quot;,&quot;name&quot;:&quot;Mon actu&quot;,&quot;type&quot;:&quot;cta&quot;}}\" target=\"_blank\">Mon Actu<\/a>.<\/p>\n","protected":false},"excerpt":{"rendered":"Par Julian Doubax Publi\u00e9 le 4 sept. 2025 \u00e0 6h20 Le mouvement semble \u00eatre devenu viral. Depuis plusieurs&hellip;\n","protected":false},"author":2,"featured_media":364834,"comment_status":"","ping_status":"","sticky":false,"template":"","format":"standard","meta":{"footnotes":""},"categories":[2817],"tags":[1111,11,1997,1777,674,1011,27,803,12,2219,25,104,7952,2803],"class_list":{"0":"post-364833","1":"post","2":"type-post","3":"status-publish","4":"format-standard","5":"has-post-thumbnail","7":"category-bordeaux","8":"tag-actu","9":"tag-actualites","10":"tag-bordeaux","11":"tag-eu","12":"tag-europe","13":"tag-fr","14":"tag-france","15":"tag-info-trafic","16":"tag-news","17":"tag-nouvelle-aquitaine","18":"tag-republique-francaise","19":"tag-societe","20":"tag-tbm","21":"tag-transport"},"share_on_mastodon":{"url":"https:\/\/pubeurope.com\/@fr\/115144136110032649","error":""},"_links":{"self":[{"href":"https:\/\/www.europesays.com\/fr\/wp-json\/wp\/v2\/posts\/364833","targetHints":{"allow":["GET"]}}],"collection":[{"href":"https:\/\/www.europesays.com\/fr\/wp-json\/wp\/v2\/posts"}],"about":[{"href":"https:\/\/www.europesays.com\/fr\/wp-json\/wp\/v2\/types\/post"}],"author":[{"embeddable":true,"href":"https:\/\/www.europesays.com\/fr\/wp-json\/wp\/v2\/users\/2"}],"replies":[{"embeddable":true,"href":"https:\/\/www.europesays.com\/fr\/wp-json\/wp\/v2\/comments?post=364833"}],"version-history":[{"count":0,"href":"https:\/\/www.europesays.com\/fr\/wp-json\/wp\/v2\/posts\/364833\/revisions"}],"wp:featuredmedia":[{"embeddable":true,"href":"https:\/\/www.europesays.com\/fr\/wp-json\/wp\/v2\/media\/364834"}],"wp:attachment":[{"href":"https:\/\/www.europesays.com\/fr\/wp-json\/wp\/v2\/media?parent=364833"}],"wp:term":[{"taxonomy":"category","embeddable":true,"href":"https:\/\/www.europesays.com\/fr\/wp-json\/wp\/v2\/categories?post=364833"},{"taxonomy":"post_tag","embeddable":true,"href":"https:\/\/www.europesays.com\/fr\/wp-json\/wp\/v2\/tags?post=364833"}],"curies":[{"name":"wp","href":"https:\/\/api.w.org\/{rel}","templated":true}]}}