{"id":364835,"date":"2025-09-04T04:27:14","date_gmt":"2025-09-04T04:27:14","guid":{"rendered":"https:\/\/www.europesays.com\/fr\/364835\/"},"modified":"2025-09-04T04:27:14","modified_gmt":"2025-09-04T04:27:14","slug":"il-ny-a-meme-plus-de-toit-tout-est-carbonise-aurele-a-tout-perdu-lors-de-lincendie-de-son-appartement-dans-cette-commune-du-nord-de-toulouse","status":"publish","type":"post","link":"https:\/\/www.europesays.com\/fr\/364835\/","title":{"rendered":"\u00ab\u00a0Il n\u2019y a m\u00eame plus de toit, tout est carbonis\u00e9\u00a0\u00bb\u00a0: Aur\u00e8le a tout perdu lors de l\u2019incendie de son appartement dans cette commune du nord de Toulouse"},"content":{"rendered":"<p>\n                                                                    l&rsquo;essentiel<br \/>\n                                                                Aur\u00e8le fait partie des douze personnes \u00e9vacu\u00e9es lors de l\u2019incendie d\u2019un b\u00e2timent \u00e0 Castelnau-d\u2019Estr\u00e9tefonds, au nord de Toulouse, mardi 26\u00a0ao\u00fbt. Quelques jours plus tard, ce jeune homme de 18 ans, venu faire ses \u00e9tudes \u00e0 Toulouse, t\u00e9moigne du choc, mais aussi de l\u2019incroyable soutien qu\u2019il a re\u00e7u depuis l\u2019accident.\n                            <\/p>\n<p>Quelques jours apr\u00e8s l\u2019incendie, Aur\u00e8le est encore sous le choc\u00a0: \u00ab\u00a0C\u2019est bizarre quand on se rem\u00e9more qu\u2019il y a peu de temps, tout \u00e9tait encore l\u00e0. Maintenant, il n\u2019y a m\u00eame plus de toit, tout est carbonis\u00e9\u00a0\u00bb, s\u2019attriste\u00a0le jeune homme de 18 ans. Sa vie a chang\u00e9 du tout au tout depuis que son appartement de Castelnau-d\u2019Estr\u00e9tefonds a disparu dans les flammes dans la nuit du mardi 26\u00a0ao\u00fbt.<\/p>\n<p>        <img decoding=\"async\" class=\"std-img__img responsive-img\" src=\"https:\/\/www.europesays.com\/fr\/wp-content\/uploads\/2025\/09\/1756960033_801_image.jpg\" alt=\"Le toit s\u2019est effondr\u00e9 suite au passage des flammes.\"\/><\/p>\n<p>                Le toit s\u2019est effondr\u00e9 suite au passage des flammes.<br \/>\n                                    DR.<\/p>\n<p>Il est\u00a0un peu plus de 19\u00a0heures quand Aur\u00e8le est alert\u00e9 par une odeur de br\u00fbl\u00e9. C\u2019est alors qu\u2019il aper\u00e7oit de la fum\u00e9e sortir d\u2019une prise fix\u00e9e\u00a0sur le mur de l\u2019appartement mitoyen. \u00ab\u00a0Le d\u00e9clic m\u2019est venu en voyant des flammes se d\u00e9gager du balcon voisin\u00a0\u00bb, se rem\u00e9more le jeune homme. Il a seulement\u00a0le temps de se saisir de son portable et de sa montre avant de s\u2019extraire de l\u2019appartement, sans m\u00eame avoir pu enfiler des chaussures.<\/p>\n<p class=\"std-elt__inline\">\n        <strong>\u00c0 lire aussi :<\/strong><br \/>\n        <a href=\"https:\/\/www.ladepeche.fr\/2025\/08\/26\/pres-de-toulouse-un-feu-dappartement-se-propage-et-detruit-six-logements-12894854.php\" rel=\"nofollow noopener\" target=\"_blank\">Pr\u00e8s de Toulouse, un feu d\u2019appartement se propage et d\u00e9truit six logements<\/a>\n    <\/p>\n<p>C\u2019est donc pieds nus, install\u00e9 sur le trottoir, qu\u2019Aur\u00e8le constate, impuissant, la lente propagation des flammes.\u00a0Pour lors, il ignore encore ce qui a provoqu\u00e9 un tel incendie.<\/p>\n<p>\u00ab\u00a0J\u2019aurais d\u00fb r\u00e9cup\u00e9rer plus d\u2019affaires\u00a0\u00bb<\/p>\n<p>Aur\u00e8le a presque tout perdu dans l\u2019incendie, mais il est surtout marqu\u00e9 par la perte d\u2019une guitare et d\u2019un violon qu\u2019il a lui-m\u00eame fabriqu\u00e9s lors de sa formation de lutherie, pour laquelle il a d\u00e9m\u00e9nag\u00e9 de la r\u00e9gion lyonnaise \u00e0 Toulouse.\u00a0\u00ab\u00a0J\u2019aurais d\u00fb r\u00e9cup\u00e9rer plus d\u2019affaires en sortant. Entre mon d\u00e9part et le moment o\u00f9 mon appartement a pris\u00a0feu, il s\u2019est \u00e9coul\u00e9 un sacr\u00e9 laps de temps\u00a0\u00bb, culpabilise-t-il.<\/p>\n<p>        <img decoding=\"async\" class=\"std-img__img responsive-img\" src=\"https:\/\/www.europesays.com\/fr\/wp-content\/uploads\/2025\/09\/1756960034_348_image.jpg\" alt=\"Aur\u00e8le n\u2019a pu r\u00e9cup\u00e9rer qu\u2019un vinyle de son impressionnante collection.\"\/><\/p>\n<p>                Aur\u00e8le n\u2019a pu r\u00e9cup\u00e9rer qu\u2019un vinyle de son impressionnante collection.<br \/>\n                                    DR.<\/p>\n<p>Le lendemain du drame, Aur\u00e8le a pu bri\u00e8vement retourner sur les lieux. Un moyen de r\u00e9cup\u00e9rer les quelques affaires qui n\u2019ont pas encore p\u00e9ri dans les flammes, de constater les d\u00e9g\u00e2ts mais aussi et surtout d\u2019entamer\u00a0le deuil d\u2019une partie de sa vie. \u00ab\u00a0J\u2019avais peur qu\u2019on ne me laisse plus jamais y retourner. C\u2019\u00e9tait important pour moi de vraiment me rendre compte de ce qu\u2019\u00e9tait devenu mon appartement\u00a0\u00bb, se confie-t-il.<\/p>\n<p>Un retour \u00e0 la norme sem\u00e9 d\u2019emb\u00fbches<\/p>\n<p>Malgr\u00e9 la stupeur, ce passionn\u00e9 de musique se remet doucement de son traumatisme, bien aid\u00e9 par la vague de soutien qu\u2019il a re\u00e7ue, de la part de ses proches mais \u00e9galement d\u2019inconnus. \u00ab\u00a0J\u2019ai toujours des coups de mou quand je repense \u00e0 ce que j\u2019ai perdu. Mais bon, j\u2019ai un toit gr\u00e2ce \u00e0 ma copine, de quoi manger et\u00a0\u00e0 peu pr\u00e8s de quoi m\u2019habiller\u00a0\u00bb, relativise-t-il.\u00a0D\u2019autant plus qu\u2019Aur\u00e8le retrouve petit \u00e0 petit un semblant de normalit\u00e9 dans son quotidien. Le jeune adulte a eu la bonne surprise de constater que quelques affaires de sport \u00e9taient miraculeusement rest\u00e9es intactes. Alors ce joueur du club de handball du Fenix a d\u00e9cid\u00e9 de reprendre l\u2019entra\u00eenement collectif. \u00ab\u00a0J\u2019avais besoin de voir des gens et de reprendre le sport. \u00c7a fait du bien d\u2019ext\u00e9rioriser\u00a0\u00bb, explique-t-il.<\/p>\n<p>        <img decoding=\"async\" class=\"std-img__img responsive-img\" src=\"https:\/\/www.europesays.com\/fr\/wp-content\/uploads\/2025\/09\/1756960034_843_image.jpg\" alt=\"L\u2019ancienne cuisine d\u2019Aur\u00e8le est d\u00e9sormais m\u00e9connaissable.\"\/><\/p>\n<p>                L\u2019ancienne cuisine d\u2019Aur\u00e8le est d\u00e9sormais m\u00e9connaissable.<br \/>\n                                    DR.<\/p>\n<p>Pourtant, les difficult\u00e9s pour Aur\u00e8le et sa famille ne font que commencer. Suite au sinistre, leur assurance affirme que leur contrat d\u2019habitation \u00e9tait arriv\u00e9 \u00e0 son terme deux jours seulement avant l\u2019incendie. Un coup du sort que la m\u00e8re d\u2019Aur\u00e8le n\u2019associe pas qu\u2019au hasard. \u00ab\u00a0Nous n\u2019avions jamais\u00a0\u00e9t\u00e9 pr\u00e9venus que le contrat n\u2019\u00e9tait pas automatiquement reconduit. Je suis tr\u00e8s\u00a0en col\u00e8re et je compte porter r\u00e9clamation parce qu\u2019il y a un vrai d\u00e9faut d\u2019information\u00a0\u00bb, d\u00e9plore-t-elle.<\/p>\n<p class=\"std-elt__inline\">\n        <strong>\u00c0 lire aussi :<\/strong><br \/>\n        <a href=\"https:\/\/www.ladepeche.fr\/2025\/08\/28\/incendie-steve-chef-cuisinier-redoute-de-ne-pas-etre-indemnise-12897271.php\" rel=\"nofollow noopener\" target=\"_blank\">Incendie : Steve, chef cuisinier, redoute de ne pas \u00eatre indemnis\u00e9<\/a>\n    <\/p>\n<p>Alors face \u00e0 l\u2019inaction des assurances, ses adelphes d\u00e9cident de cr\u00e9er une cagnotte pour lui donner les moyens de se reconstruire. Plus de 5\u00a0000\u00a0euros ont d\u00e9j\u00e0 \u00e9t\u00e9 r\u00e9colt\u00e9s. \u00ab\u00a0Sachant que j\u2019\u00e9tais en recherche de travail, je vais utiliser cet argent pour me louer un \u00e9tabli et\u00a0recommencer mon activit\u00e9\u00a0\u00bb, explique-t-il.<\/p>\n","protected":false},"excerpt":{"rendered":"l&rsquo;essentiel Aur\u00e8le fait partie des douze personnes \u00e9vacu\u00e9es lors de l\u2019incendie d\u2019un b\u00e2timent \u00e0 Castelnau-d\u2019Estr\u00e9tefonds, au nord de&hellip;\n","protected":false},"author":2,"featured_media":364836,"comment_status":"","ping_status":"","sticky":false,"template":"","format":"standard","meta":{"footnotes":""},"categories":[2816],"tags":[1111,11,1777,674,1011,27,12,2680,25,2312],"class_list":{"0":"post-364835","1":"post","2":"type-post","3":"status-publish","4":"format-standard","5":"has-post-thumbnail","7":"category-toulouse","8":"tag-actu","9":"tag-actualites","10":"tag-eu","11":"tag-europe","12":"tag-fr","13":"tag-france","14":"tag-news","15":"tag-occitanie","16":"tag-republique-francaise","17":"tag-toulouse"},"share_on_mastodon":{"url":"https:\/\/pubeurope.com\/@fr\/115144140142606087","error":""},"_links":{"self":[{"href":"https:\/\/www.europesays.com\/fr\/wp-json\/wp\/v2\/posts\/364835","targetHints":{"allow":["GET"]}}],"collection":[{"href":"https:\/\/www.europesays.com\/fr\/wp-json\/wp\/v2\/posts"}],"about":[{"href":"https:\/\/www.europesays.com\/fr\/wp-json\/wp\/v2\/types\/post"}],"author":[{"embeddable":true,"href":"https:\/\/www.europesays.com\/fr\/wp-json\/wp\/v2\/users\/2"}],"replies":[{"embeddable":true,"href":"https:\/\/www.europesays.com\/fr\/wp-json\/wp\/v2\/comments?post=364835"}],"version-history":[{"count":0,"href":"https:\/\/www.europesays.com\/fr\/wp-json\/wp\/v2\/posts\/364835\/revisions"}],"wp:featuredmedia":[{"embeddable":true,"href":"https:\/\/www.europesays.com\/fr\/wp-json\/wp\/v2\/media\/364836"}],"wp:attachment":[{"href":"https:\/\/www.europesays.com\/fr\/wp-json\/wp\/v2\/media?parent=364835"}],"wp:term":[{"taxonomy":"category","embeddable":true,"href":"https:\/\/www.europesays.com\/fr\/wp-json\/wp\/v2\/categories?post=364835"},{"taxonomy":"post_tag","embeddable":true,"href":"https:\/\/www.europesays.com\/fr\/wp-json\/wp\/v2\/tags?post=364835"}],"curies":[{"name":"wp","href":"https:\/\/api.w.org\/{rel}","templated":true}]}}