{"id":364837,"date":"2025-09-04T04:28:16","date_gmt":"2025-09-04T04:28:16","guid":{"rendered":"https:\/\/www.europesays.com\/fr\/364837\/"},"modified":"2025-09-04T04:28:16","modified_gmt":"2025-09-04T04:28:16","slug":"un-des-plus-grands-axes-de-toulouse-est-en-train-de-changer","status":"publish","type":"post","link":"https:\/\/www.europesays.com\/fr\/364837\/","title":{"rendered":"un des plus grands axes de Toulouse est en train de changer"},"content":{"rendered":"<p>            Par<br \/>\n        <strong><br \/>\n            <a href=\"https:\/\/actu.fr\/auteur\/lea-afonso\" title=\"Consulter tous les articles de L\u00e9a Afonso\" target=\"_blank\" rel=\"noopener\">L\u00e9a Afonso<\/a><br \/>\n        <\/strong><\/p>\n<p>        Publi\u00e9 le<\/p>\n<p>            4 sept. 2025 \u00e0 6h02        <\/p>\n<p>Le d\u00e9ploiement du <strong>R\u00e9seau Express V\u00e9lo (REV)<\/strong> continue de <a href=\"https:\/\/actu.fr\/toulouse\/\" target=\"_blank\" rel=\"noopener\">transformer<\/a> Toulouse et sa m\u00e9tropole. Ce vaste projet, qui doit \u00e0 terme quadriller l\u2019agglom\u00e9ration de pistes cyclables s\u00e9curis\u00e9es et continues, progresse tron\u00e7on par tron\u00e7on. En ce d\u00e9but septembre\u00a02025, focus sur le <strong>REV n\u00b011<\/strong>, et plus pr\u00e9cis\u00e9ment sur la portion situ\u00e9e<strong> entre la Patte d\u2019Oie et la Cartoucherie. <\/strong>Dans un quartier en plein bouleversement, l\u2019un des plus grands axes de Toulouse est en train de changer. Les images.<\/p>\n<p>Une art\u00e8re structurante<\/p>\n<p class=\" wall-content\">Le REV n\u00b011 constitue l\u2019un des axes majeurs du futur r\u00e9seau. Long de plusieurs dizaines de kilom\u00e8tres, il reliera \u00e0 terme Quint-Fonsegrives, \u00e0 l\u2019est, \u00e0 Brax-L\u00e9guevin, \u00e0 l\u2019ouest, en traversant notamment<strong> l\u2019avenue de Grande-Bretagne<\/strong>. Sur une section de <strong>2,1\u00a0km<\/strong>, entre le boulevard Jean-Brunhes et la place Baylac, deux nouvelles pistes cyclables monodirectionnelles sont en cours d\u2019am\u00e9nagement de part et d\u2019autre de la chauss\u00e9e.<\/p>\n<p>    <a href=\"https:\/\/www.google.com\/maps\/embed?pb=!1m14!1m12!1m3!1d3640.230869421003!2d1.416160312200558!3d43.60126949326753!2m3!1f0!2f0!3f0!3m2!1i1024!2i768!4f13.1!5e0!3m2!1sfr!2sfr!4v1756820328455!5m2!1sfr!2sfr\" title=\"Ouvrie le lien\" target=\"_blank\" rel=\"noopener\">Cliquez ici pour visualiser le contenu<\/a><\/p>\n<p>Un premier tron\u00e7on d\u00e9j\u00e0 praticable<\/p>\n<p class=\" wall-content\">Bonne nouvelle pour les cyclistes\u2009: une <strong>partie<\/strong> de la piste est<strong> d\u00e9j\u00e0 termin\u00e9e<\/strong> dans le sens Patte d\u2019Oie \u2013 Cartoucherie. Rev\u00eatue d\u2019un enrob\u00e9 rouge, large de deux m\u00e8tres, s\u00e9par\u00e9e du stationnement par une petite bordure et bord\u00e9e d\u2019un trottoir r\u00e9nov\u00e9, elle offre un confort et une s\u00e9curit\u00e9 bien sup\u00e9rieurs \u00e0 l\u2019ancienne configuration. R\u00e9sultat\u2009: elle est<strong> d\u00e9j\u00e0 emprunt\u00e9e<\/strong>, <a href=\"https:\/\/actu.fr\/occitanie\/toulouse_31555\/toulouse-en-travaux-cette-grande-avenue-de-la-rive-gauche-accueille-de-nouvelles-pistes-cyclables_62579951.html\" target=\"_blank\" rel=\"noopener\">comme l\u2019avait soulign\u00e9 Toulouse M\u00e9tropole il y a quelques semaines<\/a>.<\/p>\n<p>    <img   decoding=\"async\" loading=\"lazy\" src=\"https:\/\/www.europesays.com\/fr\/wp-content\/uploads\/2025\/09\/piste-cyclable-2-960x640.jpg\" alt=\"Une portion de ce REV est d\u00e9j\u00e0 termin\u00e9e entre la Patte d'Oie et la Cartoucherie. \" width=\"960\" height=\"640\"\/><br \/>\n    Une portion de ce REV est d\u00e9j\u00e0 termin\u00e9e entre la Patte d\u2019Oie et la Cartoucherie. (\u00a9L\u00e9a Afonso \/ Actu Toulouse)Des am\u00e9nagements toujours en cours<\/p>\n<p class=\" wall-content\">Mais cette continuit\u00e9 est encore en pointill\u00e9\u2026<\/p>\n<p>    <img   decoding=\"async\" loading=\"lazy\" src=\"https:\/\/www.europesays.com\/fr\/wp-content\/uploads\/2025\/09\/piste-cyclable-7-960x640.jpg\" alt=\"Une piste qui s'arr\u00eate en raison de travaux toujours en cours. \" width=\"960\" height=\"640\"\/><br \/>\n    Une piste qui s\u2019arr\u00eate en raison de travaux toujours en cours. (\u00a9L\u00e9a Afonso \/ Actu Toulouse)<\/p>\n<p>Votre r\u00e9gion, votre actu !<\/p>\n<p>Recevez chaque jour les infos qui comptent pour vous.<\/p>\n<p>\t<a href=\"https:\/\/actu.fr\/newsletter\" class=\"ac-btn ac-btn--corner ac-btn--medium ac-btn--blue800\" target=\"_blank\" rel=\"noopener\">S&rsquo;incrire<\/a><\/p>\n<p class=\" wall-content\">Arriv\u00e9 \u00e0 la rue Dufaur de Pibrac, la <strong>piste s\u2019interrompt<\/strong> brusquement\u2009: les travaux n\u2019\u00e9tant pas achev\u00e9s, les cyclistes doivent<strong> faire un d\u00e9tour<\/strong> en passant par un cheminement pi\u00e9ton avant de retrouver le REV \u00e0 hauteur de la rue de Truenne.<\/p>\n<p>    <img   decoding=\"async\" loading=\"lazy\" src=\"https:\/\/www.europesays.com\/fr\/wp-content\/uploads\/2025\/09\/piste-cyclable-9-960x640.jpg\" alt=\"Apr\u00e8s un petit sas de gravier au sol, le REV reprend.\" width=\"960\" height=\"640\"\/><br \/>\n    Apr\u00e8s un petit sas de gravier au sol, le REV reprend. (\u00a9L\u00e9a Afonso \/ Actu Toulouse)<\/p>\n<p class=\" wall-content\">La m\u00eame situation se r\u00e9p\u00e8te plus loin, au niveau de la rue<strong> Bertrand Massoni\u00e9<\/strong>, o\u00f9 la piste <strong>s\u2019interrompt<\/strong> \u00e0 nouveau faute d\u2019am\u00e9nagement finalis\u00e9.<\/p>\n<p>    <img   decoding=\"async\" loading=\"lazy\" src=\"https:\/\/www.europesays.com\/fr\/wp-content\/uploads\/2025\/09\/piste-cyclable-10-960x640.jpg\" alt=\"Pass\u00e9 la rue Bertrand Massoni\u00e9, le EV n'est pas encore construit. \" width=\"960\" height=\"640\"\/><br \/>\n    Pass\u00e9 la rue Bertrand Massoni\u00e9, le REV n\u2019est pas encore construit. (\u00a9L\u00e9a Afonso \/ Actu Toulouse)De la Cartoucherie \u00e0 Patte d\u2019Oie<\/p>\n<p class=\" wall-content\">Dans le sens Cartoucherie \u2013 Patte d\u2019Oie, il faudra attendre encore un peu. Ici, le chantier bat son plein\u2009: la <strong>piste<\/strong> n\u2019est<strong> pas encore trac\u00e9e<\/strong> et la circulation motoris\u00e9e a \u00e9t\u00e9 provisoirement d\u00e9vi\u00e9e sur la voie de bus \u2013 \u00e0 droite. R\u00e9sultat\u2009: <strong>bus, voitures et cyclistes cohabitent<\/strong> pour l\u2019instant sur la m\u00eame chauss\u00e9e. Les trottoirs sont, eux aussi, en cours de r\u00e9fection, actuellement recouverts de terre.<\/p>\n<p>    <img   decoding=\"async\" loading=\"lazy\" src=\"https:\/\/www.europesays.com\/fr\/wp-content\/uploads\/2025\/09\/piste-cyclable-12-960x640.jpg\" alt=\"Dans le sens Cartoucherie - Patte d'Oie, la piste n'est pas encore cr\u00e9\u00e9. \" width=\"960\" height=\"640\"\/><br \/>\n    Dans le sens Cartoucherie \u2013 Patte d\u2019Oie, la piste n\u2019est pas encore cr\u00e9\u00e9e. (\u00a9L\u00e9a Afonso \/ Actu Toulouse)<\/p>\n<p class=\" wall-content\">\u00c0 terme, cette portion accueillera une voie bus partag\u00e9e avec une piste cyclable, tandis que de nouveaux<strong> espaces verts et des feux signal\u00e9tiques<\/strong> viendront compl\u00e9ter l\u2019am\u00e9nagement comme<a href=\"https:\/\/actu.fr\/occitanie\/toulouse_31555\/toulouse-en-travaux-cette-grande-avenue-de-la-rive-gauche-accueille-de-nouvelles-pistes-cyclables_62579951.html\" target=\"_blank\" rel=\"noopener\"> annonc\u00e9 dans un pr\u00e9c\u00e9dent article<\/a>. La<strong> fin des travaux<\/strong> est pr\u00e9vue pour <strong>d\u00e9cembre\u00a02025.<\/strong><\/p>\n<p class=\" wall-content\">Personnalisez votre actualit\u00e9 en ajoutant vos villes et m\u00e9dias en favori avec <a href=\"https:\/\/moncompte.actu.fr\" title=\"D\u00e9couvez Mon Actu\" rel=\"nofollow noopener\" data-trk=\"{&quot;cta&quot;:{&quot;action&quot;:&quot;https:\\\/\\\/moncompte.actu.fr&quot;,&quot;category&quot;:&quot;mon compte&quot;,&quot;from&quot;:&quot;article footer&quot;,&quot;name&quot;:&quot;Mon actu&quot;,&quot;type&quot;:&quot;cta&quot;}}\" target=\"_blank\">Mon Actu<\/a>.<\/p>\n","protected":false},"excerpt":{"rendered":"Par L\u00e9a Afonso Publi\u00e9 le 4 sept. 2025 \u00e0 6h02 Le d\u00e9ploiement du R\u00e9seau Express V\u00e9lo (REV) continue&hellip;\n","protected":false},"author":2,"featured_media":364838,"comment_status":"","ping_status":"","sticky":false,"template":"","format":"standard","meta":{"footnotes":""},"categories":[2816],"tags":[1111,11,1777,674,1011,27,12,2680,4798,25,104,2312,208],"class_list":{"0":"post-364837","1":"post","2":"type-post","3":"status-publish","4":"format-standard","5":"has-post-thumbnail","7":"category-toulouse","8":"tag-actu","9":"tag-actualites","10":"tag-eu","11":"tag-europe","12":"tag-fr","13":"tag-france","14":"tag-news","15":"tag-occitanie","16":"tag-pistes-cyclables","17":"tag-republique-francaise","18":"tag-societe","19":"tag-toulouse","20":"tag-velo"},"share_on_mastodon":{"url":"https:\/\/pubeurope.com\/@fr\/115144144111094326","error":""},"_links":{"self":[{"href":"https:\/\/www.europesays.com\/fr\/wp-json\/wp\/v2\/posts\/364837","targetHints":{"allow":["GET"]}}],"collection":[{"href":"https:\/\/www.europesays.com\/fr\/wp-json\/wp\/v2\/posts"}],"about":[{"href":"https:\/\/www.europesays.com\/fr\/wp-json\/wp\/v2\/types\/post"}],"author":[{"embeddable":true,"href":"https:\/\/www.europesays.com\/fr\/wp-json\/wp\/v2\/users\/2"}],"replies":[{"embeddable":true,"href":"https:\/\/www.europesays.com\/fr\/wp-json\/wp\/v2\/comments?post=364837"}],"version-history":[{"count":0,"href":"https:\/\/www.europesays.com\/fr\/wp-json\/wp\/v2\/posts\/364837\/revisions"}],"wp:featuredmedia":[{"embeddable":true,"href":"https:\/\/www.europesays.com\/fr\/wp-json\/wp\/v2\/media\/364838"}],"wp:attachment":[{"href":"https:\/\/www.europesays.com\/fr\/wp-json\/wp\/v2\/media?parent=364837"}],"wp:term":[{"taxonomy":"category","embeddable":true,"href":"https:\/\/www.europesays.com\/fr\/wp-json\/wp\/v2\/categories?post=364837"},{"taxonomy":"post_tag","embeddable":true,"href":"https:\/\/www.europesays.com\/fr\/wp-json\/wp\/v2\/tags?post=364837"}],"curies":[{"name":"wp","href":"https:\/\/api.w.org\/{rel}","templated":true}]}}