{"id":364839,"date":"2025-09-04T04:30:42","date_gmt":"2025-09-04T04:30:42","guid":{"rendered":"https:\/\/www.europesays.com\/fr\/364839\/"},"modified":"2025-09-04T04:30:42","modified_gmt":"2025-09-04T04:30:42","slug":"pourquoi-mange-t-on-traditionnellement-des-moules-frites-a-la-braderie-de-lille","status":"publish","type":"post","link":"https:\/\/www.europesays.com\/fr\/364839\/","title":{"rendered":"Pourquoi mange-t-on traditionnellement des moules frites \u00e0 la braderie de Lille ?"},"content":{"rendered":"<p>\n        Plat embl\u00e9matique \u00e0 l\u2019origine incertaine, les moules-frites de la Braderie de Lille cachent une histoire pleine de surprises.    <\/p>\n<p class=\"standard\">Chaque premier week-end de septembre, Lille se transforme en gigantesque<strong> march\u00e9 \u00e0 ciel ouver<\/strong>t, o\u00f9 les tonnes de moules vid\u00e9es s\u2019empilent au coin des trottoirs comme autant de <strong>preuves d\u2019un festin collectif<\/strong>. <\/p>\n<p class=\"standard\">Derri\u00e8re cette<strong> image devenue symbole<\/strong>, la r\u00e9alit\u00e9 est plus nuanc\u00e9e : les habitants rappellent volontiers que la plus grande partie des moules <strong>se d\u00e9guste en famille<\/strong>, \u00e0 l\u2019abri des stands bruyants. <\/p>\n<p class=\"standard\">Pr\u00e9par\u00e9es \u00e0 la marini\u00e8re, napp\u00e9es de cr\u00e8me ou <strong>relev\u00e9es d\u2019ail et de curry<\/strong>, elles se mangent avec les doigts et sans fa\u00e7on. C\u2019est ainsi que ce coquillage s\u2019est impos\u00e9 comme le plat embl\u00e9matique de la <strong>Braderie de Lille<\/strong>, rendez-vous incontournable qui aura lieu les 6 et 7 septembre 2025.<\/p>\n<p>Des poulets r\u00f4tis aux coquilles noires<\/p>\n<p class=\"standard\">La l\u00e9gende rapporte qu\u2019au XVe si\u00e8cle, la vedette de la Braderie n\u2019\u00e9tait pas la moule, mais le <a href=\"https:\/\/www.marmiton.org\/astuces\/ce-chef-partage-son-astuce-pour-decouper-un-poulet-roti-qui-sort-du-four-sans-se-bruler-s4095436.html\" target=\"_blank\" rel=\"noopener\">poulet r\u00f4ti<\/a>. Deux Lillois auraient eu l\u2019id\u00e9e de <strong>vendre leur volaille<\/strong> directement dans la rue pour rassasier les visiteurs de la braderie, avant qu\u2019une maladie frappant les \u00e9levages ne pousse \u00e0 <strong>remplacer les volatiles<\/strong> par des coquillages, rapporte le site <a href=\"https:\/\/www.en-vols.com\/gouts\/gastronomie\/braderie-lille-moules-frites\/\" rel=\"noopener noreferrer nofollow\" target=\"_blank\">EnVols<\/a>.<\/p>\n<p class=\"standard\">On y ajouta plus tard des <a href=\"https:\/\/www.marmiton.org\/trucs-et-astuces\/toutes-les-astuces-pour-avoir-enfin-des-frites-croustillantes-avec-une-friteuse-a-air-s4072622.html\" target=\"_blank\" rel=\"noopener\">frites<\/a>, ultime complice d\u2019un plat devenu <strong>indissociable de la f\u00eate<\/strong>. L\u2019Office du tourisme assure que \u00ab les moules-frites sont bien des filles du Nord \u00bb, mais l\u2019histoire reste floue et l\u2019<strong>origine exacte de cette sp\u00e9cialit\u00e9<\/strong> demeure insaisissable. En v\u00e9rit\u00e9, le mariage entre moules-frites et Braderie est r\u00e9cent, autant c\u00e9l\u00e9br\u00e9 qu\u2019il est mal document\u00e9.<\/p>\n<p class=\"standard\">\u00c0 l\u2019h\u00f4tel de ville, on aime rappeler que \u00ab <strong>jusqu\u2019aux ann\u00e9es 1970<\/strong>, sur la Braderie, les restaurateurs lillois attiraient les chalands avec une <strong>bruyante cr\u00e9celle<\/strong>, celle qu\u2019utilisaient jadis les vendeurs de moules ambulants \u00bb. <\/p>\n<p class=\"standard\">Les coquillages arrivaient alors de Z\u00e9lande, en Hollande, transport\u00e9s depuis l\u2019estuaire de l\u2019Escaut. Rien n\u2019a chang\u00e9 sur un point : il faut<strong> toujours la savourer fra\u00eeche<\/strong>, id\u00e9alement de septembre \u00e0 avril, ces fameux mois en \u00ab Re \u00bb. Bien charnue et cuite juste ce qu\u2019il faut, <strong>cinq \u00e0 dix minutes<\/strong> pour que la coquille s\u2019ouvre sans s\u2019alt\u00e9rer, la <a href=\"https:\/\/www.marmiton.org\/astuces\/ce-geste-simple-permet-de-verifier-si-vos-moules-sont-assez-fraiches-pour-etre-consommees-s4092676.html\" target=\"_blank\" rel=\"noopener\">moule<\/a> garde ainsi sa texture, tendre plut\u00f4t que caoutchouteuse.<\/p>\n<p>Les frites dans l\u2019histoire des moules<\/p>\n<p class=\"standard\">Reste une question en suspens : comment les frites se sont-elles retrouv\u00e9es <strong>m\u00eal\u00e9es \u00e0 toute cette histoire<\/strong> ? Sont-elles <strong>fran\u00e7aises ou belges<\/strong> ? <\/p>\n<p class=\"standard\">\u00ab Pour les Belges, qui lui ont m\u00eame consacr\u00e9 un <strong>mus\u00e9e \u00e0 Bruges<\/strong>, la frite serait n\u00e9e \u00e0 Namur, au XVIIe si\u00e8cle, lors d\u2019un hiver rigoureux, explique la mairie lilloise. Le gel de la Meuse rendant impossible la p\u00eache de poissons destin\u00e9s \u00e0 la friture, les habitants auraient d\u00e9coup\u00e9 \u00e0 la place des<strong> pommes de terre en forme de poissons<\/strong>. \u00bb<\/p>\n<p class=\"standard\">Pierre Leclercq, historien de la gastronomie, ajoute que, c\u00f4t\u00e9 fran\u00e7ais, la \u00ab pomme frite Pont-Neuf \u00bb aurait \u00e9t\u00e9 invent\u00e9e par des marchands ambulants \u00e0 Paris, <strong>apr\u00e8s la R\u00e9volution de 1789<\/strong>. Selon La Voix du Nord, accompagner les moules de frites serait l\u2019id\u00e9e d\u2019un Belge, pendant la<strong> foire de Li\u00e8ge de 1875<\/strong>.<\/p>\n<p class=\"standard\"><strong>\u00c0 lire aussi<\/strong> :\n<\/p>\n<p>    <a href=\"https:\/\/www.marmiton.org\/author\/27638\" target=\"_blank\" rel=\"noopener\"><br \/>\n        <img loading=\"lazy\" decoding=\"async\" src=\"https:\/\/www.europesays.com\/fr\/wp-content\/uploads\/2025\/07\/369194595_s50.jpeg\" width=\"50\" height=\"50\" alt=\"Fostine Carracillo\"\/><br \/>\n    <\/a><\/p>\n<p>            R\u00e9dactrice cuisine\n    <\/p>\n<p>R\u00e9dactrice passionn\u00e9e d&rsquo;exploration gustative, je me plais autant \u00e0 partager mes recettes pr\u00e9f\u00e9r\u00e9es qu&rsquo;\u00e0 me r\u00e9galer. Derri\u00e8re ma plume ? Des contenus 100 % test\u00e9s et approuv\u00e9s.\u00a0<br \/>\nQuand mon c\u0153ur ne \u2026<\/p>\n","protected":false},"excerpt":{"rendered":"Plat embl\u00e9matique \u00e0 l\u2019origine incertaine, les moules-frites de la Braderie de Lille cachent une histoire pleine de surprises.&hellip;\n","protected":false},"author":2,"featured_media":271570,"comment_status":"","ping_status":"","sticky":false,"template":"","format":"standard","meta":{"footnotes":""},"categories":[2815],"tags":[1111,11,8263,49931,1777,674,1011,27,811,1307,12,25,8551],"class_list":{"0":"post-364839","1":"post","2":"type-post","3":"status-publish","4":"format-standard","5":"has-post-thumbnail","7":"category-lille","8":"tag-actu","9":"tag-actualites","10":"tag-actus-food","11":"tag-cuisine-ru00e9gionale","12":"tag-eu","13":"tag-europe","14":"tag-fr","15":"tag-france","16":"tag-hauts-de-france","17":"tag-lille","18":"tag-news","19":"tag-republique-francaise","20":"tag-tendance"},"share_on_mastodon":{"url":"https:\/\/pubeurope.com\/@fr\/115144151806007665","error":""},"_links":{"self":[{"href":"https:\/\/www.europesays.com\/fr\/wp-json\/wp\/v2\/posts\/364839","targetHints":{"allow":["GET"]}}],"collection":[{"href":"https:\/\/www.europesays.com\/fr\/wp-json\/wp\/v2\/posts"}],"about":[{"href":"https:\/\/www.europesays.com\/fr\/wp-json\/wp\/v2\/types\/post"}],"author":[{"embeddable":true,"href":"https:\/\/www.europesays.com\/fr\/wp-json\/wp\/v2\/users\/2"}],"replies":[{"embeddable":true,"href":"https:\/\/www.europesays.com\/fr\/wp-json\/wp\/v2\/comments?post=364839"}],"version-history":[{"count":0,"href":"https:\/\/www.europesays.com\/fr\/wp-json\/wp\/v2\/posts\/364839\/revisions"}],"wp:featuredmedia":[{"embeddable":true,"href":"https:\/\/www.europesays.com\/fr\/wp-json\/wp\/v2\/media\/271570"}],"wp:attachment":[{"href":"https:\/\/www.europesays.com\/fr\/wp-json\/wp\/v2\/media?parent=364839"}],"wp:term":[{"taxonomy":"category","embeddable":true,"href":"https:\/\/www.europesays.com\/fr\/wp-json\/wp\/v2\/categories?post=364839"},{"taxonomy":"post_tag","embeddable":true,"href":"https:\/\/www.europesays.com\/fr\/wp-json\/wp\/v2\/tags?post=364839"}],"curies":[{"name":"wp","href":"https:\/\/api.w.org\/{rel}","templated":true}]}}