{"id":364840,"date":"2025-09-04T04:31:09","date_gmt":"2025-09-04T04:31:09","guid":{"rendered":"https:\/\/www.europesays.com\/fr\/364840\/"},"modified":"2025-09-04T04:31:09","modified_gmt":"2025-09-04T04:31:09","slug":"depollution-du-littoral-sud-marseillais-letat-lance-un-chantier-a-haut-risque","status":"publish","type":"post","link":"https:\/\/www.europesays.com\/fr\/364840\/","title":{"rendered":"D\u00e9pollution du littoral sud marseillais\u00a0: l&rsquo;\u00c9tat lance un chantier \u00e0 haut risque"},"content":{"rendered":"<p>Depuis le 1er septembre, l&rsquo;\u00c9tat s&rsquo;est lanc\u00e9 dans les lourds travaux de d\u00e9pollution le long de la route des Goudes. Un chantier complexe qui risque de remuer une terre charg\u00e9e en m\u00e9taux lourds, et ce, pendant plusieurs mois cons\u00e9cutifs.<\/p>\n<p>    C\u2019est le calme absolu dans la calanque de Sam\u00e9na, en ce mardi 2 septembre, jour de rentr\u00e9e des classes d\u00e9cal\u00e9e par la pluie. Les touristes ont quitt\u00e9 Marseille et les habitu\u00e9s des rochers surchauff\u00e9s attendent des jours moins venteux et plus ensoleill\u00e9s. Face \u00e0 la mer d\u00e9chain\u00e9e, le crassier, cet immense amas de r\u00e9sidus issus de l\u2019ancienne activit\u00e9 industrielle du lieu, se fond dans le paysage. Dans la calanque d\u00e9serte, la couleur ocre, peu naturelle, de cette terre humide et charg\u00e9e en m\u00e9taux lourds, ressort plus que d\u2019ordinaire entre la v\u00e9g\u00e9tation. Dans quelques mois, le crassier aura disparu. Apr\u00e8s des ann\u00e9es d\u2019errance sur le sujet et une d\u00e9cision de justice contraignante, l\u2019\u00c9tat s\u2019appr\u00eate enfin \u00e0 solder les ann\u00e9es de plomb qui ont vu &#8230; <\/p>\n<p>VOUS VOULEZ LIRE LA SUITE\u00a0?\n\t\t              <\/p>\n<p>\n\t\t              CET \u00c9T\u00c9,<br \/>MARSACTU EST \u00c0<br \/>\n\t\t                <\/p>\n","protected":false},"excerpt":{"rendered":"Depuis le 1er septembre, l&rsquo;\u00c9tat s&rsquo;est lanc\u00e9 dans les lourds travaux de d\u00e9pollution le long de la route&hellip;\n","protected":false},"author":2,"featured_media":364841,"comment_status":"","ping_status":"","sticky":false,"template":"","format":"standard","meta":{"footnotes":""},"categories":[2814],"tags":[1111,11,18262,1182,36778,1777,674,1011,27,884,12,882,25,4772],"class_list":{"0":"post-364840","1":"post","2":"type-post","3":"status-publish","4":"format-standard","5":"has-post-thumbnail","7":"category-marseille","8":"tag-actu","9":"tag-actualites","10":"tag-ademe","11":"tag-calanques","12":"tag-depollution","13":"tag-eu","14":"tag-europe","15":"tag-fr","16":"tag-france","17":"tag-marseille","18":"tag-news","19":"tag-provence-alpes-cote-dazur","20":"tag-republique-francaise","21":"tag-zalu"},"share_on_mastodon":{"url":"https:\/\/pubeurope.com\/@fr\/115144155816515188","error":""},"_links":{"self":[{"href":"https:\/\/www.europesays.com\/fr\/wp-json\/wp\/v2\/posts\/364840","targetHints":{"allow":["GET"]}}],"collection":[{"href":"https:\/\/www.europesays.com\/fr\/wp-json\/wp\/v2\/posts"}],"about":[{"href":"https:\/\/www.europesays.com\/fr\/wp-json\/wp\/v2\/types\/post"}],"author":[{"embeddable":true,"href":"https:\/\/www.europesays.com\/fr\/wp-json\/wp\/v2\/users\/2"}],"replies":[{"embeddable":true,"href":"https:\/\/www.europesays.com\/fr\/wp-json\/wp\/v2\/comments?post=364840"}],"version-history":[{"count":0,"href":"https:\/\/www.europesays.com\/fr\/wp-json\/wp\/v2\/posts\/364840\/revisions"}],"wp:featuredmedia":[{"embeddable":true,"href":"https:\/\/www.europesays.com\/fr\/wp-json\/wp\/v2\/media\/364841"}],"wp:attachment":[{"href":"https:\/\/www.europesays.com\/fr\/wp-json\/wp\/v2\/media?parent=364840"}],"wp:term":[{"taxonomy":"category","embeddable":true,"href":"https:\/\/www.europesays.com\/fr\/wp-json\/wp\/v2\/categories?post=364840"},{"taxonomy":"post_tag","embeddable":true,"href":"https:\/\/www.europesays.com\/fr\/wp-json\/wp\/v2\/tags?post=364840"}],"curies":[{"name":"wp","href":"https:\/\/api.w.org\/{rel}","templated":true}]}}