{"id":364842,"date":"2025-09-04T04:32:14","date_gmt":"2025-09-04T04:32:14","guid":{"rendered":"https:\/\/www.europesays.com\/fr\/364842\/"},"modified":"2025-09-04T04:32:14","modified_gmt":"2025-09-04T04:32:14","slug":"la-france-du-velo-paris-bordeaux-marseille-comparez-les-amenagements-cyclables-des-dix-plus-grandes-villes-du-pays","status":"publish","type":"post","link":"https:\/\/www.europesays.com\/fr\/364842\/","title":{"rendered":"La France du v\u00e9lo\u00a0? Paris, Bordeaux, Marseille&#8230; Comparez les am\u00e9nagements cyclables des dix plus grandes villes du pays"},"content":{"rendered":"<p>            lire plus tard<\/p>\n<p id=\"dialog__title\" class=\"dialog__title\">Pour sauvegarder cet article, connectez-vous ou cr\u00e9ez un compte franceinfo<\/p>\n<p class=\"dialog__description\">Sans paiement. Sans abonnement.<\/p>\n<p>        Fermer la fen\u00eatre d\u2019activation des notifications France Info<\/p>\n<p>            cr\u00e9er votre compte<\/p>\n<p>            se connecter<\/p>\n<p>        Fermer la fen\u00eatre de pr\u00e9sentation<\/p>\n<p>    <img decoding=\"async\" class=\"signature__image\" width=\"44\" height=\"44\"  alt=\"\" src=\"https:\/\/www.franceinfo.fr\/assets\/common\/images\/galaxie-icons\/avatar-e7320e16.svg\" fetchpriority=\"high\"\/><\/p>\n<p>    Publi\u00e9 le 04\/09\/2025 05:58<\/p>\n<p>        Temps de lecture : 3min<\/p>\n<p>    <img decoding=\"async\"  alt=\"Les pistes cyclables prot\u00e9g\u00e9es restent les plus appr\u00e9ci\u00e9es des cyclistes, car elles sont moins dangereuses que les voies partag\u00e9es. (MATTHIEU DELATY \/ HANS LUCAS \/ AFP)\" width=\"100\" height=\"100\" src=\"https:\/\/www.europesays.com\/fr\/wp-content\/uploads\/2025\/09\/080-hl-mdelaty-2560768-68b862c39b608094770255.jpg\" fetchpriority=\"high\"\/><\/p>\n<p>      Les pistes cyclables prot\u00e9g\u00e9es restent les plus appr\u00e9ci\u00e9es des cyclistes, car elles sont moins dangereuses que les voies partag\u00e9es. (MATTHIEU DELATY \/ HANS LUCAS \/ AFP)<\/p>\n<p class=\"c-chapo \">\n  Pistes prot\u00e9g\u00e9es, marquages au sol, voies partag\u00e9es&#8230; Face \u00e0 la popularit\u00e9 du v\u00e9lo, les communes mettent \u00e0 disposition des infrastructures cyclables, mais toutes ne se valent pas.\n<\/p>\n<p>Pas toujours facile de se d\u00e9placer \u00e0 v\u00e9lo dans les grandes villes de l&rsquo;Hexagone. Entre les voitures, les pi\u00e9tons et la multiplication des cyclistes, la route se transforme parfois en un grand capharna\u00fcm, voire un danger pour les usagers, comme le montre \u00ab\u00a0Compl\u00e9ment d&rsquo;enqu\u00eate\u00a0\u00bb dans un num\u00e9ro diffus\u00e9 jeudi 4\u00a0septembre, consacr\u00e9 aux <a href=\"https:\/\/www.franceinfo.fr\/replay-magazine\/france-2\/complement-d-enquete\/complement-d-enquete-velos-voitures-c-est-ma-route-ma-bataille_7436338.html\" data-tooltip-url=\"https:\/\/www.franceinfo.fr\/replay-magazine\/france-2\/complement-d-enquete\/complement-d-enquete-velos-voitures-c-est-ma-route-ma-bataille_7436338.html\" rel=\"nofollow noopener\" target=\"_blank\">tensions entre cyclistes et automobilistes<\/a>. Alors que les associations de cyclistes demandent r\u00e9guli\u00e8rement aux communes d&rsquo;investir dans des infrastructures adapt\u00e9es, franceinfo a rassembl\u00e9 les donn\u00e9es disponibles sur ces am\u00e9nagements dans les dix plus grandes villes du pays.<\/p>\n<p>Lorsqu&rsquo;on parle d&rsquo;am\u00e9nagements pour les v\u00e9los, il faut distinguer les pistes des voies cyclables. Cette diff\u00e9rence a son importance. Les premi\u00e8res sont prot\u00e9g\u00e9es de la route\u00a0; ce sont des voies s\u00e9par\u00e9es de la circulation par des am\u00e9nagements en dur. Elles peuvent se trouver sur un trottoir, derri\u00e8re des places de stationnement ou s\u00e9par\u00e9es par une bordure. Les voies cyclables, elles, sont d\u00e9limit\u00e9es par un marquage au sol, mais se trouvent sur la m\u00eame chauss\u00e9e que les usagers de v\u00e9hicules motoris\u00e9s. Enfin, les voies de bus peuvent \u00eatre partag\u00e9es et marqu\u00e9es comme des voies cyclables\u00a0; les bus, les v\u00e9los et les taxis se retrouvent alors sur un m\u00eame espace. La part de ces trois types de voies varie selon les villes, comme le montrent les donn\u00e9es de recensement collaboratif d&rsquo;OpenStreetMap.<\/p>\n<p>Premier enseignement\u00a0: les grandes villes ne sont pas forc\u00e9ment les mieux dot\u00e9es en \u00e9quipements cyclables quels qu&rsquo;ils soient. Marseille, deuxi\u00e8me ville de France en nombre d&rsquo;habitants, affiche un tr\u00e8s faible nombre de kilom\u00e8tres consacr\u00e9s aux v\u00e9los (119\u00a0km selon nos donn\u00e9es), quand Paris cumule pr\u00e8s de 800\u00a0km d&rsquo;installations permettant de circuler \u00e0 v\u00e9lo.<\/p>\n<p>Les \u00e9quipements diff\u00e8rent \u00e9galement selon les villes. Bordeaux, neuvi\u00e8me ville de France, aussi bien dot\u00e9e en voies cyclables que Nantes, s&rsquo;appuie sur une grande part de voies non prot\u00e9g\u00e9es \u2013\u00a0elles repr\u00e9sentent 62% des \u00e9quipements cyclables dans la ville\u00a0\u2013, \u00e0 la diff\u00e9rence de Strasbourg, qui privil\u00e9gie les voies prot\u00e9g\u00e9es (73% \u00e0 l&rsquo;\u00e9chelle de la ville).\u00a0Ces derni\u00e8res sont particuli\u00e8rement appr\u00e9ci\u00e9es des cyclistes, puisqu&rsquo;elles prot\u00e8gent leur int\u00e9grit\u00e9 physique et \u00e9vitent les altercations. Leur mise en place demande n\u00e9anmoins d&rsquo;importants travaux d&rsquo;am\u00e9nagement pour s\u00e9parer la chauss\u00e9e en deux espaces distincts. A titre de comparaison, ouvrir des voies de bus partag\u00e9es n\u00e9cessite seulement un marquage au sol.<\/p>\n<p><strong>M\u00e9thodologie <\/strong> : les donn\u00e9es d&rsquo;OpenStreetMap sont bas\u00e9es sur les observations des contributeurs. Dans le cas d&rsquo;une piste cyclable \u00e0 double sens, l&rsquo;aller et le retour sont comptabilis\u00e9s comme deux routes distinctes dans le total kilom\u00e9trique.\u00a0<\/p>\n<p>                       <a href=\"https:\/\/www.franceinfo.fr\/grands-formats\/\" class=\"embed-link ftvi-click\" data-click-object=\"{&quot;feature&quot;:&quot;maillage&quot;,&quot;click&quot;:&quot;voir_tous_les_contenus_grands_formats&quot;}\" aria-label=\"Voir tous les contenus grands formats\" rel=\"nofollow noopener\" target=\"_blank\"><\/p>\n<p>      :<br \/>\n    Grands Formats<\/p>\n<p class=\"embed-link__label\">\n        Voir tous les contenus grands formats\n      <\/p>\n<p>  <\/a><\/p>\n<p class=\"related-tags__title\" role=\"heading\" aria-level=\"2\">les mots-cl\u00e9s associ\u00e9s \u00e0 cet article\n    <\/p>\n","protected":false},"excerpt":{"rendered":"lire plus tard Pour sauvegarder cet article, connectez-vous ou cr\u00e9ez un compte franceinfo Sans paiement. Sans abonnement. Fermer&hellip;\n","protected":false},"author":2,"featured_media":364843,"comment_status":"","ping_status":"","sticky":false,"template":"","format":"standard","meta":{"footnotes":""},"categories":[2814],"tags":[1111,11,1777,674,1011,27,884,12,882,25],"class_list":{"0":"post-364842","1":"post","2":"type-post","3":"status-publish","4":"format-standard","5":"has-post-thumbnail","7":"category-marseille","8":"tag-actu","9":"tag-actualites","10":"tag-eu","11":"tag-europe","12":"tag-fr","13":"tag-france","14":"tag-marseille","15":"tag-news","16":"tag-provence-alpes-cote-dazur","17":"tag-republique-francaise"},"share_on_mastodon":{"url":"https:\/\/pubeurope.com\/@fr\/115144159698135878","error":""},"_links":{"self":[{"href":"https:\/\/www.europesays.com\/fr\/wp-json\/wp\/v2\/posts\/364842","targetHints":{"allow":["GET"]}}],"collection":[{"href":"https:\/\/www.europesays.com\/fr\/wp-json\/wp\/v2\/posts"}],"about":[{"href":"https:\/\/www.europesays.com\/fr\/wp-json\/wp\/v2\/types\/post"}],"author":[{"embeddable":true,"href":"https:\/\/www.europesays.com\/fr\/wp-json\/wp\/v2\/users\/2"}],"replies":[{"embeddable":true,"href":"https:\/\/www.europesays.com\/fr\/wp-json\/wp\/v2\/comments?post=364842"}],"version-history":[{"count":0,"href":"https:\/\/www.europesays.com\/fr\/wp-json\/wp\/v2\/posts\/364842\/revisions"}],"wp:featuredmedia":[{"embeddable":true,"href":"https:\/\/www.europesays.com\/fr\/wp-json\/wp\/v2\/media\/364843"}],"wp:attachment":[{"href":"https:\/\/www.europesays.com\/fr\/wp-json\/wp\/v2\/media?parent=364842"}],"wp:term":[{"taxonomy":"category","embeddable":true,"href":"https:\/\/www.europesays.com\/fr\/wp-json\/wp\/v2\/categories?post=364842"},{"taxonomy":"post_tag","embeddable":true,"href":"https:\/\/www.europesays.com\/fr\/wp-json\/wp\/v2\/tags?post=364842"}],"curies":[{"name":"wp","href":"https:\/\/api.w.org\/{rel}","templated":true}]}}