{"id":364844,"date":"2025-09-04T04:33:11","date_gmt":"2025-09-04T04:33:11","guid":{"rendered":"https:\/\/www.europesays.com\/fr\/364844\/"},"modified":"2025-09-04T04:33:11","modified_gmt":"2025-09-04T04:33:11","slug":"la-ligne-de-bus-17-officiellement-prolongee","status":"publish","type":"post","link":"https:\/\/www.europesays.com\/fr\/364844\/","title":{"rendered":"la ligne de bus 17 officiellement prolong\u00e9e"},"content":{"rendered":"<p>Ce mercredi 3\u00a0septembre, les \u00e9lus de plusieurs communes se sont rassembl\u00e9s \u00e0 la sortie du m\u00e9tro B, au terminus H\u00f4pital Lyon Sud, \u00e0 Oullins-Pierre-B\u00e9nite. La raison\u00a0: l\u2019inauguration de la ligne TCL 17 qui est prolong\u00e9e, depuis le 1er\u00a0septembre, jusqu\u2019\u00e0 Vourles.<\/p>\n<p>\u00ab\u00a0Une date historique\u00a0\u00bb, pour la maire Catherine Staron. Et pour cause, c\u2019est la premi\u00e8re fois que le village est desservi par un bus\u00a0TCL,&#8230;<\/p>\n","protected":false},"excerpt":{"rendered":"Ce mercredi 3\u00a0septembre, les \u00e9lus de plusieurs communes se sont rassembl\u00e9s \u00e0 la sortie du m\u00e9tro B, au&hellip;\n","protected":false},"author":2,"featured_media":364845,"comment_status":"","ping_status":"","sticky":false,"template":"","format":"standard","meta":{"footnotes":""},"categories":[1889],"tags":[1111,11,2430,35406,3154,1777,674,1011,27,2428,12,25,2429,3151,2803,49932],"class_list":{"0":"post-364844","1":"post","2":"type-post","3":"status-publish","4":"format-standard","5":"has-post-thumbnail","7":"category-lyon","8":"tag-actu","9":"tag-actualites","10":"tag-auvergne-rhone-alpes","11":"tag-brignais-bassin","12":"tag-edition-sud-lyonnais","13":"tag-eu","14":"tag-europe","15":"tag-fr","16":"tag-france","17":"tag-lyon","18":"tag-news","19":"tag-republique-francaise","20":"tag-rhone","21":"tag-selection-de-la-redaction-69","22":"tag-transport","23":"tag-vourles"},"share_on_mastodon":{"url":"https:\/\/pubeurope.com\/@fr\/115144163618275300","error":""},"_links":{"self":[{"href":"https:\/\/www.europesays.com\/fr\/wp-json\/wp\/v2\/posts\/364844","targetHints":{"allow":["GET"]}}],"collection":[{"href":"https:\/\/www.europesays.com\/fr\/wp-json\/wp\/v2\/posts"}],"about":[{"href":"https:\/\/www.europesays.com\/fr\/wp-json\/wp\/v2\/types\/post"}],"author":[{"embeddable":true,"href":"https:\/\/www.europesays.com\/fr\/wp-json\/wp\/v2\/users\/2"}],"replies":[{"embeddable":true,"href":"https:\/\/www.europesays.com\/fr\/wp-json\/wp\/v2\/comments?post=364844"}],"version-history":[{"count":0,"href":"https:\/\/www.europesays.com\/fr\/wp-json\/wp\/v2\/posts\/364844\/revisions"}],"wp:featuredmedia":[{"embeddable":true,"href":"https:\/\/www.europesays.com\/fr\/wp-json\/wp\/v2\/media\/364845"}],"wp:attachment":[{"href":"https:\/\/www.europesays.com\/fr\/wp-json\/wp\/v2\/media?parent=364844"}],"wp:term":[{"taxonomy":"category","embeddable":true,"href":"https:\/\/www.europesays.com\/fr\/wp-json\/wp\/v2\/categories?post=364844"},{"taxonomy":"post_tag","embeddable":true,"href":"https:\/\/www.europesays.com\/fr\/wp-json\/wp\/v2\/tags?post=364844"}],"curies":[{"name":"wp","href":"https:\/\/api.w.org\/{rel}","templated":true}]}}