{"id":364846,"date":"2025-09-04T04:34:14","date_gmt":"2025-09-04T04:34:14","guid":{"rendered":"https:\/\/www.europesays.com\/fr\/364846\/"},"modified":"2025-09-04T04:34:14","modified_gmt":"2025-09-04T04:34:14","slug":"des-marques-a-prix-casses","status":"publish","type":"post","link":"https:\/\/www.europesays.com\/fr\/364846\/","title":{"rendered":"des marques \u00e0 prix cass\u00e9s"},"content":{"rendered":"<p>            Par<br \/>\n        <strong><br \/>\n            <a href=\"https:\/\/actu.fr\/auteur\/theo-zuili\" title=\"Consulter tous les articles de Th\u00e9o Zuili\" target=\"_blank\" rel=\"noopener\">Th\u00e9o Zuili<\/a><br \/>\n        <\/strong><\/p>\n<p>        Publi\u00e9 le<\/p>\n<p>            4 sept. 2025 \u00e0 6h04        <\/p>\n<p>Il est \u00e0 1h30 de <a href=\"https:\/\/actu.fr\/auvergne-rhone-alpes\/lyon_69123\" target=\"_blank\" rel=\"noopener\">Lyon<\/a>, mais sa promesse risque d\u2019attirer quelques plaques immatricul\u00e9es dans le Rh\u00f4ne sur ses parkings : le village de marques <strong>Marques Avenue<\/strong> de Romans-sur-Is\u00e8re (Dr\u00f4me) <a href=\"https:\/\/actu.fr\/auvergne-rhone-alpes\/villefontaine_38553\/pres-de-lyon-ce-village-de-marques-organise-une-braderie-geante-un-monde-fou-attendu_63106826.html\" target=\"_blank\" rel=\"noopener\">concurrence celui de Villefontaine (Is\u00e8re)<\/a> en bradant \u00e9galement ses articles pour un \u00ab\u00a0rendez-vous incontournable des bons plans de la rentr\u00e9e\u00a0\u00bb.<\/p>\n<p>    <a href=\"https:\/\/www.google.com\/maps\/embed?pb=!1m18!1m12!1m3!1d354840.7245437545!2d4.825631147924907!3d45.07599403851894!2m3!1f0!2f0!3f0!3m2!1i1024!2i768!4f13.1!3m3!1m2!1s0x47f54d65bf581e19%3A0x38be3c8a80d9d7c2!2sMarques%20Avenue%20Romans!5e1!3m2!1sfr!2sfr!4v1756911783543!5m2!1sfr!2sfr\" title=\"Ouvrie le lien\" target=\"_blank\" rel=\"noopener\">Cliquez ici pour visualiser le contenu<\/a><\/p>\n<p>Des remises de -50 % sur trois jours<\/p>\n<p class=\" wall-content\">Marques Avenue Romans, situ\u00e9 au 60 avenue Gambetta \u00e0 <a href=\"https:\/\/actu.fr\/auvergne-rhone-alpes\/romans-sur-isere_26281\" target=\"_blank\" rel=\"noopener\">Romans-sur-Is\u00e8re<\/a>, pr\u00e9pare un week-end anim\u00e9. Le centre de boutiques de marques lance sa <strong>grande braderie annuelle<\/strong> du vendredi 5 au dimanche 7 septembre 2025.<\/p>\n<p class=\" wall-content\">Pendant trois jours, les visiteurs profiteront de \u00ab\u00a0-50 % suppl\u00e9mentaires\u00a0\u00bb sur une large s\u00e9lection d\u2019articles d\u00e9j\u00e0 propos\u00e9s \u00e0 prix \u00ab\u00a0outlet\u00a0\u00bb.<\/p>\n<p class=\" wall-content\"><a href=\"https:\/\/www.instagram.com\/p\/DNxT-z5iUv1\/embed\" title=\"Ouvrir le lien sur Instagram\" target=\"_blank\" rel=\"noopener\">Visualiser le contenu sur Instagram<\/a><\/p>\n<p class=\" wall-content\">Enfants, sport, mode, accessoires, maison\u2026\u00a0Parmi les enseignes participantes, on retrouve Petit Bateau, Lancel, Puma, L\u2019Or\u00e9al, Lacoste, The Kooples, Sandro, Maje, Napapijri ou encore Home &amp; Cook. Comme chaque ann\u00e9e, les visiteurs pourront s\u2019attendre \u00e0 une forte affluence.<\/p>\n<p>Horaires de la braderie de Marques Avenue Romans<br \/>5\/09 : 10h \u2013 19h<br \/>6\/09 : 10h \u2013 19h<br \/>7\/09 : 10h \u2013 19h (ouverture exceptionnelle le dimanche)<\/p>\n<p class=\" wall-content\">Personnalisez votre actualit\u00e9 en ajoutant vos villes et m\u00e9dias en favori avec <a href=\"https:\/\/moncompte.actu.fr\" title=\"D\u00e9couvez Mon Actu\" rel=\"nofollow noopener\" data-trk=\"{&quot;cta&quot;:{&quot;action&quot;:&quot;https:\\\/\\\/moncompte.actu.fr&quot;,&quot;category&quot;:&quot;mon compte&quot;,&quot;from&quot;:&quot;article footer&quot;,&quot;name&quot;:&quot;Mon actu&quot;,&quot;type&quot;:&quot;cta&quot;}}\" target=\"_blank\">Mon Actu<\/a>.<\/p>\n<p>                    <script async src=\"\/\/www.instagram.com\/embed.js\"><\/script><\/p>\n","protected":false},"excerpt":{"rendered":"Par Th\u00e9o Zuili Publi\u00e9 le 4 sept. 2025 \u00e0 6h04 Il est \u00e0 1h30 de Lyon, mais sa&hellip;\n","protected":false},"author":2,"featured_media":364847,"comment_status":"","ping_status":"","sticky":false,"template":"","format":"standard","meta":{"footnotes":""},"categories":[1889],"tags":[1111,11,2430,215,33,1777,674,1011,27,2428,12,25,11772],"class_list":{"0":"post-364846","1":"post","2":"type-post","3":"status-publish","4":"format-standard","5":"has-post-thumbnail","7":"category-lyon","8":"tag-actu","9":"tag-actualites","10":"tag-auvergne-rhone-alpes","11":"tag-commerce","12":"tag-economie","13":"tag-eu","14":"tag-europe","15":"tag-fr","16":"tag-france","17":"tag-lyon","18":"tag-news","19":"tag-republique-francaise","20":"tag-soldes"},"share_on_mastodon":{"url":"https:\/\/pubeurope.com\/@fr\/115144167460300225","error":""},"_links":{"self":[{"href":"https:\/\/www.europesays.com\/fr\/wp-json\/wp\/v2\/posts\/364846","targetHints":{"allow":["GET"]}}],"collection":[{"href":"https:\/\/www.europesays.com\/fr\/wp-json\/wp\/v2\/posts"}],"about":[{"href":"https:\/\/www.europesays.com\/fr\/wp-json\/wp\/v2\/types\/post"}],"author":[{"embeddable":true,"href":"https:\/\/www.europesays.com\/fr\/wp-json\/wp\/v2\/users\/2"}],"replies":[{"embeddable":true,"href":"https:\/\/www.europesays.com\/fr\/wp-json\/wp\/v2\/comments?post=364846"}],"version-history":[{"count":0,"href":"https:\/\/www.europesays.com\/fr\/wp-json\/wp\/v2\/posts\/364846\/revisions"}],"wp:featuredmedia":[{"embeddable":true,"href":"https:\/\/www.europesays.com\/fr\/wp-json\/wp\/v2\/media\/364847"}],"wp:attachment":[{"href":"https:\/\/www.europesays.com\/fr\/wp-json\/wp\/v2\/media?parent=364846"}],"wp:term":[{"taxonomy":"category","embeddable":true,"href":"https:\/\/www.europesays.com\/fr\/wp-json\/wp\/v2\/categories?post=364846"},{"taxonomy":"post_tag","embeddable":true,"href":"https:\/\/www.europesays.com\/fr\/wp-json\/wp\/v2\/tags?post=364846"}],"curies":[{"name":"wp","href":"https:\/\/api.w.org\/{rel}","templated":true}]}}