{"id":364848,"date":"2025-09-04T04:36:34","date_gmt":"2025-09-04T04:36:34","guid":{"rendered":"https:\/\/www.europesays.com\/fr\/364848\/"},"modified":"2025-09-04T04:36:34","modified_gmt":"2025-09-04T04:36:34","slug":"valerie-pecresse-1-000-places-de-plus-dans-les-lycees-dile-de-france","status":"publish","type":"post","link":"https:\/\/www.europesays.com\/fr\/364848\/","title":{"rendered":"Val\u00e9rie P\u00e9cresse : 1 000 places de plus dans les lyc\u00e9es d&rsquo;\u00cele-de-France"},"content":{"rendered":"<p><img loading=\"lazy\" decoding=\"async\" alt=\"\u00a9 AP\/Antonin Albert - La pr\u00e9sidente de r\u00e9gion promet de poursuivre l\u2019effort en faveur des lyc\u00e9es malgr\u00e9 un budget contraint, mais syndicats et oppositions d\u00e9noncent des contradictions.\" data-zoom-src=\"https:\/\/www.europesays.com\/fr\/wp-content\/uploads\/2025\/09\/1756960594_923_initial-valerie-pecresse.jpg\" data-zoomable=\"\" height=\"702\" src=\"https:\/\/www.europesays.com\/fr\/wp-content\/uploads\/2025\/09\/1756960594_923_initial-valerie-pecresse.jpg\" width=\"1248\"\/>  <\/p>\n<p class=\"article-desc\">\u00a9 AP\/Antonin Albert &#8211; La pr\u00e9sidente de r\u00e9gion promet de poursuivre l\u2019effort en faveur des lyc\u00e9es malgr\u00e9 un budget contraint, mais syndicats et oppositions d\u00e9noncent des contradictions. <\/p>\n<p><a href=\"https:\/\/mesinfos.fr\/ile-de-france\/valerie-pecresse-je-serai-de-la-bataille-pour-2027-217987.html\" rel=\"noopener\" target=\"_blank\">Val\u00e9rie P\u00e9cresse<\/a> a confirm\u00e9, lors d\u2019une conf\u00e9rence de presse \u00e0 Saint-Ouen, l\u2019ouverture de<strong> 1 000 nouvelles places dans les lyc\u00e9es franciliens<\/strong> pour la rentr\u00e9e 2025. Un chiffre en net recul par rapport \u00e0 <strong>2024, o\u00f9 2 000 places avaient \u00e9t\u00e9 cr\u00e9\u00e9es<\/strong>, mais qui s\u2019inscrit dans la trajectoire de l\u2019engagement r\u00e9gional : 30 000 nouvelles places d\u2019ici \u00e0 2028. \u00c0 ce stade, <strong>15 000 ont d\u00e9j\u00e0 \u00e9t\u00e9 livr\u00e9es<\/strong> et 14 000 sont en cours. <\/p>\n<p>\u201cEn d\u00e9pit d\u2019un contexte budg\u00e9taire qui est extr\u00eamement incertain et extr\u00eamement contraint, nous avons d\u00e9cid\u00e9 de continuer de faire des lyc\u00e9es l\u2019<strong>absolue priorit\u00e9 de la r\u00e9gion<\/strong>\u201d, a insist\u00e9 la pr\u00e9sidente. Avec <strong>1,8 milliard d\u2019euros allou\u00e9s en 2025<\/strong>, les lyc\u00e9es repr\u00e9sentent encore le <a href=\"https:\/\/mesinfos.fr\/ile-de-france\/lycees-vetustes-les-auteurs-de-degradations-volontaires-mis-en-cause-196479.html\" rel=\"noopener\" target=\"_blank\">premier budget r\u00e9gional<\/a> devant les transports. <\/p>\n<p>Des chiffres contest\u00e9s par l\u2019opposition <\/p>\n<p>Cette communication a cependant suscit\u00e9 une <strong>vive r\u00e9action de la gauche francilienn<\/strong>e. <strong>C\u00e9line Malais\u00e9<\/strong>, pr\u00e9sidente du groupe Gauche Communiste, \u00c9cologiste et Citoyenne, a d\u00e9nonc\u00e9 des \u201c<strong>chiffres mensongers<\/strong>\u201d reposant selon elle sur une confusion entre d\u00e9penses de fonctionnement et d\u2019investissement. Elle a point\u00e9 des retards et m\u00eame des abandons de chantiers, accusant la majorit\u00e9 r\u00e9gionale de travestir la r\u00e9alit\u00e9. <\/p>\n<p>La critique illustre la <strong>bataille politique r\u00e9currente autour des investissements scolaires<\/strong>, alors que deux \u00e9l\u00e8ves sur trois \u00e9tudient d\u00e9sormais dans un \u00e9tablissement neuf ou r\u00e9nov\u00e9 selon les chiffres de la R\u00e9gion.<\/p>\n<p>  Les manuels num\u00e9riques en d\u00e9bat <\/p>\n<p>Au-del\u00e0 des places suppl\u00e9mentaires, <a href=\"https:\/\/mesinfos.fr\/ile-de-france\/neuf-lycees-parisiens-vont-fermer-dici-2024-116053.html\" rel=\"noopener\" target=\"_blank\">Val\u00e9rie P\u00e9cresse<\/a> a mis en avant le <strong>doublement du nombre de manuels num\u00e9riques \u201clibres\u201d<\/strong>, d\u00e9sormais au nombre de 50, accessibles gratuitement via le <strong>portail Pearltrees<\/strong>. L\u2019\u00e9lue affirme que deux tiers des enseignants concern\u00e9s les utilisent, estimant que les manuels classiques des \u00e9diteurs \u00e9taient \u201cpeu ouverts par les \u00e9l\u00e8ves\u201d.<\/p>\n<p>Mais cette orientation ne fait pas l\u2019unanimit\u00e9 : <strong>Delphine Dourlet<\/strong>, pr\u00e9sidente des \u00c9diteurs d\u2019\u00e9ducation, \u00e9voque une \u201c<strong>tiktokisation de l\u2019\u00e9cole<\/strong>\u201d et d\u00e9plore des contenus \u201cfaits tr\u00e8s, tr\u00e8s rapidement\u201d et \u201c<strong>pas de bonne qualit\u00e9<\/strong>\u201d. Du c\u00f4t\u00e9 des enseignants, <strong>Sophie Venetitay<\/strong>, secr\u00e9taire g\u00e9n\u00e9rale du SNES-FSU, a exprim\u00e9 sa \u201cprudence\u201d face \u00e0 ce <strong>virage num\u00e9rique<\/strong>, soulignant les \u201ccontradictions du minist\u00e8re\u201d qui pr\u00f4ne \u00e0 la fois une r\u00e9duction du temps d\u2019\u00e9cran et le d\u00e9ploiement d\u2019outils digitaux. <\/p>\n<p>Aides et nouvelles mesures <\/p>\n<p>Pour la rentr\u00e9e, la R\u00e9gion a \u00e9galement annonc\u00e9 la revalorisation de son <strong>dispositif d\u2019aide \u00e0 l\u2019achat de livres en librairies<\/strong> ind\u00e9pendantes, d\u00e9sormais port\u00e9 \u00e0 <strong>100 euros suppl\u00e9mentaires<\/strong>, soit plus de<strong> 900 euros d\u2019aides directes cumul\u00e9es<\/strong> aux <a href=\"https:\/\/mesinfos.fr\/ile-de-france\/l-ile-de-france-accelere-l-accessibilite-des-lycees-d-excellence-219639.html\" rel=\"noopener\" target=\"_blank\">lyc\u00e9ens<\/a>. Une plateforme d\u00e9di\u00e9e \u00e0 la sant\u00e9 mentale, baptis\u00e9e \u201c<strong>MyMood<\/strong>\u201d, sera \u00e9galement lanc\u00e9e. Enfin, le volet s\u00e9curit\u00e9 a \u00e9t\u00e9 renforc\u00e9 avec la g\u00e9n\u00e9ralisation d\u2019un bouton d\u2019appel reli\u00e9 aux commissariats dans les \u00e9tablissements volontaires et la mise en place d\u2019un r\u00e9seau francilien de lutte contre les rixes, associant institutions et associations de terrain.<\/p>\n","protected":false},"excerpt":{"rendered":"\u00a9 AP\/Antonin Albert &#8211; La pr\u00e9sidente de r\u00e9gion promet de poursuivre l\u2019effort en faveur des lyc\u00e9es malgr\u00e9 un&hellip;\n","protected":false},"author":2,"featured_media":364849,"comment_status":"","ping_status":"","sticky":false,"template":"","format":"standard","meta":{"footnotes":""},"categories":[1592],"tags":[1111,11,1777,674,1011,27,662,12,626,25,21762],"class_list":{"0":"post-364848","1":"post","2":"type-post","3":"status-publish","4":"format-standard","5":"has-post-thumbnail","7":"category-ile-de-france","8":"tag-actu","9":"tag-actualites","10":"tag-eu","11":"tag-europe","12":"tag-fr","13":"tag-france","14":"tag-ile-de-france","15":"tag-news","16":"tag-paris","17":"tag-republique-francaise","18":"tag-u00c9ducation"},"share_on_mastodon":{"url":"https:\/\/pubeurope.com\/@fr\/115144175359890954","error":""},"_links":{"self":[{"href":"https:\/\/www.europesays.com\/fr\/wp-json\/wp\/v2\/posts\/364848","targetHints":{"allow":["GET"]}}],"collection":[{"href":"https:\/\/www.europesays.com\/fr\/wp-json\/wp\/v2\/posts"}],"about":[{"href":"https:\/\/www.europesays.com\/fr\/wp-json\/wp\/v2\/types\/post"}],"author":[{"embeddable":true,"href":"https:\/\/www.europesays.com\/fr\/wp-json\/wp\/v2\/users\/2"}],"replies":[{"embeddable":true,"href":"https:\/\/www.europesays.com\/fr\/wp-json\/wp\/v2\/comments?post=364848"}],"version-history":[{"count":0,"href":"https:\/\/www.europesays.com\/fr\/wp-json\/wp\/v2\/posts\/364848\/revisions"}],"wp:featuredmedia":[{"embeddable":true,"href":"https:\/\/www.europesays.com\/fr\/wp-json\/wp\/v2\/media\/364849"}],"wp:attachment":[{"href":"https:\/\/www.europesays.com\/fr\/wp-json\/wp\/v2\/media?parent=364848"}],"wp:term":[{"taxonomy":"category","embeddable":true,"href":"https:\/\/www.europesays.com\/fr\/wp-json\/wp\/v2\/categories?post=364848"},{"taxonomy":"post_tag","embeddable":true,"href":"https:\/\/www.europesays.com\/fr\/wp-json\/wp\/v2\/tags?post=364848"}],"curies":[{"name":"wp","href":"https:\/\/api.w.org\/{rel}","templated":true}]}}