{"id":36485,"date":"2025-04-19T12:29:07","date_gmt":"2025-04-19T12:29:07","guid":{"rendered":"https:\/\/www.europesays.com\/fr\/36485\/"},"modified":"2025-04-19T12:29:07","modified_gmt":"2025-04-19T12:29:07","slug":"une-meteo-agitee-pour-le-week-end-de-paques-a-paris-et-en-ile-de-france","status":"publish","type":"post","link":"https:\/\/www.europesays.com\/fr\/36485\/","title":{"rendered":"une m\u00e9t\u00e9o agit\u00e9e pour le week-end de P\u00e2ques \u00e0 Paris et en \u00cele-de-France"},"content":{"rendered":"<p>            Par<br \/>\n        <strong><br \/>\n            <a href=\"https:\/\/actu.fr\/auteur\/redaction-paris\" title=\"Consulter tous les articles de R\u00e9daction Paris\" target=\"_blank\" rel=\"noopener\">R\u00e9daction Paris<\/a><br \/>\n        <\/strong><\/p>\n<p>        Publi\u00e9 le<\/p>\n<p>            19 avr. 2025 \u00e0 6h06        <\/p>\n<p>Pas le temps id\u00e9al pour la <a href=\"https:\/\/actu.fr\/loisirs-culture\/paques-2025-commune-par-commune-la-liste-des-chasses-aux-oeufs-organisees-dans-le-val-de-marne_62508347.html\" target=\"_blank\" rel=\"noopener\">chasse aux oeufs<\/a>. La <a href=\"https:\/\/actu.fr\/paris\/meteo\" target=\"_blank\" rel=\"noopener\">m\u00e9t\u00e9o<\/a> de ce week-end de P\u00e2ques s\u2019annonce assez maussade \u00e0 Paris et en \u00cele-de-France, changeant radicalement par rapport \u00e0 celle que nous connaissions jusqu\u2019alors. Les pr\u00e9visions de <a href=\"https:\/\/actu.fr\/tag\/meteo-france\" target=\"_blank\" rel=\"noopener\">M\u00e9t\u00e9o France<\/a> ne laissent en tout cas que peu d\u2019espoirs pour les samedi 19, dimanche 20 et vendredi 21 avril avec de la pluie, des <a href=\"https:\/\/actu.fr\/tag\/orages\" target=\"_blank\" rel=\"noopener\">orages<\/a> et du vent au programme.\u00a0<\/p>\n<p>Les pr\u00e9visions de M\u00e9t\u00e9o France pour Paris et l\u2019\u00cele-de-France<\/p>\n<p class=\" wall-content\">Les hostilit\u00e9s commencent d\u00e8s ce samedi. \u00ab\u00a0Les remont\u00e9es instables se poursuivent et concernent la Nouvelle-Aquitaine, l\u2019ouest du Massif central et l\u2019Occitanie, annonce M\u00e9t\u00e9o France. Elles peuvent s\u2019\u00e9tendre jusqu\u2019au Centre-Val de Loire ainsi que de la Bretagne \u00e0 la r\u00e9gion parisienne\u00a0\u00bb.\u00a0<\/p>\n<p class=\" wall-content\">Samedi matin, la grisaille devrait \u00eatre de mise sur toute l\u2019\u00cele-de-France, mais sans pr\u00e9cipitations. La pluie devrait faire son apparition dans l\u2019apr\u00e8s-midi sous forme d\u2019ond\u00e9es \u00e9parses. Il est pr\u00e9vu seulement un millim\u00e8tre de cumul de pr\u00e9cipitations dans la capitale.<\/p>\n<p class=\" wall-content\">Dans la soir\u00e9e, M\u00e9t\u00e9o France pr\u00e9voit, en revanche des averses orageuses touchant tous les d\u00e9partements. Elles pourraient s\u2019accompagner de rafales de vente \u00e0 50 km\/h.\u00a0 La nuit devrait \u00eatre \u00e9galement le th\u00e9\u00e2tre de pluies. Les temp\u00e9ratures resteront agr\u00e9ables : 10\u00b0C le matin \u00e0 Paris, 19\u00b0C en d\u00e9but d\u2019apr\u00e8s-midi.\u00a0<\/p>\n<p class=\" wall-content\">Dimanche, les \u00e9claircies devraient \u00eatre pr\u00e9dominantes avant que les nuages ne deviennent de plus en nombreux en d\u00e9but d\u2019apr\u00e8s-midi. De petites pluies sont ensuite attendues, aux alentours d\u2019un millim\u00e8tre de pr\u00e9cipitations dans la capitale. Les temp\u00e9ratures \u00e9volueront de 12\u00b0C \u00e0 17\u00b0C dans la capitale.\u00a0<\/p>\n<p>Vid\u00e9os : en ce moment sur Actu<\/p>\n<p class=\" wall-content\">\n<p class=\" wall-content\">La pluie devrait encore \u00eatre de la partie lundi matin et une partie de l\u2019apr\u00e8s-midi avant un temps ensoleill\u00e9 pour finir sur une bonne note ce week-end de P\u00e2ques. A Paris, le mercure ne descendra pas sous les 10\u00b0C et ne devrait pas aller au-del\u00e0 des 17\u00b0C.\u00a0<\/p>\n<p class=\" wall-content\">Suivez toute l\u2019actualit\u00e9 de vos villes et m\u00e9dias favoris en vous inscrivant \u00e0 <a href=\"https:\/\/moncompte.actu.fr\" title=\"D\u00e9couvez Mon Actu\" rel=\"nofollow noopener\" data-trk=\"{&quot;cta&quot;:{&quot;action&quot;:&quot;https:\\\/\\\/moncompte.actu.fr&quot;,&quot;category&quot;:&quot;mon compte&quot;,&quot;from&quot;:&quot;article footer&quot;,&quot;name&quot;:&quot;Mon actu&quot;,&quot;type&quot;:&quot;cta&quot;}}\" target=\"_blank\">Mon Actu<\/a>.<\/p>\n","protected":false},"excerpt":{"rendered":"Par R\u00e9daction Paris Publi\u00e9 le 19 avr. 2025 \u00e0 6h06 Pas le temps id\u00e9al pour la chasse aux&hellip;\n","protected":false},"author":2,"featured_media":36486,"comment_status":"","ping_status":"","sticky":false,"template":"","format":"standard","meta":{"footnotes":""},"categories":[1592],"tags":[1111,11,1777,674,1011,27,662,2487,2357,12,4594,626,25],"class_list":{"0":"post-36485","1":"post","2":"type-post","3":"status-publish","4":"format-standard","5":"has-post-thumbnail","7":"category-ile-de-france","8":"tag-actu","9":"tag-actualites","10":"tag-eu","11":"tag-europe","12":"tag-fr","13":"tag-france","14":"tag-ile-de-france","15":"tag-meteo","16":"tag-meteo-france","17":"tag-news","18":"tag-orages","19":"tag-paris","20":"tag-republique-francaise"},"share_on_mastodon":{"url":"https:\/\/pubeurope.com\/@fr\/114364636467485127","error":""},"_links":{"self":[{"href":"https:\/\/www.europesays.com\/fr\/wp-json\/wp\/v2\/posts\/36485","targetHints":{"allow":["GET"]}}],"collection":[{"href":"https:\/\/www.europesays.com\/fr\/wp-json\/wp\/v2\/posts"}],"about":[{"href":"https:\/\/www.europesays.com\/fr\/wp-json\/wp\/v2\/types\/post"}],"author":[{"embeddable":true,"href":"https:\/\/www.europesays.com\/fr\/wp-json\/wp\/v2\/users\/2"}],"replies":[{"embeddable":true,"href":"https:\/\/www.europesays.com\/fr\/wp-json\/wp\/v2\/comments?post=36485"}],"version-history":[{"count":0,"href":"https:\/\/www.europesays.com\/fr\/wp-json\/wp\/v2\/posts\/36485\/revisions"}],"wp:featuredmedia":[{"embeddable":true,"href":"https:\/\/www.europesays.com\/fr\/wp-json\/wp\/v2\/media\/36486"}],"wp:attachment":[{"href":"https:\/\/www.europesays.com\/fr\/wp-json\/wp\/v2\/media?parent=36485"}],"wp:term":[{"taxonomy":"category","embeddable":true,"href":"https:\/\/www.europesays.com\/fr\/wp-json\/wp\/v2\/categories?post=36485"},{"taxonomy":"post_tag","embeddable":true,"href":"https:\/\/www.europesays.com\/fr\/wp-json\/wp\/v2\/tags?post=36485"}],"curies":[{"name":"wp","href":"https:\/\/api.w.org\/{rel}","templated":true}]}}