{"id":364850,"date":"2025-09-04T04:37:15","date_gmt":"2025-09-04T04:37:15","guid":{"rendered":"https:\/\/www.europesays.com\/fr\/364850\/"},"modified":"2025-09-04T04:37:15","modified_gmt":"2025-09-04T04:37:15","slug":"cryptorapts-apres-la-tentative-denlevement-a-paris-le-reseau-criminel-visait-un-entrepreneur-nantais","status":"publish","type":"post","link":"https:\/\/www.europesays.com\/fr\/364850\/","title":{"rendered":"\u00ab\u00a0Cryptorapts\u00a0\u00bb\u00a0: apr\u00e8s la tentative d\u2019enl\u00e8vement \u00e0 Paris, le r\u00e9seau criminel visait un entrepreneur nantais"},"content":{"rendered":"<p class=\"paragraph text_align_left lp-f-body-02\">Il est environ 5h15 du matin, ce lundi 26 mai 2025, lorsqu\u2019une voiture d\u00e9pose quatre hommes gant\u00e9s et v\u00eatus de sombre sur un parking de Cou\u00ebron (<a href=\"https:\/\/www.leparisien.fr\/loire-atlantique-44\/\" target=\"_self\" rel=\"nofollow noopener\">Loire-Atlantique<\/a>), en banlieue de Nantes. Le quatuor monte aussit\u00f4t \u00e0 bord d\u2019un fourgon vol\u00e9 et faussement plaqu\u00e9. Au m\u00eame moment, \u00e0 1 km de l\u00e0, une deuxi\u00e8me \u00e9quipe encagoul\u00e9e grimpe \u00e0 bord d\u2019un autre camion vol\u00e9. Les deux commandos semblent lourdement arm\u00e9s : un fusil d\u2019assaut et un Glock dans chaque fourgon. Des armes en r\u00e9alit\u00e9 factices. \u00c0 quelques dizaines de m\u00e8tres, une 208 blanche, une voiture \u00ab de logistique \u00bb, avec deux hommes \u00e0 bord, se tient pr\u00eate.<\/p>\n<p class=\"paragraph text_align_left lp-f-body-02\">Tous ignorent que 53 policiers d\u2019\u00e9lite de la police judiciaire (PJ) parisienne \u2014 23 de la brigade de r\u00e9pression du banditisme (BRB), 30 de la brigade de recherche et d\u2019intervention (BRI) \u2014 les observent discr\u00e8tement. Treize jours que la BRB, dans une enqu\u00eate d\u2019anthologie qui mobilise la quasi-totalit\u00e9 du service, traque cette \u00e9quipe \u00ab extr\u00eamement hi\u00e9rarchis\u00e9e \u00bb sp\u00e9cialis\u00e9e dans les <a href=\"https:\/\/www.leparisien.fr\/faits-divers\/les-pirates-ils-vont-ramener-la-meuf-dans-le-coffre-les-secrets-du-reseau-criminel-derriere-les-cryptorapts-30-05-2025-PXZ3BCIIGFAYPMYXHNQ7FQCO7I.php\" target=\"_self\" rel=\"nofollow noopener\">cryptorapts barbares<\/a>. Une \u00ab organisation mafieuse \u00bb, cloisonn\u00e9e, qui recrute facilement une main-d\u2019\u0153uvre violente, \u00ab interchangeable \u00e0 l\u2019infini \u00bb, pr\u00eate \u00e0 risquer les assises pour quelques milliers d\u2019euros. Les cerveaux, qui restent \u00e0 identifier, agissent de fa\u00e7on fr\u00e9n\u00e9tique.<\/p>\n","protected":false},"excerpt":{"rendered":"Il est environ 5h15 du matin, ce lundi 26 mai 2025, lorsqu\u2019une voiture d\u00e9pose quatre hommes gant\u00e9s et&hellip;\n","protected":false},"author":2,"featured_media":364851,"comment_status":"","ping_status":"","sticky":false,"template":"","format":"standard","meta":{"footnotes":""},"categories":[1888],"tags":[1111,1928,11,1927,459,1777,674,118,1011,27,12,1926,626,1925,25],"class_list":{"0":"post-364850","1":"post","2":"type-post","3":"status-publish","4":"format-standard","5":"has-post-thumbnail","7":"category-paris","8":"tag-actu","9":"tag-actu-paris","10":"tag-actualites","11":"tag-actualites-paris","12":"tag-departements-horsidfo","13":"tag-eu","14":"tag-europe","15":"tag-faits-divers","16":"tag-fr","17":"tag-france","18":"tag-news","19":"tag-news-paris","20":"tag-paris","21":"tag-paris-news","22":"tag-republique-francaise"},"share_on_mastodon":{"url":"https:\/\/pubeurope.com\/@fr\/115144179282341598","error":""},"_links":{"self":[{"href":"https:\/\/www.europesays.com\/fr\/wp-json\/wp\/v2\/posts\/364850","targetHints":{"allow":["GET"]}}],"collection":[{"href":"https:\/\/www.europesays.com\/fr\/wp-json\/wp\/v2\/posts"}],"about":[{"href":"https:\/\/www.europesays.com\/fr\/wp-json\/wp\/v2\/types\/post"}],"author":[{"embeddable":true,"href":"https:\/\/www.europesays.com\/fr\/wp-json\/wp\/v2\/users\/2"}],"replies":[{"embeddable":true,"href":"https:\/\/www.europesays.com\/fr\/wp-json\/wp\/v2\/comments?post=364850"}],"version-history":[{"count":0,"href":"https:\/\/www.europesays.com\/fr\/wp-json\/wp\/v2\/posts\/364850\/revisions"}],"wp:featuredmedia":[{"embeddable":true,"href":"https:\/\/www.europesays.com\/fr\/wp-json\/wp\/v2\/media\/364851"}],"wp:attachment":[{"href":"https:\/\/www.europesays.com\/fr\/wp-json\/wp\/v2\/media?parent=364850"}],"wp:term":[{"taxonomy":"category","embeddable":true,"href":"https:\/\/www.europesays.com\/fr\/wp-json\/wp\/v2\/categories?post=364850"},{"taxonomy":"post_tag","embeddable":true,"href":"https:\/\/www.europesays.com\/fr\/wp-json\/wp\/v2\/tags?post=364850"}],"curies":[{"name":"wp","href":"https:\/\/api.w.org\/{rel}","templated":true}]}}