{"id":364854,"date":"2025-09-04T04:39:31","date_gmt":"2025-09-04T04:39:31","guid":{"rendered":"https:\/\/www.europesays.com\/fr\/364854\/"},"modified":"2025-09-04T04:39:31","modified_gmt":"2025-09-04T04:39:31","slug":"des-photos-inedites-de-lepopee-france-98-vont-etre-exposees-dans-une-galerie-parisienne","status":"publish","type":"post","link":"https:\/\/www.europesays.com\/fr\/364854\/","title":{"rendered":"Des photos in\u00e9dites de l\u2019\u00e9pop\u00e9e France 98 vont \u00eatre expos\u00e9es dans une galerie parisienne"},"content":{"rendered":"<p>Il n\u2019y a jamais trop de c\u00e9l\u00e9brations de France 98. Les 13 et 14 septembre, \u00e0 l\u2019initiative du m\u00e9dia Why Always Loge, une quarantaine de <a href=\"https:\/\/www.timeout.fr\/paris\/expositions-photo\" target=\"_blank\" rel=\"noopener\">photos<\/a> en noir et blanc shoot\u00e9es pendant l\u2019\u00e9pop\u00e9e victorieuse de la Coupe du monde 1998 par le journaliste et r\u00e9al St\u00e9phane Meunier <a href=\"https:\/\/www.timeout.fr\/paris\/art\/les-expositions-du-moment\" target=\"_blank\" rel=\"noopener\">vont \u00eatre expos\u00e9es<\/a> pour la premi\u00e8re fois, au 10 rue du Perche dans le 3e arrondissement.<\/p>\n<p><strong>Au d\u00e9but du mythe France 98<\/strong><\/p>\n<p>St\u00e9phane Meunier est un personnage central dans la construction du mythe France 98, puisque c\u2019est lui qui a r\u00e9alis\u00e9 Les Yeux dans les Bleus. Sorti un 14 juillet, deux jours seulement apr\u00e8s la finale contre le Br\u00e9sil, ce docu immersif est imm\u00e9diatement entr\u00e9 dans l\u2019imaginaire collectif avec des sc\u00e8nes comme \u00ab Petit bonhomme, c\u2019est pas Zizou \u00bb ou \u00ab Muscle ton jeu Robert ! \u00bb.<\/p>\n<p>Les photos laissent voir un groupe qui a l\u2019air de plut\u00f4t bien vivre, o\u00f9 le duo Trezeguet-Henry s\u2019offre un une-deux d\u2019\u00e9couteurs, Thuram se fait la boule \u00e0 z en pensant \u00e0 la Croatie, Zizou montre le toit du monde et Fabien Barthez lit une BD d\u00e9tente au plumard\u2026 en fumant une clope. Pour plonger encore plus profond\u00e9ment dans le mythe \u2013 et en plus, c\u2019est gratuit !\u00a0\u00a0<\/p>\n<p><strong>Quand ?<\/strong> les 13 et 14 septembre 2025, de 9h30 \u00e0 20h.<br \/><strong>O\u00f9 ? <\/strong>10 rue du Perche, Paris 3e<br \/><strong>Combien ?<\/strong> entr\u00e9e gratuite.<\/p>\n<p><img decoding=\"async\" id=\"c15f8d18-9377-4cbf-efba-c1a26ad0cdca\" class=\"photo lazy inline\" loading=\"lazy\" data-component=\"lazy-embed\" src=\"https:\/\/www.europesays.com\/fr\/wp-content\/uploads\/2025\/09\/1756960768_134_image.webp.webp\" alt=\"Barthez St\u00e9phane Meunier\" data-caption=\"\" data-credit=\"\u00a9 St\u00e9phane Meunier\" data-width-class=\"\" data-image-id=\"106314014\"\/>&#13;<br \/>\n\u00a9 St\u00e9phane Meunier&#13;<\/p>\n<p><img decoding=\"async\" id=\"36a6b4c7-64ad-f2b4-ead7-e84eaeeee5f6\" class=\"photo lazy inline\" loading=\"lazy\" data-component=\"lazy-embed\" src=\"https:\/\/www.europesays.com\/fr\/wp-content\/uploads\/2025\/09\/1756960771_659_image.webp.webp\" alt=\" St\u00e9phane Meunier\" data-caption=\"\" data-credit=\" \u00a9 St\u00e9phane Meunier\" data-width-class=\"\" data-image-id=\"106314015\"\/>&#13;<br \/>\n\u00a9 St\u00e9phane Meunier&#13;<\/p>\n","protected":false},"excerpt":{"rendered":"Il n\u2019y a jamais trop de c\u00e9l\u00e9brations de France 98. Les 13 et 14 septembre, \u00e0 l\u2019initiative du&hellip;\n","protected":false},"author":2,"featured_media":364855,"comment_status":"","ping_status":"","sticky":false,"template":"","format":"standard","meta":{"footnotes":""},"categories":[1888],"tags":[11,19909,3734,19908,1777,674,1011,27,12,626,25],"class_list":{"0":"post-364854","1":"post","2":"type-post","3":"status-publish","4":"format-standard","5":"has-post-thumbnail","7":"category-paris","8":"tag-actualites","9":"tag-actualites-art","10":"tag-art","11":"tag-categories-art","12":"tag-eu","13":"tag-europe","14":"tag-fr","15":"tag-france","16":"tag-news","17":"tag-paris","18":"tag-republique-francaise"},"share_on_mastodon":{"url":"https:\/\/pubeurope.com\/@fr\/115144187233421598","error":""},"_links":{"self":[{"href":"https:\/\/www.europesays.com\/fr\/wp-json\/wp\/v2\/posts\/364854","targetHints":{"allow":["GET"]}}],"collection":[{"href":"https:\/\/www.europesays.com\/fr\/wp-json\/wp\/v2\/posts"}],"about":[{"href":"https:\/\/www.europesays.com\/fr\/wp-json\/wp\/v2\/types\/post"}],"author":[{"embeddable":true,"href":"https:\/\/www.europesays.com\/fr\/wp-json\/wp\/v2\/users\/2"}],"replies":[{"embeddable":true,"href":"https:\/\/www.europesays.com\/fr\/wp-json\/wp\/v2\/comments?post=364854"}],"version-history":[{"count":0,"href":"https:\/\/www.europesays.com\/fr\/wp-json\/wp\/v2\/posts\/364854\/revisions"}],"wp:featuredmedia":[{"embeddable":true,"href":"https:\/\/www.europesays.com\/fr\/wp-json\/wp\/v2\/media\/364855"}],"wp:attachment":[{"href":"https:\/\/www.europesays.com\/fr\/wp-json\/wp\/v2\/media?parent=364854"}],"wp:term":[{"taxonomy":"category","embeddable":true,"href":"https:\/\/www.europesays.com\/fr\/wp-json\/wp\/v2\/categories?post=364854"},{"taxonomy":"post_tag","embeddable":true,"href":"https:\/\/www.europesays.com\/fr\/wp-json\/wp\/v2\/tags?post=364854"}],"curies":[{"name":"wp","href":"https:\/\/api.w.org\/{rel}","templated":true}]}}