{"id":364858,"date":"2025-09-04T04:41:19","date_gmt":"2025-09-04T04:41:19","guid":{"rendered":"https:\/\/www.europesays.com\/fr\/364858\/"},"modified":"2025-09-04T04:41:19","modified_gmt":"2025-09-04T04:41:19","slug":"plus-de-failles-pour-poutine-le-danemark-force-les-importateurs-europeens-a-prouver-que-leur-gaz-ne-vient-pas-de-russie-avant-2027","status":"publish","type":"post","link":"https:\/\/www.europesays.com\/fr\/364858\/","title":{"rendered":"\u00ab Plus de failles pour Poutine \u00bb : le Danemark force les importateurs europ\u00e9ens \u00e0 prouver que leur gaz ne vient pas de Russie avant 2027"},"content":{"rendered":"<tr>\n<td><strong>EN BREF<\/strong><\/td>\n<\/tr>\n<tr>\n<td>\n<ul>\n<li>\ud83d\udd0d L\u2019Union europ\u00e9enne envisage de nouvelles mesures pour fermer les <strong>failles<\/strong> permettant l\u2019entr\u00e9e de gaz russe.<\/li>\n<li>\ud83d\udcdc Le Danemark propose que les importateurs prouvent que leurs approvisionnements ne proviennent pas de <strong>Russie<\/strong>.<\/li>\n<li>Les pipelines comme le <strong>TurkStream<\/strong> sont sp\u00e9cifiquement vis\u00e9s par ces r\u00e9glementations potentielles.<\/li>\n<li>\ud83c\udfc1 Objectif : finaliser la l\u00e9gislation avant la fin de l\u2019ann\u00e9e pour renforcer la <strong>s\u00e9curit\u00e9 \u00e9nerg\u00e9tique<\/strong> de l\u2019Europe.<\/li>\n<\/ul>\n<\/td>\n<\/tr>\n<p>Alors que l\u2019Union europ\u00e9enne s\u2019approche de la mise en \u0153uvre d\u2019une interdiction totale des importations de gaz russe d\u2019ici 2027, l\u2019accent est mis sur la fermeture des \u00e9ventuelles failles pouvant permettre \u00e0 ce gaz de continuer \u00e0 p\u00e9n\u00e9trer sur le march\u00e9 europ\u00e9en. Le renforcement des mesures de contr\u00f4le est au centre des discussions, avec un projet de proposition circul\u00e9 par le Danemark qui suscite d\u00e9j\u00e0 des d\u00e9bats au sein des \u00c9tats membres. Cette proposition refl\u00e8te les pr\u00e9occupations actuelles sur la tra\u00e7abilit\u00e9 et la provenance des approvisionnements en gaz.<\/p>\n<p>Les enjeux du gaz russe en Europe<\/p>\n<p>Depuis l\u2019invasion de l\u2019Ukraine par la Russie, l\u2019Europe tente de r\u00e9duire sa d\u00e9pendance \u00e9nerg\u00e9tique vis-\u00e0-vis de Moscou. Cette d\u00e9pendance a longtemps \u00e9t\u00e9 per\u00e7ue comme un levier de pouvoir pour la Russie. Le gaz naturel est l\u2019un des principaux produits d\u2019exportation de la Russie, et sa vente repr\u00e9sente une source de revenus cruciale pour l\u2019\u00e9conomie russe. <strong>L\u2019Union europ\u00e9enne<\/strong> a donc d\u00e9cid\u00e9 d\u2019agir fermement pour couper cette source de financement. Cependant, la complexit\u00e9 des cha\u00eenes d\u2019approvisionnement en gaz et le m\u00e9lange avec d\u2019autres sources rendent la t\u00e2che ardue. Les pipelines comme le TurkStream, qui relie la Russie \u00e0 l\u2019Europe du Sud-Est, sont en ligne de mire des nouvelles r\u00e9glementations envisag\u00e9es.<\/p>\n<p>Ces mesures visent \u00e0 garantir que le gaz qui entre en Europe ne provient pas, directement ou indirectement, de Russie. La proposition danoise stipule qu\u2019en l\u2019absence de preuves claires, tout gaz transitant par certaines voies serait pr\u00e9sum\u00e9 russe. Ce m\u00e9canisme de pr\u00e9somption invers\u00e9e pourrait compliquer la t\u00e2che des importateurs, qui devront fournir des garanties sur l\u2019origine de leurs approvisionnements.<\/p>\n<blockquote class=\"wp-embedded-content\" data-secret=\"fFRNEX9lD4\">\n<p><a href=\"https:\/\/www.le-gaz.fr\/2025\/07\/28\/ces-flammes-toxiques-vous-empoisonnent-des-experts-sonnent-lalarme-sur-les-dangers-caches-des-cuisinieres-a-gaz-dans-nos-foyers-modernes\/\" rel=\"nofollow noopener\" target=\"_blank\">\u00ab Ces flammes toxiques vous empoisonnent \u00bb : des experts sonnent l\u2019alarme sur les dangers cach\u00e9s des cuisini\u00e8res \u00e0 gaz dans nos foyers modernes<\/a><\/p>\n<\/blockquote>\n<p>Une proposition danoise sous les projecteurs<\/p>\n<p>Le Danemark, qui assure la pr\u00e9sidence tournante de l\u2019UE, a propos\u00e9 que les importateurs de gaz soient tenus de d\u00e9montrer que leurs approvisionnements ne proviennent pas de Russie. Cette initiative intervient alors que plusieurs pays europ\u00e9ens cherchent \u00e0 diversifier leurs sources \u00e9nerg\u00e9tiques. Toutefois, la mise en \u0153uvre de cette proposition pourrait s\u2019av\u00e9rer complexe. Elle exige que les importateurs fournissent des preuves claires, ce qui peut \u00eatre difficile compte tenu des nombreux interm\u00e9diaires et transactions qui caract\u00e9risent le march\u00e9 du gaz.<\/p>\n<blockquote>\n<p>Cette proposition vise \u00e0 \u00e9viter que le gaz russe ne soit m\u00e9lang\u00e9 \u00e0 d\u2019autres sources et re-export\u00e9 sous une fausse \u00e9tiquette.<\/p>\n<blockquote class=\"wp-embedded-content\" data-secret=\"HIJFkmWuhe\"><p><a href=\"https:\/\/www.le-gaz.fr\/2025\/06\/28\/drame-en-ardeche-une-fuite-de-gaz-a-la-voulte-sur-rhone-force-levacuation-de-plus-de-300-habitants-collegiens-et-enseignants-effrayes\/\" rel=\"nofollow noopener\" target=\"_blank\">Drame en Ard\u00e8che : une fuite de gaz \u00e0 La-Voulte-sur-Rh\u00f4ne force l&rsquo;\u00e9vacuation de plus de 300 habitants, coll\u00e9giens et enseignants effray\u00e9s<\/a><\/p><\/blockquote>\n<p><iframe loading=\"lazy\" class=\"wp-embedded-content\" sandbox=\"allow-scripts\" security=\"restricted\" style=\"position: absolute; visibility: hidden;\" title=\"\u00ab\u00a0Drame en Ard\u00e8che : une fuite de gaz \u00e0 La-Voulte-sur-Rh\u00f4ne force l&rsquo;\u00e9vacuation de plus de 300 habitants, coll\u00e9giens et enseignants effray\u00e9s\u00a0\u00bb &#8212; Le Gaz\" src=\"https:\/\/www.le-gaz.fr\/2025\/06\/28\/drame-en-ardeche-une-fuite-de-gaz-a-la-voulte-sur-rhone-force-levacuation-de-plus-de-300-habitants-collegiens-et-enseignants-effrayes\/embed\/#?secret=kCY1tIpLVg#?secret=HIJFkmWuhe\" data-secret=\"HIJFkmWuhe\" width=\"600\" height=\"338\" frameborder=\"0\" marginwidth=\"0\" marginheight=\"0\" scrolling=\"no\"><\/iframe><\/p>\n<\/blockquote>\n<p>Les discussions au sein de l\u2019UE se concentrent \u00e9galement sur la mani\u00e8re de g\u00e9rer les contrats existants. Les contrats \u00e0 court terme devront cesser d\u2019ici la mi-2026, tandis que les contrats \u00e0 long terme seront compl\u00e8tement interdits d\u2019ici fin 2027. Des exemptions sont propos\u00e9es pour certains pays enclav\u00e9s, mais la question reste sensible.<\/p>\n<p>Les implications politiques et \u00e9conomiques<\/p>\n<p>La proposition danoise soul\u00e8ve des questions politiques importantes au sein de l\u2019UE. Certains \u00c9tats membres, notamment ceux qui d\u00e9pendent encore largement des importations de gaz russe, expriment des r\u00e9serves. Le d\u00e9fi consiste \u00e0 \u00e9quilibrer la s\u00e9curit\u00e9 \u00e9nerg\u00e9tique de l\u2019Europe avec les objectifs politiques et \u00e9conomiques. La Russie, de son c\u00f4t\u00e9, cherche \u00e0 rediriger ses exportations vers l\u2019Asie, comme en t\u00e9moigne l\u2019accord r\u00e9cent sur le pipeline Power of Siberia-2 avec la Chine. Cela souligne l\u2019urgence pour l\u2019Europe de trouver des sources alternatives d\u2019approvisionnement.<\/p>\n<p>Ces mesures pourraient \u00e9galement avoir des r\u00e9percussions \u00e9conomiques importantes. Les co\u00fbts li\u00e9s \u00e0 la mise en \u0153uvre de nouveaux syst\u00e8mes de v\u00e9rification pourraient se r\u00e9percuter sur les consommateurs finaux. En outre, la n\u00e9cessit\u00e9 d\u2019acc\u00e9l\u00e9rer la transition vers des sources d\u2019\u00e9nergie renouvelables devient plus pressante. Cette situation complexifie les relations commerciales et politiques de l\u2019UE avec ses partenaires ext\u00e9rieurs.<\/p>\n<p>La voie \u00e0 suivre pour l\u2019Union europ\u00e9enne<\/p>\n<p>Alors que le Danemark esp\u00e8re obtenir un soutien suffisant de la part des \u00c9tats membres d\u2019ici octobre, le chemin vers l\u2019adoption de cette l\u00e9gislation reste sem\u00e9 d\u2019emb\u00fbches. Les n\u00e9gociations avec le Parlement europ\u00e9en seront cruciales pour finaliser ces mesures avant la fin de l\u2019ann\u00e9e. <strong>La volont\u00e9 politique<\/strong> de l\u2019UE d\u2019avancer sur ce dossier sera d\u00e9terminante. La mise en place de mesures efficaces pourrait renforcer la s\u00e9curit\u00e9 \u00e9nerg\u00e9tique de l\u2019Europe \u00e0 long terme, tout en envoyant un message clair \u00e0 la Russie.<\/p>\n<blockquote>\n<p>Le renforcement des contr\u00f4les sur les importations de gaz est devenu un enjeu strat\u00e9gique majeur pour l\u2019Union europ\u00e9enne.<\/p>\n<\/blockquote>\n<p>En fin de compte, la capacit\u00e9 de l\u2019UE \u00e0 s\u2019adapter \u00e0 ce nouveau contexte \u00e9nerg\u00e9tique et \u00e0 renforcer ses m\u00e9canismes de contr\u00f4le d\u00e9terminera son succ\u00e8s dans la r\u00e9duction de sa d\u00e9pendance au gaz russe. Cette situation soul\u00e8ve une question essentielle : l\u2019Europe parviendra-t-elle \u00e0 conjuguer s\u00e9curit\u00e9 \u00e9nerg\u00e9tique et ind\u00e9pendance strat\u00e9gique tout en maintenant ses engagements en mati\u00e8re de transition \u00e9cologique ?<\/p>\n<p>Cet article s\u2019appuie sur des sources v\u00e9rifi\u00e9es et l\u2019assistance de technologies \u00e9ditoriales.<\/p>\n<p id=\"rating\">\u00c7a vous a plu ?\u00a04.6\/5 (21)<\/p>\n","protected":false},"excerpt":{"rendered":"EN BREF \ud83d\udd0d L\u2019Union europ\u00e9enne envisage de nouvelles mesures pour fermer les failles permettant l\u2019entr\u00e9e de gaz russe.&hellip;\n","protected":false},"author":2,"featured_media":364859,"comment_status":"","ping_status":"","sticky":false,"template":"","format":"standard","meta":{"footnotes":""},"categories":[1591],"tags":[11,1887,12,1885,1886,132],"class_list":{"0":"post-364858","1":"post","2":"type-post","3":"status-publish","4":"format-standard","5":"has-post-thumbnail","7":"category-russie","8":"tag-actualites","9":"tag-federation-de-russie","10":"tag-news","11":"tag-russia","12":"tag-russian-federation","13":"tag-russie"},"share_on_mastodon":{"url":"https:\/\/pubeurope.com\/@fr\/115144195116886292","error":""},"_links":{"self":[{"href":"https:\/\/www.europesays.com\/fr\/wp-json\/wp\/v2\/posts\/364858","targetHints":{"allow":["GET"]}}],"collection":[{"href":"https:\/\/www.europesays.com\/fr\/wp-json\/wp\/v2\/posts"}],"about":[{"href":"https:\/\/www.europesays.com\/fr\/wp-json\/wp\/v2\/types\/post"}],"author":[{"embeddable":true,"href":"https:\/\/www.europesays.com\/fr\/wp-json\/wp\/v2\/users\/2"}],"replies":[{"embeddable":true,"href":"https:\/\/www.europesays.com\/fr\/wp-json\/wp\/v2\/comments?post=364858"}],"version-history":[{"count":0,"href":"https:\/\/www.europesays.com\/fr\/wp-json\/wp\/v2\/posts\/364858\/revisions"}],"wp:featuredmedia":[{"embeddable":true,"href":"https:\/\/www.europesays.com\/fr\/wp-json\/wp\/v2\/media\/364859"}],"wp:attachment":[{"href":"https:\/\/www.europesays.com\/fr\/wp-json\/wp\/v2\/media?parent=364858"}],"wp:term":[{"taxonomy":"category","embeddable":true,"href":"https:\/\/www.europesays.com\/fr\/wp-json\/wp\/v2\/categories?post=364858"},{"taxonomy":"post_tag","embeddable":true,"href":"https:\/\/www.europesays.com\/fr\/wp-json\/wp\/v2\/tags?post=364858"}],"curies":[{"name":"wp","href":"https:\/\/api.w.org\/{rel}","templated":true}]}}