{"id":364860,"date":"2025-09-04T04:42:10","date_gmt":"2025-09-04T04:42:10","guid":{"rendered":"https:\/\/www.europesays.com\/fr\/364860\/"},"modified":"2025-09-04T04:42:10","modified_gmt":"2025-09-04T04:42:10","slug":"en-direct-guerre-en-ukraine-zelensky-a-paris-pour-une-reunion-de-la-coalition-des-volontaires","status":"publish","type":"post","link":"https:\/\/www.europesays.com\/fr\/364860\/","title":{"rendered":"EN DIRECT &#8211; Guerre en Ukraine : Zelensky \u00e0 Paris pour une r\u00e9union de la Coalition des volontaires"},"content":{"rendered":"<ul class=\"jsx-862013697 ArticleChapo__List\">\n<li class=\"jsx-862013697 ArticleChapo__List_Item flex\">Le pr\u00e9sident ukrainien assiste ce jeudi \u00e0 Paris \u00e0 une r\u00e9union avec la Coalition des volontaires.<\/li>\n<li class=\"jsx-862013697 ArticleChapo__List_Item flex\">Une rencontre \u00e0 laquelle LCI consacre une \u00e9dition sp\u00e9ciale \u00e0 partir de 14h.<\/li>\n<li class=\"jsx-862013697 ArticleChapo__List_Item flex\">Suivez les derni\u00e8res informations.<\/li>\n<\/ul>\n<p data-module=\"article-paragraph\" class=\"jsx-3046738180 Paragraph Paragraph__End\">Emmanuel Macron et le Premier ministre britannique Keir Starmer copr\u00e9sideront ce jeudi 4 septembre \u00e0 l&rsquo;\u00c9lys\u00e9e, en pr\u00e9sence du pr\u00e9sident ukrainien Volodymyr Zelensky, une r\u00e9union des pays soutenant militairement l&rsquo;Ukraine. Une rencontre \u00e0 suivre sur LCI, qui y consacrera une \u00e9dition sp\u00e9ciale \u00e0 partir de 14h.\u00a0<\/p>\n<p>Minute par minuteGARANTIES DE S\u00c9CURIT\u00c906:19<\/p>\n<p>La Russie a d\u00e9nonc\u00e9 comme des \u00ab\u00a0garanties de danger pour le continent europ\u00e9en\u00a0\u00bb les assurances demand\u00e9es par Kiev dans le cadre d&rsquo;un r\u00e8glement du conflit en Ukraine. La porte-parole de la diplomatie russe Maria Zakharova a r\u00e9p\u00e9t\u00e9 que la Russie jugeait \u00ab\u00a0absolument inacceptables\u00a0\u00bb les garanties de s\u00e9curit\u00e9 demand\u00e9es par le pr\u00e9sident Volodymyr Zelensky et qui doivent \u00eatre discut\u00e9es lors d&rsquo;une r\u00e9union de la \u00ab\u00a0Coalition des volontaires\u00a0\u00bb aujourd&rsquo;hui.\u00a0<\/p>\n<p>\u00ab\u00a0INTERVENTION \u00c9TRANG\u00c8RE\u00a0\u00bb06:01<\/p>\n<p>La Russie a averti qu&rsquo;elle refusait de discuter d&rsquo;une quelconque \u00ab\u00a0intervention \u00e9trang\u00e8re\u00a0\u00bb en Ukraine, \u00ab\u00a0quelle qu&rsquo;en soit la forme\u00a0\u00bb, alors que certains Europ\u00e9ens se sont dits pr\u00eats \u00e0 d\u00e9ployer des troupes dans le cadre d&rsquo;un r\u00e8glement du conflit. Ce \u00ab\u00a0serait fondamentalement inacceptable et saperait toute forme de s\u00e9curit\u00e9, sous quelque forme ou format que ce soit\u00a0\u00bb, a d\u00e9clar\u00e9 la porte-parole de la diplomatie russe Maria Zakharova devant des journalistes \u00e0 Vladivostok, dans l&rsquo;Extr\u00eame-Orient russe.<\/p>\n<p>06:00<\/p>\n<p>Bonjour et bienvenue dans ce direct consacr\u00e9 \u00e0 la guerre en Ukraine. Retrouvez ici les derni\u00e8res informations.<\/p>\n<p data-module=\"article-paragraph\" class=\"jsx-3046738180 Paragraph\">Cette <a href=\"https:\/\/www.tf1info.fr\/international\/guerre-ukraine-volodymyr-zelensky-rencontre-les-dirigeants-europeens-jeudi-a-paris-de-quoi-parleront-ils-2392420.html\" target=\"_blank\" rel=\"noopener\">r\u00e9union de la Coalition des volontaires<\/a>, une trentaine de pays principalement europ\u00e9ens, se tiendra dans la matin\u00e9e, en visioconf\u00e9rence pour les chefs d&rsquo;\u00c9tat et de gouvernement qui ne seront pas \u00e0 Paris, a pr\u00e9cis\u00e9 l&rsquo;\u00c9lys\u00e9e.<\/p>\n<p data-module=\"article-paragraph\" class=\"jsx-3046738180 Paragraph\">Dans la foul\u00e9e de la r\u00e9union entre <a href=\"https:\/\/www.tf1info.fr\/international\/en-image-la-photo-de-famille-historique-des-dirigeants-europeens-recus-par-trump-a-la-maison-blanche-2389412.html\" target=\"_blank\" rel=\"noopener\">six d&rsquo;entre eux et Donald Trump le 18 ao\u00fbt \u00e0 la Maison Blanche<\/a>, ils \u00ab\u00a0discuteront des travaux sur les garanties de s\u00e9curit\u00e9 pour l\u2019Ukraine conduits ces derni\u00e8res semaines et feront un point sur les cons\u00e9quences \u00e0 tirer de l\u2019attitude de la Russie qui s\u2019obstine \u00e0 refuser la paix\u00a0\u00bb.<\/p>\n<p data-module=\"article-paragraph\" class=\"jsx-3046738180 Paragraph Paragraph__End\"><strong>Retrouvez les derni\u00e8res informations dans le fil ci-dessus.\u00a0<\/strong><\/p>\n<p>La r\u00e9daction de TF1info<\/p>\n","protected":false},"excerpt":{"rendered":"Le pr\u00e9sident ukrainien assiste ce jeudi \u00e0 Paris \u00e0 une r\u00e9union avec la Coalition des volontaires. Une rencontre&hellip;\n","protected":false},"author":2,"featured_media":364861,"comment_status":"","ping_status":"","sticky":false,"template":"","format":"standard","meta":{"footnotes":""},"categories":[1590],"tags":[1111,11,1921,1777,674,47994,28083,1922,12,132,220,133,1920,135,134],"class_list":{"0":"post-364860","1":"post","2":"type-post","3":"status-publish","4":"format-standard","5":"has-post-thumbnail","7":"category-ukraine","8":"tag-actu","9":"tag-actualites","10":"tag-article-video","11":"tag-eu","12":"tag-europe","13":"tag-guerre-en-ukraine-la-rencontre-poutine-zelensky-seloigne","14":"tag-guerre-en-ukraine-une-treve-sera-t-elle-possible","15":"tag-info","16":"tag-news","17":"tag-russie","18":"tag-ukraine","19":"tag-video","20":"tag-video-international","21":"tag-vladimir-poutine","22":"tag-volodymyr-zelensky"},"share_on_mastodon":{"url":"https:\/\/pubeurope.com\/@fr\/115144199006281325","error":""},"_links":{"self":[{"href":"https:\/\/www.europesays.com\/fr\/wp-json\/wp\/v2\/posts\/364860","targetHints":{"allow":["GET"]}}],"collection":[{"href":"https:\/\/www.europesays.com\/fr\/wp-json\/wp\/v2\/posts"}],"about":[{"href":"https:\/\/www.europesays.com\/fr\/wp-json\/wp\/v2\/types\/post"}],"author":[{"embeddable":true,"href":"https:\/\/www.europesays.com\/fr\/wp-json\/wp\/v2\/users\/2"}],"replies":[{"embeddable":true,"href":"https:\/\/www.europesays.com\/fr\/wp-json\/wp\/v2\/comments?post=364860"}],"version-history":[{"count":0,"href":"https:\/\/www.europesays.com\/fr\/wp-json\/wp\/v2\/posts\/364860\/revisions"}],"wp:featuredmedia":[{"embeddable":true,"href":"https:\/\/www.europesays.com\/fr\/wp-json\/wp\/v2\/media\/364861"}],"wp:attachment":[{"href":"https:\/\/www.europesays.com\/fr\/wp-json\/wp\/v2\/media?parent=364860"}],"wp:term":[{"taxonomy":"category","embeddable":true,"href":"https:\/\/www.europesays.com\/fr\/wp-json\/wp\/v2\/categories?post=364860"},{"taxonomy":"post_tag","embeddable":true,"href":"https:\/\/www.europesays.com\/fr\/wp-json\/wp\/v2\/tags?post=364860"}],"curies":[{"name":"wp","href":"https:\/\/api.w.org\/{rel}","templated":true}]}}