{"id":364863,"date":"2025-09-04T04:43:12","date_gmt":"2025-09-04T04:43:12","guid":{"rendered":"https:\/\/www.europesays.com\/fr\/364863\/"},"modified":"2025-09-04T04:43:12","modified_gmt":"2025-09-04T04:43:12","slug":"etats-unis-google-condamne-a-verser-425-millions-de-dollars","status":"publish","type":"post","link":"https:\/\/www.europesays.com\/fr\/364863\/","title":{"rendered":"\u00c9tats-Unis: Google condamn\u00e9 \u00e0 verser 425 millions de dollars"},"content":{"rendered":"<p>Publi\u00e94. septembre 2025, 06:15<\/p>\n<p>\u00c9tats-Unis: Google condamn\u00e9 \u00e0 verser 425 millions de dollars<\/p>\n<p>Le g\u00e9ant du web a \u00e9t\u00e9 condamn\u00e9 pour collecte frauduleuse de donn\u00e9es. Il a annonc\u00e9 vouloir faire appel.<\/p>\n<p><img loading=\"lazy\" decoding=\"async\" src=\"https:\/\/www.europesays.com\/fr\/wp-content\/uploads\/2025\/09\/9e01a495-57b5-4330-967d-aea29150a949.jpg\" alt=\"Google a \u00e9t\u00e9 condamn\u00e9 mercredi aux Etats-Unis \u00e0 verser 425,7 millions de dollars de dommages \u00e0 pr\u00e8s de 100 millions d\u2019utilisateurs.\" title=\"Google a \u00e9t\u00e9 condamn\u00e9 mercredi aux Etats-Unis \u00e0 verser 425,7 millions de dollars de dommages \u00e0 pr\u00e8s de 100 millions d\u2019utilisateurs.\"  width=\"865\" height=\"556\"\/><\/p>\n<p>Google a \u00e9t\u00e9 condamn\u00e9 mercredi aux Etats-Unis \u00e0 verser 425,7 millions de dollars de dommages \u00e0 pr\u00e8s de 100 millions d\u2019utilisateurs.<\/p>\n<p>AFP<\/p>\n<p>Google a \u00e9t\u00e9 condamn\u00e9 mercredi aux Etats-Unis \u00e0 verser 425,7 millions de dollars de dommages \u00e0 pr\u00e8s de 100 millions d\u2019utilisateurs pour atteinte \u00e0 leur vie priv\u00e9e, selon la d\u00e9cision d\u2019un jury d\u2019une cour f\u00e9d\u00e9rale de San Francisco confirm\u00e9e par le g\u00e9ant am\u00e9ricain.<\/p>\n<p>Le g\u00e9ant du web, qui a annonc\u00e9 vouloir faire appel, a \u00e9t\u00e9 reconnu coupable d\u2019atteinte \u00e0 la vie priv\u00e9e selon la loi californienne, pour avoir continu\u00e9 \u00e0 collecter les donn\u00e9es priv\u00e9es de ces utilisateurs alors m\u00eame qu\u2019ils avaient d\u00e9sactiv\u00e9 ce param\u00e8tre, a conclu le jury au terme d\u2019un proc\u00e8s entam\u00e9 mi-ao\u00fbt.<\/p>\n<p>L\u2019affaire d\u00e9coule d\u2019un recours collectif d\u00e9pos\u00e9 en juillet 2020.<\/p>\n<p>Les plaignants, dont environ 98 millions ont \u00e9t\u00e9 reconnus par le tribunal, avaient d\u00e9sactiv\u00e9 le param\u00e8tre \u00abActivit\u00e9 sur le Web et les applications\u00bb et un autre sous-param\u00e8tre de suivi. Ils refusaient ainsi la collecte des donn\u00e9es issues de leur utilisation de services r\u00e9pandues du g\u00e9ant du web, comme le navigateur Chrome, Google Maps ou Google Actualit\u00e9s.<\/p>\n<p>\u00abLes promesses et garanties de Google en mati\u00e8re de confidentialit\u00e9 sont des mensonges \u00e9hont\u00e9s\u00bb, ont d\u00e9clar\u00e9 les avocats des plaignants lors du proc\u00e8s.<\/p>\n<p>\u00abCette d\u00e9cision m\u00e9conna\u00eet le fonctionnement de nos produits, et nous allons faire appel\u00bb, a d\u00e9clar\u00e9 Jos\u00e9 Castaneda, porte-parole de Google joint par l\u2019AFP.<\/p>\n<p>\u00abNos outils de confidentialit\u00e9 permettent aux utilisateurs de contr\u00f4ler leurs donn\u00e9es, et lorsqu\u2019ils d\u00e9sactivent la personnalisation, nous respectons leur choix\u00bb, a-t-il ajout\u00e9.<\/p>\n<p>Le groupe fait valoir que les donn\u00e9es collect\u00e9es apr\u00e8s la d\u00e9sactivation du param\u00e8tre de suivi ne permettent pas d\u2019identifier les utilisateurs.<\/p>\n<p>La filiale d\u2019Alphabet est de longue date sous pression pour trouver un \u00e9quilibre entre sa diffusion de publicit\u00e9s lucratives, au coeur de son succ\u00e8s financier, et la protection de la vie priv\u00e9e des utilisateurs.<\/p>\n<p>Le g\u00e9ant de la Silicon Valley s\u2019efforce ainsi de remplacer les cookies, ces petits fichiers qui permettent de suivre l\u2019activit\u00e9 en ligne et de mieux cibler les publicit\u00e9s, par un m\u00e9canisme moins intrusif mais tout aussi efficace.<\/p>\n<p>En France, Google a \u00e9cop\u00e9 mercredi d\u2019une amende record de 325 millions d\u2019euros pour des manquements sur les cookies ainsi que sur la publicit\u00e9.<\/p>\n<p>Cette sanction lui a \u00e9t\u00e9 inflig\u00e9e par l\u2019autorit\u00e9 fran\u00e7aise de contr\u00f4le du respect de la vie priv\u00e9e (Cnil), qui lui reproche d\u2019avoir afficher des publicit\u00e9s au milieu des courriels d\u2019utilisateurs fran\u00e7ais de Gmail sans leur consentement, et pour un d\u00e9faut d\u2019information sur l\u2019usage des cookies, des traceurs de navigation.<\/p>\n<p>C\u2019est la troisi\u00e8me fois, en mati\u00e8re de cookies, que l\u2019autorit\u00e9 fran\u00e7aise sanctionne la \u00abn\u00e9gligence\u00bb du groupe, frapp\u00e9 en 2020 par une amende de 100 millions d\u2019euros, puis en 2021 par une nouvelle contravention de 150 millions.<\/p>\n<p>La d\u00e9cision rendue \u00e0 San Francisco intervient au lendemain de celle d\u2019un juge f\u00e9d\u00e9ral \u00e0 Washington qui a donn\u00e9 gain de cause \u00e0 Google en rejetant la demande du gouvernement am\u00e9ricain de voir le groupe contraint de vendre son navigateur web Chrome dans une affaire antimonopole.<\/p>\n<p>(afp)<\/p>\n","protected":false},"excerpt":{"rendered":"Publi\u00e94. septembre 2025, 06:15 \u00c9tats-Unis: Google condamn\u00e9 \u00e0 verser 425 millions de dollars Le g\u00e9ant du web a&hellip;\n","protected":false},"author":2,"featured_media":364864,"comment_status":"","ping_status":"","sticky":false,"template":"","format":"standard","meta":{"footnotes":""},"categories":[1589],"tags":[11,73,1866,12,1864,1865,1863,308],"class_list":{"0":"post-364863","1":"post","2":"type-post","3":"status-publish","4":"format-standard","5":"has-post-thumbnail","7":"category-etats-unis","8":"tag-actualites","9":"tag-etats-unis","10":"tag-etats-unis-damerique","11":"tag-news","12":"tag-united-states","13":"tag-united-states-of-america","14":"tag-us","15":"tag-usa"},"share_on_mastodon":{"url":"https:\/\/pubeurope.com\/@fr\/115144203009905678","error":""},"_links":{"self":[{"href":"https:\/\/www.europesays.com\/fr\/wp-json\/wp\/v2\/posts\/364863","targetHints":{"allow":["GET"]}}],"collection":[{"href":"https:\/\/www.europesays.com\/fr\/wp-json\/wp\/v2\/posts"}],"about":[{"href":"https:\/\/www.europesays.com\/fr\/wp-json\/wp\/v2\/types\/post"}],"author":[{"embeddable":true,"href":"https:\/\/www.europesays.com\/fr\/wp-json\/wp\/v2\/users\/2"}],"replies":[{"embeddable":true,"href":"https:\/\/www.europesays.com\/fr\/wp-json\/wp\/v2\/comments?post=364863"}],"version-history":[{"count":0,"href":"https:\/\/www.europesays.com\/fr\/wp-json\/wp\/v2\/posts\/364863\/revisions"}],"wp:featuredmedia":[{"embeddable":true,"href":"https:\/\/www.europesays.com\/fr\/wp-json\/wp\/v2\/media\/364864"}],"wp:attachment":[{"href":"https:\/\/www.europesays.com\/fr\/wp-json\/wp\/v2\/media?parent=364863"}],"wp:term":[{"taxonomy":"category","embeddable":true,"href":"https:\/\/www.europesays.com\/fr\/wp-json\/wp\/v2\/categories?post=364863"},{"taxonomy":"post_tag","embeddable":true,"href":"https:\/\/www.europesays.com\/fr\/wp-json\/wp\/v2\/tags?post=364863"}],"curies":[{"name":"wp","href":"https:\/\/api.w.org\/{rel}","templated":true}]}}