{"id":364865,"date":"2025-09-04T04:44:29","date_gmt":"2025-09-04T04:44:29","guid":{"rendered":"https:\/\/www.europesays.com\/fr\/364865\/"},"modified":"2025-09-04T04:44:29","modified_gmt":"2025-09-04T04:44:29","slug":"en-angleterre-les-drapeaux-nationaux-foisonnent-portes-par-un-vent-anti-immigration-lexpress","status":"publish","type":"post","link":"https:\/\/www.europesays.com\/fr\/364865\/","title":{"rendered":"En Angleterre, les drapeaux nationaux foisonnent, port\u00e9s par un vent anti-immigration \u2013 L&rsquo;Express"},"content":{"rendered":"<p class=\"paragraph article-body-paragraph article__item   article-body-paragraph--first \">Ces drapeaux, qui flottent g\u00e9n\u00e9ralement \u00e0 l&rsquo;occasion des couronnements ou lors d&rsquo;\u00e9v\u00e9nements sportifs, ont \u00e9t\u00e9 install\u00e9s le long des routes, dans les villes et villages. <\/p>\n<p class=\"paragraph article-body-paragraph article__item   \">Des ronds-points ont \u00e9t\u00e9 repeints en rouge et blanc, les couleurs de la croix de Saint-Georges, drapeau de l&rsquo;Angleterre. L&rsquo;Union Jack -celui du Royaume-Uni- s&rsquo;affiche aussi r\u00e9guli\u00e8rement.<\/p>\n<p class=\"paragraph article-body-paragraph article__item   \">Nous ne nous attendions pas \u00e0 ce que cela devienne aussi important, d\u00e9clare \u00e0 l&rsquo;AFP Carla Kennedy, qui fait partie des Worcester Patriots, un groupe qui a dispos\u00e9 des centaines de drapeaux anglais dans la ville de Worcester (ouest).<\/p>\n<p class=\"paragraph article-body-paragraph article__item   \">Pour cette femme de 42 ans, le mouvement est \u00e9troitement li\u00e9 \u00e0 un sentiment anti-immigration croissant dans le pays.<\/p>\n<p class=\"paragraph article-body-paragraph article__item   \">Les Britanniques commencent \u00e0 s&rsquo;exprimer maintenant, ils en ont assez, nous sommes contre l&rsquo;immigration ill\u00e9gale et ce mouvement en est la manifestation, dit-elle.<\/p>\n<p class=\"paragraph article-body-paragraph article__item   \">Ce n&rsquo;est absolument pas du racisme. Nous sommes fiers d&rsquo;\u00eatre Anglais et Britanniques, d\u00e9fend-elle.<\/p>\n<p class=\"paragraph article-body-paragraph article__item   \">Nous devrions avoir le droit de hisser notre drapeau. Nous ne devrions pas nous inqui\u00e9ter de savoir si cela va offenser quelqu&rsquo;un, car c&rsquo;est notre pays, ajoute-t-elle.<\/p>\n<p><img decoding=\"async\" src=\"https:\/\/www.europesays.com\/fr\/wp-content\/uploads\/2025\/09\/JBK3DOUS4FDDLJX7ECSATYH7VQ.jpg\" class=\"image-with-legend__cover-img\" alt=\"Un drapeau britannique accroch\u00e9 \u00e0 un lampadaire \u00e0 Ellesmere Port, dans le nord-ouest de l'Angleterre, le 2 septembre 2025\" width=\"883\" height=\"0\" loading=\"lazy\"\/><\/p>\n<p class=\"image-with-legend__legend\">Un drapeau britannique accroch\u00e9 \u00e0 un lampadaire \u00e0 Ellesmere Port, dans le nord-ouest de l&rsquo;Angleterre, le 2 septembre 2025<\/p>\n<p class=\"image-with-legend__credits\"> \u00a9  \/ afp.com\/Paul ELLIS<\/p>\n<p class=\"paragraph article-body-paragraph article__item   \">Mais les associations antiracistes accusent le principal groupe organisateur de ce mouvement, appel\u00e9 Operation Raise the Colours (Hisser les couleurs), d&rsquo;alimenter les divisions.<\/p>\n<p class=\"paragraph article-body-paragraph article__item   \">Un proche de l&rsquo;activiste d&rsquo;extr\u00eame droite Tommy Robinson, Andy Saxon -de son vrai nom Andrew Currien- se pr\u00e9sente comme le cofondateur de ce mouvement qui a, assure-t-il, accroch\u00e9 un million de drapeaux, un chiffre qui ne peut \u00eatre v\u00e9rifi\u00e9.<\/p>\n<p class=\"paragraph article-body-paragraph article__item   \">Il n&rsquo;y a rien de mal \u00e0 hisser l&rsquo;Union Jack ou la croix de Saint-Georges. Mais le fait que cette vague d&rsquo;activisme soit en grande partie organis\u00e9e par des racistes et extr\u00e9mistes notoires soul\u00e8ve des questions sur les motivations qui l&rsquo;animent, d\u00e9nonce l&rsquo;ONG Hope not Hate.<\/p>\n<p> M\u00e9contentement et frustration <\/p>\n<p class=\"paragraph article-body-paragraph article__item   \">Tommy Robinson lui-m\u00eame promeut sur les r\u00e9seaux sociaux ces pavoisements dans lesquels il voit un spectacle magnifique.<\/p>\n<p class=\"paragraph article-body-paragraph article__item   \">Paul Golding, le dirigeant du groupe d&rsquo;extr\u00eame droite Britain First, a annonc\u00e9 avoir donn\u00e9 des drapeaux pour cette op\u00e9ration.<\/p>\n<p class=\"paragraph article-body-paragraph article__item   \">Le Royaume-Uni, o\u00f9 le parti anti-immigration Reform UK de Nigel Farage a engrang\u00e9 d&rsquo;importants gains lors des derni\u00e8res \u00e9lections locales et fait la course en t\u00eate dans les sondages d&rsquo;opinion, conna\u00eet r\u00e9guli\u00e8rement depuis le mois de juillet des manifestations ciblant des h\u00f4tels h\u00e9bergeant des demandeurs d&rsquo;asile. <\/p>\n<p class=\"paragraph article-body-paragraph article__item   \">Les personnes pr\u00e9sentes y brandissent souvent des drapeaux anglais.<\/p>\n<p class=\"paragraph article-body-paragraph article__item   \">Longtemps, le drapeau anglais a \u00e9t\u00e9 associ\u00e9 \u00e0 l&rsquo;extr\u00eame droite, souligne Michael Kenny, professeur de politique publique \u00e0 l&rsquo;universit\u00e9 de Cambridge.<\/p>\n<p><img decoding=\"async\" src=\"https:\/\/www.europesays.com\/fr\/wp-content\/uploads\/2025\/09\/6MXR6BY72REZPICTY6YO2XSYVU.jpg\" class=\"image-with-legend__cover-img\" alt=\"Des drapeaux britanniques et anglais accroch\u00e9s \u00e0 des lampadaires \u00e0 Ellesmere Port, dans le nord-ouest de l'Angleterre, le 2 septembre 2025\" width=\"883\" height=\"0\" loading=\"lazy\"\/><\/p>\n<p class=\"image-with-legend__legend\">Des drapeaux britanniques et anglais accroch\u00e9s \u00e0 des lampadaires \u00e0 Ellesmere Port, dans le nord-ouest de l&rsquo;Angleterre, le 2 septembre 2025<\/p>\n<p class=\"image-with-legend__credits\"> \u00a9  \/ afp.com\/Paul ELLIS<\/p>\n<p class=\"paragraph article-body-paragraph article__item   \">Dans les ann\u00e9es 1990 toutefois, il est devenu un moyen plus banal d&rsquo;afficher son soutien aux \u00e9quipes sportives anglaises et d&rsquo;exprimer une forme de fiert\u00e9 culturelle, note-t-il.<\/p>\n<p class=\"paragraph article-body-paragraph article__item   \">Dans le ph\u00e9nom\u00e8ne actuel, c&rsquo;est une mani\u00e8re pour les gens de montrer leur m\u00e9contentement et leur frustration (&#8230;) principalement au sujet de la politique gouvernementale sur l&rsquo;immigration et l&rsquo;h\u00e9bergement des demandeurs d&rsquo;asile.<\/p>\n<p class=\"paragraph article-body-paragraph article__item   \">L&rsquo;\u00e9t\u00e9 pr\u00e9c\u00e9dent avait \u00e9t\u00e9 marqu\u00e9 par des \u00e9meutes anti-immigration, o\u00f9 ces h\u00f4tels avaient d\u00e9j\u00e0 \u00e9t\u00e9 vis\u00e9s.<\/p>\n<p class=\"paragraph article-body-paragraph article__item   \">Le Premier ministre travailliste Keir Starmer a quant \u00e0 lui soulign\u00e9 que les drapeaux britannique et anglais \u00e9taient un motif de fiert\u00e9. Il a toutefois indiqu\u00e9 lors d&rsquo;une interview \u00e0 la BBC que l&rsquo;utilisation du drapeau dans le seul but de diviser \u00e9tait une mani\u00e8re de le d\u00e9valuer.<\/p>\n<p class=\"paragraph article-body-paragraph article__item   \">Les drapeaux nationaux ont commenc\u00e9 \u00e0 appara\u00eetre en nombre en ao\u00fbt \u00e0 Birmingham (centre). Ils se sont r\u00e9pandus plus largement quand les autorit\u00e9s locales ont \u00e9t\u00e9 accus\u00e9es d&rsquo;avoir ordonn\u00e9 leur retrait tout en autorisant le maintien de drapeaux palestiniens, ce qu&rsquo;a d\u00e9menti le conseil municipal de Birmingham.<\/p>\n<p class=\"paragraph article-body-paragraph article__item    article__text__endpicto\">Un ph\u00e9nom\u00e8ne similaire s&rsquo;est r\u00e9pandu \u00e0 Dublin, o\u00f9 des drapeaux irlandais ont \u00e9t\u00e9 hiss\u00e9s sur des lampadaires de quartiers \u00e0 forte population immigr\u00e9e. La municipalit\u00e9 a indiqu\u00e9 envisager de les retirer, un tel d\u00e9ploiement \u00e9tant interdit sans autorisation pr\u00e9alable.<\/p>\n","protected":false},"excerpt":{"rendered":"Ces drapeaux, qui flottent g\u00e9n\u00e9ralement \u00e0 l&rsquo;occasion des couronnements ou lors d&rsquo;\u00e9v\u00e9nements sportifs, ont \u00e9t\u00e9 install\u00e9s le long&hellip;\n","protected":false},"author":2,"featured_media":364866,"comment_status":"","ping_status":"","sticky":false,"template":"","format":"standard","meta":{"footnotes":""},"categories":[1588],"tags":[11,1777,674,74,12,473,1853,1851,1850,1852],"class_list":{"0":"post-364865","1":"post","2":"type-post","3":"status-publish","4":"format-standard","5":"has-post-thumbnail","7":"category-royaume-uni","8":"tag-actualites","9":"tag-eu","10":"tag-europe","11":"tag-monde","12":"tag-news","13":"tag-royaume-uni","14":"tag-royaume-uni-de-grande-bretagne-et-dirlande-du-nord","15":"tag-uk","16":"tag-united-kingdom","17":"tag-united-kingdom-of-great-britain-and-northern-ireland"},"share_on_mastodon":{"url":"https:\/\/pubeurope.com\/@fr\/115144206928430696","error":""},"_links":{"self":[{"href":"https:\/\/www.europesays.com\/fr\/wp-json\/wp\/v2\/posts\/364865","targetHints":{"allow":["GET"]}}],"collection":[{"href":"https:\/\/www.europesays.com\/fr\/wp-json\/wp\/v2\/posts"}],"about":[{"href":"https:\/\/www.europesays.com\/fr\/wp-json\/wp\/v2\/types\/post"}],"author":[{"embeddable":true,"href":"https:\/\/www.europesays.com\/fr\/wp-json\/wp\/v2\/users\/2"}],"replies":[{"embeddable":true,"href":"https:\/\/www.europesays.com\/fr\/wp-json\/wp\/v2\/comments?post=364865"}],"version-history":[{"count":0,"href":"https:\/\/www.europesays.com\/fr\/wp-json\/wp\/v2\/posts\/364865\/revisions"}],"wp:featuredmedia":[{"embeddable":true,"href":"https:\/\/www.europesays.com\/fr\/wp-json\/wp\/v2\/media\/364866"}],"wp:attachment":[{"href":"https:\/\/www.europesays.com\/fr\/wp-json\/wp\/v2\/media?parent=364865"}],"wp:term":[{"taxonomy":"category","embeddable":true,"href":"https:\/\/www.europesays.com\/fr\/wp-json\/wp\/v2\/categories?post=364865"},{"taxonomy":"post_tag","embeddable":true,"href":"https:\/\/www.europesays.com\/fr\/wp-json\/wp\/v2\/tags?post=364865"}],"curies":[{"name":"wp","href":"https:\/\/api.w.org\/{rel}","templated":true}]}}