{"id":364867,"date":"2025-09-04T04:45:11","date_gmt":"2025-09-04T04:45:11","guid":{"rendered":"https:\/\/www.europesays.com\/fr\/364867\/"},"modified":"2025-09-04T04:45:11","modified_gmt":"2025-09-04T04:45:11","slug":"nous-allons-examiner-tous-ces-cas-de-pres-le-deces-de-six-candidats-dextreme-droite-enflamme-lallemagne","status":"publish","type":"post","link":"https:\/\/www.europesays.com\/fr\/364867\/","title":{"rendered":"\u00ab\u00a0Nous allons examiner tous ces cas de pr\u00e8s\u00a0\u00bb\u00a0: le d\u00e9c\u00e8s de six candidats d\u2019extr\u00eame droite enflamme l\u2019Allemagne"},"content":{"rendered":"<p class=\"paragraph text_align_left lp-f-body-02\">L\u2019affaire fait grand bruit en <a href=\"https:\/\/www.leparisien.fr\/international\/allemagne\/\" target=\"_blank\" rel=\"noreferrer nofollow noopener\">Allemagne<\/a>. Six candidats du <a href=\"https:\/\/www.leparisien.fr\/international\/nous-allons-sauver-le-pays-lextreme-droite-allemande-a-la-conquete-de-lest-21-02-2025-SVNVCGXQN5EMJGVLOPL5ZURRMU.php?ts=1756913738540\" target=\"_blank\" rel=\"noreferrer nofollow noopener\">parti d\u2019extr\u00eame droite AfD<\/a>, qui se pr\u00e9sentaient aux municipales du 14 septembre en Rh\u00e9nanie-du-Nord-Westphalie, le Land le plus peupl\u00e9 du pays, sont d\u00e9c\u00e9d\u00e9s ces derni\u00e8res semaines. \u00ab Autant de morts, c\u2019est impossible du point de vue statistique ! \u00bb, a post\u00e9 sur X (ex-Twitter) la codirigeante du parti, <a href=\"https:\/\/www.leparisien.fr\/international\/legislatives-en-allemagne-qui-est-alice-weidel-la-cheffe-de-lafd-candidate-a-la-chancellerie-12-01-2025-MOGRYVC5SBAOVPRCDPSLTG7QCI.php\" target=\"_blank\" rel=\"noreferrer nofollow noopener\">Alice Weidel<\/a>. Le post de Weidel a aussit\u00f4t \u00e9t\u00e9 relay\u00e9 par le propri\u00e9taire du r\u00e9seau social, <a href=\"https:\/\/www.leparisien.fr\/international\/elon-musk\/\" target=\"_blank\" rel=\"noreferrer nofollow noopener\">Elon Musk<\/a>, qui avait <a href=\"https:\/\/www.leparisien.fr\/international\/en-allemagne-le-soutien-delon-musk-a-lextreme-droite-fait-polemique-09-01-2025-ESBKTXPL55FVZK2Y3HXMKF6A4U.php\" target=\"_self\" rel=\"nofollow noopener\">appel\u00e9 \u00e0 voter pour l\u2019AfD<\/a> en amont des l\u00e9gislatives de f\u00e9vrier dernier.<\/p>\n<p class=\"paragraph text_align_left lp-f-body-02\">Selon la police, qui a enqu\u00eat\u00e9 par routine sur une partie des cas \u2015 comme le veut la loi lorsque la mort survient en dehors du milieu m\u00e9dical \u2015 aucun de ces d\u00e9c\u00e8s ne serait suspect. Cinq des candidats sont d\u00e9c\u00e9d\u00e9s \u00ab de mort naturelle \u00bb et le sixi\u00e8me s\u2019est suicid\u00e9. Plusieurs souffraient de maladies chroniques, notamment des probl\u00e8mes r\u00e9naux.<\/p>\n<p class=\"paragraph text_align_left lp-f-body-02\">\u00ab Nous d\u00e9plorons aussi six cas de d\u00e9c\u00e8s dans d\u2019autres formations politiques, notamment le Parti de d\u00e9fense des animaux, des \u00c9lecteurs libres, le Parti lib\u00e9ral et les Verts, souligne le porte-parole de la direction r\u00e9gionale charg\u00e9e de l\u2019organisation des \u00e9lections. De tels d\u00e9c\u00e8s se produisent \u00e0 chaque \u00e9lection, ind\u00e9pendamment des partis. \u00bb<\/p>\n<p>\u00ab Une aubaine pour les gens de l\u2019AfD et ses th\u00e9oriciens du complot \u00bb<\/p>\n<p class=\"paragraph text_align_left lp-f-body-02\">M\u00eame les d\u00e9mentis du vice-chef de l\u2019AfD en Rh\u00e9nanie, Kay Gottschalk, ne sont pas parvenus \u00e0 calmer la Toile, qui sp\u00e9cule sur les \u00ab politiciens assassin\u00e9s \u00bb de l\u2019extr\u00eame droite.<\/p>\n<p class=\"paragraph text_align_left lp-f-body-02\">\u00ab Pour l\u2019instant, rien ne permet de supposer qu\u2019il ne s\u2019agit pas d\u2019un hasard. Mais nous allons tout de m\u00eame examiner tous ces cas de pr\u00e8s \u00bb, assure Kay Gottschalk, entretenant un certain flou destin\u00e9 \u00e0 brosser son \u00e9lectorat \u2015 qui s\u2019informe principalement sur Internet, par d\u00e9fiance des m\u00e9dias traditionnels \u2015 dans le sens du poil.<\/p>\n<p class=\"paragraph text_align_left lp-f-body-02\">\u00ab On sugg\u00e8re ici que quelque chose ne tourne pas rond, s\u2019indigne de son c\u00f4t\u00e9 le quotidien conservateur Frankfurter Allgemeine Zeitung dans un commentaire. C\u2019est une aubaine pour les gens de l\u2019AfD et ses th\u00e9oriciens du complot. \u00bb<\/p>\n<p class=\"paragraph text_align_left lp-f-body-02\">De fait, les municipales de Rh\u00e9nanie sont un test important pour le parti d\u2019extr\u00eame droite, <a href=\"https:\/\/www.leparisien.fr\/international\/legislatives-en-allemagne-les-conservateurs-en-tete-lextreme-droite-deuxieme-23-02-2025-EWCM4MC7PBE3JIDDM5HKUC2KXQ.php\" target=\"_blank\" rel=\"noreferrer nofollow noopener\">arriv\u00e9 en seconde position derri\u00e8re la CDU<\/a> (conservateurs) aux l\u00e9gislatives de f\u00e9vrier avec 20,1 % des voix, et aujourd\u2019hui la premi\u00e8re force d\u2019opposition au Bundestag. Certains sondages le cr\u00e9ditent de 26 % des intentions de vote au niveau national, cette fois devant le parti de <a href=\"https:\/\/www.leparisien.fr\/international\/legislatives-en-allemagne-qui-est-friedrich-merz-lanti-merkel-aux-portes-du-pouvoir-22-02-2025-IUZBPKO4SRCO3DXS7GRSLKFWWQ.php\" target=\"_self\" rel=\"nofollow noopener\">Friedrich Merz<\/a>.<\/p>\n<p>Le parti d\u2019extr\u00eame droite pourrait r\u00e9aliser ses meilleurs r\u00e9sultats<\/p>\n<p class=\"paragraph text_align_left lp-f-body-02\">\u00ab L\u2019AfD a su se pr\u00e9senter en alternative aux Sociaux-d\u00e9mocrates pour r\u00e9soudre les probl\u00e8mes sociaux dans une r\u00e9gion affect\u00e9e par la d\u00e9sindustrialisation \u00bb, explique le politologue Lothar Probst, de Br\u00eame. Selon l\u2019institut de sondages Forsa, l\u2019AfD, jusqu\u2019ici surtout implant\u00e9e \u00e0 l\u2019est du pays, pourrait r\u00e9aliser une perc\u00e9e importante dans cet ancien bastion social-d\u00e9mocrate de l\u2019ouest de l\u2019Allemagne, et obtenir 14 % des voix, soit neuf points de plus qu\u2019aux derni\u00e8res municipales.<\/p>\n<p class=\"paragraph text_align_left lp-f-body-02\">\u00ab On peut parler de migration vers l\u2019ouest \u00bb du parti, souligne Manfred G\u00fcllner, le directeur de l\u2019institut. Les \u00e9lections municipales de Rh\u00e9nanie \u2015 18 millions d\u2019habitants \u2015 sont le premier test \u00e9lectoral d\u2019importance dans le pays, apr\u00e8s l\u2019arriv\u00e9e au pouvoir de Merz au printemps. Le parti d\u2019extr\u00eame droite pourrait r\u00e9aliser ses meilleurs r\u00e9sultats dans un certain nombre d\u2019anciens bastions industriels du SPD tels que Gelsenkirchen ou Duisburg.<\/p>\n","protected":false},"excerpt":{"rendered":"L\u2019affaire fait grand bruit en Allemagne. Six candidats du parti d\u2019extr\u00eame droite AfD, qui se pr\u00e9sentaient aux municipales&hellip;\n","protected":false},"author":2,"featured_media":364868,"comment_status":"","ping_status":"","sticky":false,"template":"","format":"standard","meta":{"footnotes":""},"categories":[1587],"tags":[11,672,1804,1805,1803,1777,674,1801,14,12,1802],"class_list":{"0":"post-364867","1":"post","2":"type-post","3":"status-publish","4":"format-standard","5":"has-post-thumbnail","7":"category-allemagne","8":"tag-actualites","9":"tag-allemagne","10":"tag-bundesrepublik-deutschland","11":"tag-de","12":"tag-deutschland","13":"tag-eu","14":"tag-europe","15":"tag-germany","16":"tag-international","17":"tag-news","18":"tag-republique-federale-dallemagne"},"share_on_mastodon":{"url":"https:\/\/pubeurope.com\/@fr\/115144210791058318","error":""},"_links":{"self":[{"href":"https:\/\/www.europesays.com\/fr\/wp-json\/wp\/v2\/posts\/364867","targetHints":{"allow":["GET"]}}],"collection":[{"href":"https:\/\/www.europesays.com\/fr\/wp-json\/wp\/v2\/posts"}],"about":[{"href":"https:\/\/www.europesays.com\/fr\/wp-json\/wp\/v2\/types\/post"}],"author":[{"embeddable":true,"href":"https:\/\/www.europesays.com\/fr\/wp-json\/wp\/v2\/users\/2"}],"replies":[{"embeddable":true,"href":"https:\/\/www.europesays.com\/fr\/wp-json\/wp\/v2\/comments?post=364867"}],"version-history":[{"count":0,"href":"https:\/\/www.europesays.com\/fr\/wp-json\/wp\/v2\/posts\/364867\/revisions"}],"wp:featuredmedia":[{"embeddable":true,"href":"https:\/\/www.europesays.com\/fr\/wp-json\/wp\/v2\/media\/364868"}],"wp:attachment":[{"href":"https:\/\/www.europesays.com\/fr\/wp-json\/wp\/v2\/media?parent=364867"}],"wp:term":[{"taxonomy":"category","embeddable":true,"href":"https:\/\/www.europesays.com\/fr\/wp-json\/wp\/v2\/categories?post=364867"},{"taxonomy":"post_tag","embeddable":true,"href":"https:\/\/www.europesays.com\/fr\/wp-json\/wp\/v2\/tags?post=364867"}],"curies":[{"name":"wp","href":"https:\/\/api.w.org\/{rel}","templated":true}]}}