{"id":364869,"date":"2025-09-04T04:46:11","date_gmt":"2025-09-04T04:46:11","guid":{"rendered":"https:\/\/www.europesays.com\/fr\/364869\/"},"modified":"2025-09-04T04:46:11","modified_gmt":"2025-09-04T04:46:11","slug":"les-europeens-sont-devenus-les-principaux-bailleurs-de-fonds-de-larmee-de-kiev","status":"publish","type":"post","link":"https:\/\/www.europesays.com\/fr\/364869\/","title":{"rendered":"les Europ\u00e9ens sont devenus les principaux bailleurs de fonds de l\u2019arm\u00e9e de Kiev"},"content":{"rendered":"<p>                         <img loading=\"lazy\" decoding=\"async\" src=\"https:\/\/www.europesays.com\/fr\/wp-content\/uploads\/2025\/09\/9e72ffa_ftp-import-images-1-9nuvsye4yqs3-adc83b0e5ecb4d4b95f9834a91382095-0-6d96be3a495f4962955d6d9d.jpeg\" alt=\"Volodymyr Zelensky entour\u00e9 des dirigeants du Danemark, d\u2019Estonie, de Lituanie, de Su\u00e8de, d\u2019Islande, de Lettonie et de Finlande, \u00e0 Copenhague, le 3\u00a0septembre 2025.\"   width=\"664\" height=\"443\"\/>    Volodymyr Zelensky entour\u00e9 des dirigeants du Danemark, d\u2019Estonie, de Lituanie, de Su\u00e8de, d\u2019Islande, de Lettonie et de Finlande, \u00e0 Copenhague, le 3\u00a0septembre 2025.  MADS CLAUS RASMUSSEN\/RITZAU SCANPIX VIA AP                 <\/p>\n<p class=\"article__paragraph  \">Les alli\u00e9s europ\u00e9ens de Kiev ont commenc\u00e9 \u00e0 passer d\u2019importantes commandes d\u2019armes am\u00e9ricaines pour l\u2019Ukraine. Ces changements interviennent quelques semaines apr\u00e8s que le pr\u00e9sident am\u00e9ricain, Donald Trump, hostile \u00e0 ce que son pays fournisse gratuitement des \u00e9quipements militaires \u00e0 Kiev, a conclu un accord avec les alli\u00e9s de l\u2019OTAN \u00e0 ce sujet.<\/p>\n<p class=\"article__paragraph  \">En ao\u00fbt, le locataire de la Maison Blanche a d\u00e9clar\u00e9 que les alli\u00e9s europ\u00e9ens avaient accept\u00e9 d\u2019acheter des armes de fabrication am\u00e9ricaine pour l\u2019Ukraine dans le cadre d\u2019un accord conclu avec le secr\u00e9taire g\u00e9n\u00e9ral de l\u2019OTAN, Mark Rutte.<\/p>\n<p class=\"article__paragraph  \">Le 28\u00a0ao\u00fbt, le d\u00e9partement d\u2019Etat am\u00e9ricain a annonc\u00e9 la livraison \u00e0 l\u2019Ukraine de 3\u00a0350\u00a0missiles de croisi\u00e8re \u00e0 longue port\u00e9e \u00ab\u00a0ERAM\u00a0\u00bb pour une somme de 825\u00a0millions de dollars (705\u00a0millions d\u2019euros). Si la commande a formellement \u00e9t\u00e9 pass\u00e9e par Kiev, les fonds viennent du Danemark, des Pays-Bas, de la Norv\u00e8ge, mais \u00e9galement des Etats-Unis, selon le communiqu\u00e9, qui ne pr\u00e9cise pas la part de chacun. Les missiles ERAM peuvent \u00eatre tir\u00e9s \u00e0 partir d\u2019avions de combat et ont une port\u00e9e similaire \u00e0\u00a0celle des missiles franco britanniques Scalp-EG, que l\u2019Ukraine a tir\u00e9s sur la Crim\u00e9e occup\u00e9e et sur la r\u00e9gion russe de Koursk. Leur charge explosive (227\u00a0kg) est en revanche deux fois inf\u00e9rieure.<\/p>\n<p class=\"reading-mode-only \"><strong>Il vous reste 77.13% de cet article \u00e0 lire. La suite est r\u00e9serv\u00e9e aux abonn\u00e9s.<\/strong><\/p>\n","protected":false},"excerpt":{"rendered":"Volodymyr Zelensky entour\u00e9 des dirigeants du Danemark, d\u2019Estonie, de Lituanie, de Su\u00e8de, d\u2019Islande, de Lettonie et de Finlande,&hellip;\n","protected":false},"author":2,"featured_media":364870,"comment_status":"","ping_status":"","sticky":false,"template":"","format":"standard","meta":{"footnotes":""},"categories":[1586],"tags":[11,1777,674,1011,27,12,25],"class_list":{"0":"post-364869","1":"post","2":"type-post","3":"status-publish","4":"format-standard","5":"has-post-thumbnail","7":"category-europe","8":"tag-actualites","9":"tag-eu","10":"tag-europe","11":"tag-fr","12":"tag-france","13":"tag-news","14":"tag-republique-francaise"},"share_on_mastodon":{"url":"https:\/\/pubeurope.com\/@fr\/115144214848240478","error":""},"_links":{"self":[{"href":"https:\/\/www.europesays.com\/fr\/wp-json\/wp\/v2\/posts\/364869","targetHints":{"allow":["GET"]}}],"collection":[{"href":"https:\/\/www.europesays.com\/fr\/wp-json\/wp\/v2\/posts"}],"about":[{"href":"https:\/\/www.europesays.com\/fr\/wp-json\/wp\/v2\/types\/post"}],"author":[{"embeddable":true,"href":"https:\/\/www.europesays.com\/fr\/wp-json\/wp\/v2\/users\/2"}],"replies":[{"embeddable":true,"href":"https:\/\/www.europesays.com\/fr\/wp-json\/wp\/v2\/comments?post=364869"}],"version-history":[{"count":0,"href":"https:\/\/www.europesays.com\/fr\/wp-json\/wp\/v2\/posts\/364869\/revisions"}],"wp:featuredmedia":[{"embeddable":true,"href":"https:\/\/www.europesays.com\/fr\/wp-json\/wp\/v2\/media\/364870"}],"wp:attachment":[{"href":"https:\/\/www.europesays.com\/fr\/wp-json\/wp\/v2\/media?parent=364869"}],"wp:term":[{"taxonomy":"category","embeddable":true,"href":"https:\/\/www.europesays.com\/fr\/wp-json\/wp\/v2\/categories?post=364869"},{"taxonomy":"post_tag","embeddable":true,"href":"https:\/\/www.europesays.com\/fr\/wp-json\/wp\/v2\/tags?post=364869"}],"curies":[{"name":"wp","href":"https:\/\/api.w.org\/{rel}","templated":true}]}}