{"id":364871,"date":"2025-09-04T04:47:10","date_gmt":"2025-09-04T04:47:10","guid":{"rendered":"https:\/\/www.europesays.com\/fr\/364871\/"},"modified":"2025-09-04T04:47:10","modified_gmt":"2025-09-04T04:47:10","slug":"accord-commercial-ue-mercosur","status":"publish","type":"post","link":"https:\/\/www.europesays.com\/fr\/364871\/","title":{"rendered":"Accord commercial UE-Mercosur"},"content":{"rendered":"<p><img decoding=\"async\" fetchpriority=\"high\" src=\"https:\/\/www.europesays.com\/fr\/wp-content\/uploads\/2025\/04\/placeholder_lcp_video.05bf4656ae0a2da173edc7ce90e1a7d8.webp\" width=\"800\" height=\"450\" alt=\"placeholder video\"\/><\/p>\n<p>Accord commercial UE-Mercosur valid\u00e9 par la Commission europ\u00e9enne : \u00ab\u00a0Un affront pour la profession agricole\u00a0\u00bb. Herv\u00e9 Lapie, secr\u00e9taire g\u00e9n\u00e9ral de la FNSA au micro de RMC. La FNSEA, le principal syndicat agricole, d\u00e9nonce un accord toujours \u00ab\u00a0toxique\u00a0\u00bb. La Commission europ\u00e9enne assure que des \u00ab\u00a0clauses de sauvegarde\u00a0\u00bb ont \u00e9t\u00e9 renforc\u00e9es, afin d&rsquo;intervenir si certaines fili\u00e8res se retrouvent p\u00e9nalis\u00e9es par l&rsquo;application de l&rsquo;accord. <\/p>\n<p>Aujourd&rsquo;hui \u00e0 06h14 | Dur\u00e9e : 1:06<\/p>\n","protected":false},"excerpt":{"rendered":"Accord commercial UE-Mercosur valid\u00e9 par la Commission europ\u00e9enne : \u00ab\u00a0Un affront pour la profession agricole\u00a0\u00bb. Herv\u00e9 Lapie, secr\u00e9taire&hellip;\n","protected":false},"author":2,"featured_media":364872,"comment_status":"","ping_status":"","sticky":false,"template":"","format":"standard","meta":{"footnotes":""},"categories":[1586],"tags":[11,1777,674,1779,1011,27,12,25,1778,364],"class_list":{"0":"post-364871","1":"post","2":"type-post","3":"status-publish","4":"format-standard","5":"has-post-thumbnail","7":"category-europe","8":"tag-actualites","9":"tag-eu","10":"tag-europe","11":"tag-european-union","12":"tag-fr","13":"tag-france","14":"tag-news","15":"tag-republique-francaise","16":"tag-ue","17":"tag-union-europeenne"},"share_on_mastodon":{"url":"https:\/\/pubeurope.com\/@fr\/115144218705920005","error":""},"_links":{"self":[{"href":"https:\/\/www.europesays.com\/fr\/wp-json\/wp\/v2\/posts\/364871","targetHints":{"allow":["GET"]}}],"collection":[{"href":"https:\/\/www.europesays.com\/fr\/wp-json\/wp\/v2\/posts"}],"about":[{"href":"https:\/\/www.europesays.com\/fr\/wp-json\/wp\/v2\/types\/post"}],"author":[{"embeddable":true,"href":"https:\/\/www.europesays.com\/fr\/wp-json\/wp\/v2\/users\/2"}],"replies":[{"embeddable":true,"href":"https:\/\/www.europesays.com\/fr\/wp-json\/wp\/v2\/comments?post=364871"}],"version-history":[{"count":0,"href":"https:\/\/www.europesays.com\/fr\/wp-json\/wp\/v2\/posts\/364871\/revisions"}],"wp:featuredmedia":[{"embeddable":true,"href":"https:\/\/www.europesays.com\/fr\/wp-json\/wp\/v2\/media\/364872"}],"wp:attachment":[{"href":"https:\/\/www.europesays.com\/fr\/wp-json\/wp\/v2\/media?parent=364871"}],"wp:term":[{"taxonomy":"category","embeddable":true,"href":"https:\/\/www.europesays.com\/fr\/wp-json\/wp\/v2\/categories?post=364871"},{"taxonomy":"post_tag","embeddable":true,"href":"https:\/\/www.europesays.com\/fr\/wp-json\/wp\/v2\/tags?post=364871"}],"curies":[{"name":"wp","href":"https:\/\/api.w.org\/{rel}","templated":true}]}}