{"id":364876,"date":"2025-09-04T04:50:09","date_gmt":"2025-09-04T04:50:09","guid":{"rendered":"https:\/\/www.europesays.com\/fr\/364876\/"},"modified":"2025-09-04T04:50:09","modified_gmt":"2025-09-04T04:50:09","slug":"les-codes-ont-change-les-petits-passe-droits-accordes-par-deschamps-a-son-vestiaire","status":"publish","type":"post","link":"https:\/\/www.europesays.com\/fr\/364876\/","title":{"rendered":"\u00ab\u00a0les codes ont chang\u00e9\u00a0\u00bb, les petits passe-droits accord\u00e9s par Deschamps \u00e0 son vestiaire"},"content":{"rendered":"<p>S\u00e9lectionneur de l\u2019\u00e9quipe de France depuis 2012, Didier Deschamps confie, dans une interview \u00e0 Ouest-France, avoir adapt\u00e9 son management en fonction de l\u2019\u00e9volution des m\u0153urs et des mentalit\u00e9s en l\u00e2chant du lest sur certains points.<\/p>\n<p>Il aborde sa derni\u00e8re saison comme s\u00e9lectionneur de l\u2019\u00e9quipe de France mais <a href=\"https:\/\/rmcsport.bfmtv.com\/football\/equipe-de-france\/equipe-de-france-a-un-moment-on-en-a-marre-de-votre-tronche-c-est-francais-la-reponse-amusee-de-deschamps-aux-critiques_AV-202509010540.html\" title=\"Equipe de France: &quot;A un moment, on en a marre de votre tronche. C&#039;est Fran\u00e7ais&quot;, la r\u00e9ponse amus\u00e9e de Deschamps aux critiques\" class=\"internal_link\" rel=\"nofollow noopener\" target=\"_blank\">il ne veut pas vraiment en entendre parler<\/a>. <a href=\"https:\/\/rmcsport.bfmtv.com\/football\/didier-deschamps_DN-202108310503.html\" title=\"Didier Deschamps\" class=\"internal_link\" rel=\"nofollow noopener\" target=\"_blank\">Didier Deschamps<\/a> est trop focalis\u00e9 sur le d\u00e9but des qualifications des Bleus \u00e0 la Coupe du monde 2026, vendredi contre l\u2019Ukraine et mardi face \u00e0 l\u2019Islande, pour se laisser distraire par son cas personnel. Dans une interview \u00e0 <a href=\"https:\/\/www.ouest-france.fr\/sport\/football\/didier-deschamps\/entretien-je-suis-humain-moi-aussi-jai-des-emotions-deschamps-se-confie-sur-son-management-0cdc431a-88c6-11f0-86eb-dac26b435301\" target=\"_blank\" class=\"external_link\" rel=\"nofollow noopener\">Ouest-France<\/a>, le patron des Bleus depuis 2012 s\u2019est tout de m\u00eame livr\u00e9 sur la mutation de son management depuis sa prise de fonction il y a plus de 13 ans. En reconnaissant avoir l\u00e2ch\u00e9 du lest sur certains points.<\/p>\n<p>\u00ab\u00a0Si on prend l\u2019exemple des t\u00e9l\u00e9phones portables dans le vestiaire, \u00e0 quoi \u00e7a sert que je me batte?\u00a0\u00bb<\/p>\n<p>\u00ab\u00a0J\u2019accorde toujours le droit \u00e0 l\u2019erreur, je mets les joueurs en garde\u00a0\u00bb, explique-t-il. \u00ab\u00a0Apr\u00e8s, je ne suis pas l\u00e0 pour interdire. Si on prend l\u2019exemple des t\u00e9l\u00e9phones portables dans le vestiaire, \u00e0 quoi \u00e7a sert que je me batte alors qu\u2019ils ont la libert\u00e9 de les utiliser en club ? Cela me sert aussi, car lorsqu\u2019ils ont un probl\u00e8me de sant\u00e9 en club, ils me r\u00e9pondent tout de suite quand j\u2019envoie un message. On n\u2019enl\u00e8ve pas une libert\u00e9. Apr\u00e8s, il faut poser un cadre. Pour moi, c\u2019est dans le cadre de vie et le cadre de travail. \u00c9videmment, ils ont plut\u00f4t tendance \u00e0 vouloir l\u2019\u00e9largir.\u00a0\u00bb<\/p>\n<p>Son approche a \u00e9galement \u00e9volu\u00e9 dans sa mani\u00e8re de s\u2019adresser \u00e0 ses troupes. \u00ab\u00a0Les codes ont chang\u00e9\u00a0\u00bb, constate-t-il. \u00ab\u00a0Ma mani\u00e8re de parler, par exemple, car ils sont diff\u00e9rents. J\u2019ai connu des causeries de 45 minutes et c\u2019est long. Aujourd\u2019hui, l\u2019autonomie en face de moi est de 10 minutes. Je vais donc \u00e0 l\u2019essentiel. Ce qui est important pour moi, c\u2019est de conna\u00eetre, au-del\u00e0 des joueurs qui ils sont, l\u2019aspect humain, leur caract\u00e8re, leur personnalit\u00e9 et leur sensibilit\u00e9. Ils ont des centres d\u2019int\u00e9r\u00eat diff\u00e9rents, des go\u00fbts musicaux aussi (rires).\u00a0\u00bb<\/p>\n<p>\u00ab\u00a0J\u2019ai aussi mes propres \u00e9motions\u00a0\u00bb<\/p>\n<p>Le champion du monde 1998 (comme joueur) et 2018 (comme s\u00e9lectionneur) l\u00e8ve aussi une part de son voile affectif. \u00ab\u00a0Dans le domaine professionnel, l\u2019affect ne doit pas avoir d\u2019influence\u00a0\u00bb, conclut-il. \u00ab\u00a0Mais je suis un \u00eatre humain, m\u00eame si je ne laisse rien ou peu transpara\u00eetre et qu\u2019on peut me le reprocher. Et j\u2019ai aussi mes propres \u00e9motions.\u00a0\u00bb<\/p>\n<p>Au d\u00e9but du rassemblement lundi, l\u2019ancien entra\u00eeneur de Monaco, de la Juventus et de l\u2019OM s\u2019\u00e9tait livr\u00e9 sur les critiques dont il fait parfois l\u2019objet, en r\u00e9futant l\u2019id\u00e9e d\u2019entamer sa tourn\u00e9e d\u2019adieux apr\u00e8s avoir annonc\u00e9 son d\u00e9part \u00e0 l\u2019issue de la Coupe du monde 2026. \u00ab\u00a0A un moment, on en a marre de votre tronche, c&rsquo;est Fran\u00e7ais\u00a0\u00bb, avait-il souri. \u00ab\u00a0J&rsquo;ai l&rsquo;impression que je suis en train de faire mes adieux. La derni\u00e8re ann\u00e9e, oui. Apr\u00e8s les critiques, il y en a toujours eu. Chacun peut avoir des avis diff\u00e9rents, je ne regarde jamais derri\u00e8re. J&rsquo;aurais pu faire les choses de mani\u00e8re diff\u00e9rente oui. Est-ce que \u00e7a serait mieux pass\u00e9? J&rsquo;ai des choix, des responsabilit\u00e9s. La v\u00e9rit\u00e9 d&rsquo;aujourd&rsquo;hui ne sera pas la m\u00eame dans un mois. La sanction, c&rsquo;est tous les trois jours dans le football. Je suis totalement imperm\u00e9able \u00e0 tout ce qui est ext\u00e9rieur. Les joueurs sont plus ou moins sensibles. Je n&rsquo;ai aucun probl\u00e8me avec les analyses. Il n&rsquo;y a qu&rsquo;une ligne \u00e0 ne pas franchir, si on d\u00e9passe le terrain humain, ce n&rsquo;est pas pareil. \u00c7a ne m&rsquo;a jamais emp\u00each\u00e9 de dormir et de faire les choses pour le bien de l&rsquo;\u00e9quipe de France.\u00a0\u00bb<\/p>\n","protected":false},"excerpt":{"rendered":"S\u00e9lectionneur de l\u2019\u00e9quipe de France depuis 2012, Didier Deschamps confie, dans une interview \u00e0 Ouest-France, avoir adapt\u00e9 son&hellip;\n","protected":false},"author":2,"featured_media":364877,"comment_status":"","ping_status":"","sticky":false,"template":"","format":"standard","meta":{"footnotes":""},"categories":[4],"tags":[11,1011,27,12,25],"class_list":{"0":"post-364876","1":"post","2":"type-post","3":"status-publish","4":"format-standard","5":"has-post-thumbnail","7":"category-france","8":"tag-actualites","9":"tag-fr","10":"tag-france","11":"tag-news","12":"tag-republique-francaise"},"share_on_mastodon":{"url":"https:\/\/pubeurope.com\/@fr\/115144230319711390","error":""},"_links":{"self":[{"href":"https:\/\/www.europesays.com\/fr\/wp-json\/wp\/v2\/posts\/364876","targetHints":{"allow":["GET"]}}],"collection":[{"href":"https:\/\/www.europesays.com\/fr\/wp-json\/wp\/v2\/posts"}],"about":[{"href":"https:\/\/www.europesays.com\/fr\/wp-json\/wp\/v2\/types\/post"}],"author":[{"embeddable":true,"href":"https:\/\/www.europesays.com\/fr\/wp-json\/wp\/v2\/users\/2"}],"replies":[{"embeddable":true,"href":"https:\/\/www.europesays.com\/fr\/wp-json\/wp\/v2\/comments?post=364876"}],"version-history":[{"count":0,"href":"https:\/\/www.europesays.com\/fr\/wp-json\/wp\/v2\/posts\/364876\/revisions"}],"wp:featuredmedia":[{"embeddable":true,"href":"https:\/\/www.europesays.com\/fr\/wp-json\/wp\/v2\/media\/364877"}],"wp:attachment":[{"href":"https:\/\/www.europesays.com\/fr\/wp-json\/wp\/v2\/media?parent=364876"}],"wp:term":[{"taxonomy":"category","embeddable":true,"href":"https:\/\/www.europesays.com\/fr\/wp-json\/wp\/v2\/categories?post=364876"},{"taxonomy":"post_tag","embeddable":true,"href":"https:\/\/www.europesays.com\/fr\/wp-json\/wp\/v2\/tags?post=364876"}],"curies":[{"name":"wp","href":"https:\/\/api.w.org\/{rel}","templated":true}]}}