{"id":364878,"date":"2025-09-04T04:53:14","date_gmt":"2025-09-04T04:53:14","guid":{"rendered":"https:\/\/www.europesays.com\/fr\/364878\/"},"modified":"2025-09-04T04:53:14","modified_gmt":"2025-09-04T04:53:14","slug":"ffr-choisir-le-rugby-la-federation-francaise-de-rugby-lance-une-campagne-pour-le-recrutement-de-nouveaux-licencies","status":"publish","type":"post","link":"https:\/\/www.europesays.com\/fr\/364878\/","title":{"rendered":"FFR \u2013 \u00ab\u00a0Choisir le rugby\u00a0\u00bb\u00a0: la F\u00e9d\u00e9ration fran\u00e7aise de rugby lance une campagne pour le recrutement de nouveaux licenci\u00e9s"},"content":{"rendered":"<p>\n                La F\u00e9d\u00e9ration fran\u00e7aise de rugby lance une campagne en faveur de l\u2019inscription des jeunes dans les clubs de rugby.\n            <\/p>\n<p>Alors que la saison va commencer pour la grande majorit\u00e9 des pratiquants de rugby, petits comme grands, la F\u00e9d\u00e9ration fran\u00e7aise de rugby lance en ce d\u00e9but septembre un appel aux adh\u00e9sions pour garnir les terrains de pleins de jeunes futurs rugbymen. Le pr\u00e9sident, Florian Grill, pr\u00e9cise la volont\u00e9 de la f\u00e9d\u00e9ration\u00a0: \u00ab\u00a0Le rugby joue un r\u00f4le \u00e9ducatif autant que sportif et c\u2019est le message cl\u00e9 de cette campagne \u00ab\u00a0J\u2019ai choisi le rugby\u00a0\u00bb qui doit convaincre les parents avec un clin d\u2019\u0153il \u00e0 tous les enseignants. Le rugby, c\u2019est une \u00e9cole de la vie qui fa\u00e7onne des personnalit\u00e9s solides, qui ne transforme pas seulement des essais, mais surtout des personnes.\u00a0\u00bb<\/p>\n<p>Une d\u00e9marche qui a \u00e9videmment pour but d\u2019accro\u00eetre les licenci\u00e9s dans un sport qui souffre parfois de son image violente, en pleine Semaine Nationale des \u00c9coles de Rugby. Un message qui survient \u00e9galement dans une ann\u00e9e o\u00f9 le rugby est le deuxi\u00e8me sport pr\u00e9f\u00e9r\u00e9 des fran\u00e7ais, selon une \u00e9tude Kantar M\u00e9dia.<\/p>\n<blockquote><p>\nUne r\u00e9inscription d\u00e8s la deuxi\u00e8me saison marque tr\u00e8s souvent le d\u00e9but d\u2019un parcours rugbystique \u00e0 long terme\n<\/p><\/blockquote>\n<p>Dans sa communication, la F\u00e9d\u00e9ration veut appuyer sur le c\u00f4t\u00e9 \u00e9ducatif, \u00e9panouissant au sein d\u2019un groupe, et vecteur de valeurs fondamentales telles que \u00ab\u00a0le respect, le vivre ensemble et l\u2019engagement\u00a0\u00bb qu\u2019apporte le rugby dans la vie de ces jeunes. Aussi, la campagne s\u2019appuie sur un\u00a0film publicitaire promotionnel qui vise \u00e0 soutenir les clubs dans leur promotion lors de portes ouvertes ou dans les forums d\u2019association. Une implication enti\u00e8re en faveur de nouveaux licenci\u00e9s (en hausse \u00e0 l\u2019issue du Mondial 2023 de 13\u00a0%) qui \u0153uvre pour cette ann\u00e9e mais \u00e9galement\u00a0pour l\u2019avenir. En effet, la FFR pr\u00e9cise que \u00ab\u00a0des recherches men\u00e9es en interne\u00a0d\u00e9montrent qu\u2019une r\u00e9inscription d\u00e8s la deuxi\u00e8me saison marque tr\u00e8s souvent le d\u00e9but d\u2019un parcours rugbystique \u00e0 long terme\u00a0\u00bb. Si l\u2019on fabule, on peut donc imaginer que le futur Antoine Dupont n\u2019est pas encore inscrit\u00a0!<\/p>\n","protected":false},"excerpt":{"rendered":"La F\u00e9d\u00e9ration fran\u00e7aise de rugby lance une campagne en faveur de l\u2019inscription des jeunes dans les clubs de&hellip;\n","protected":false},"author":2,"featured_media":364879,"comment_status":"","ping_status":"","sticky":false,"template":"","format":"standard","meta":{"footnotes":""},"categories":[1416],"tags":[1011,27,479,1468,60],"class_list":{"0":"post-364878","1":"post","2":"type-post","3":"status-publish","4":"format-standard","5":"has-post-thumbnail","7":"category-rugby","8":"tag-fr","9":"tag-france","10":"tag-rugby","11":"tag-rugby-football","12":"tag-sports"},"share_on_mastodon":{"url":"https:\/\/pubeurope.com\/@fr\/115144242255404497","error":""},"_links":{"self":[{"href":"https:\/\/www.europesays.com\/fr\/wp-json\/wp\/v2\/posts\/364878","targetHints":{"allow":["GET"]}}],"collection":[{"href":"https:\/\/www.europesays.com\/fr\/wp-json\/wp\/v2\/posts"}],"about":[{"href":"https:\/\/www.europesays.com\/fr\/wp-json\/wp\/v2\/types\/post"}],"author":[{"embeddable":true,"href":"https:\/\/www.europesays.com\/fr\/wp-json\/wp\/v2\/users\/2"}],"replies":[{"embeddable":true,"href":"https:\/\/www.europesays.com\/fr\/wp-json\/wp\/v2\/comments?post=364878"}],"version-history":[{"count":0,"href":"https:\/\/www.europesays.com\/fr\/wp-json\/wp\/v2\/posts\/364878\/revisions"}],"wp:featuredmedia":[{"embeddable":true,"href":"https:\/\/www.europesays.com\/fr\/wp-json\/wp\/v2\/media\/364879"}],"wp:attachment":[{"href":"https:\/\/www.europesays.com\/fr\/wp-json\/wp\/v2\/media?parent=364878"}],"wp:term":[{"taxonomy":"category","embeddable":true,"href":"https:\/\/www.europesays.com\/fr\/wp-json\/wp\/v2\/categories?post=364878"},{"taxonomy":"post_tag","embeddable":true,"href":"https:\/\/www.europesays.com\/fr\/wp-json\/wp\/v2\/tags?post=364878"}],"curies":[{"name":"wp","href":"https:\/\/api.w.org\/{rel}","templated":true}]}}