{"id":364880,"date":"2025-09-04T04:54:10","date_gmt":"2025-09-04T04:54:10","guid":{"rendered":"https:\/\/www.europesays.com\/fr\/364880\/"},"modified":"2025-09-04T04:54:10","modified_gmt":"2025-09-04T04:54:10","slug":"en-promenade-jannick-sinner-se-qualifie-pour-les-demi-finales","status":"publish","type":"post","link":"https:\/\/www.europesays.com\/fr\/364880\/","title":{"rendered":"en promenade, Jannick Sinner se qualifie pour les demi-finales"},"content":{"rendered":"<p>L\u2019Italien a domin\u00e9 son compatriote Lorenzo Musetti, avec un score de 6-1, 6-4, 6-2.<\/p>\n<p class=\"fig-paragraph\">Match point. Le n\u00b01 mondial\u00a0<a href=\"https:\/\/www.lefigaro.fr\/tag\/jannik-sinner\" target=\"_blank\" rel=\"sponsored noopener nofollow\" data-gtm-custom-categorie=\"navigation\" data-gtm-custom-action=\"crossclick\" data-gtm-custom-label=\"Contextuel\" data-gtm-event=\"customEventSPE\">Jannik Sinner<\/a>\u00a0a effectu\u00e9 une promenade de sant\u00e9 mercredi face \u00e0 son compatriote Lorenzo Musetti en trois sets, pour se qualifier en demi-finale de l&rsquo;US Open.<\/p>\n<p class=\"fig-paragraph\">L&rsquo;Italien n&rsquo;a jamais laiss\u00e9 planner le moindre doute sur l&rsquo;issue du match, qu&rsquo;il a domin\u00e9 de bout en bout, avec un score de 6-1, 6-4, 6-2. Aucune double faute, 91% de points gagn\u00e9s sur son premier service, seulement 17 fautes directes en trois sets, Sinner a rendu une copie tr\u00e8s propre.<\/p>\n<p>                                    <a class=\"fig-a11y-skip a11y-hidden\" href=\"#fig-a11y-skip-main-inarticle\"><br \/>\n        Passer la publicit\u00e9<br \/>\n    <\/a><\/p>\n<p>\u00abLe temps du match, on met notre amiti\u00e9 de c\u00f4t\u00e9\u00bb<\/p>\n<p class=\"fig-paragraph\">Si la terre est bien sa surface de pr\u00e9dilection, Musetti a d\u00e9j\u00e0 montr\u00e9 de belles dispositions sur surfaces rapides, comme en t\u00e9moigne sa demi-finale \u00e0 Wimbledon en 2024. Mais face \u00e0 ce qui se fait de mieux dans le genre, il a r\u00e9guli\u00e8rement \u00e9t\u00e9 impuissant devant les coups de boutoir de Sinner.<\/p>\n<p class=\"fig-paragraph\">Le tenant du titre \u00e0 New York a balad\u00e9 son adversaire d&rsquo;un c\u00f4t\u00e9 \u00e0 l&rsquo;autre du court, pour cr\u00e9er les conditions de d\u00e9calages imparables. Pris de vitesse par un coup droit d\u00e9crois\u00e9 en bout de course, Musetti a m\u00eame lev\u00e9 les bras, d\u00e9sempar\u00e9, durant le troisi\u00e8me set.<\/p>\n<p class=\"fig-paragraph\">\u00abOn se conna\u00eet tr\u00e8s bien\u00bb, a rappel\u00e9 Sinner apr\u00e8s sa victoire, \u00abmais le temps du match, on met notre amiti\u00e9 de c\u00f4t\u00e9. Et quand on se sert la main \u00e0 la fin, tout va bien.\u00bb En demi-finale, Sinner retrouvera le Canadien Felix Auger-Aliassime, qu&rsquo;il a corrig\u00e9 le mois dernier \u00e0 Cincinnati (6-0, 6-2).<\/p>\n","protected":false},"excerpt":{"rendered":"L\u2019Italien a domin\u00e9 son compatriote Lorenzo Musetti, avec un score de 6-1, 6-4, 6-2. Match point. Le n\u00b01&hellip;\n","protected":false},"author":2,"featured_media":364881,"comment_status":"","ping_status":"","sticky":false,"template":"","format":"standard","meta":{"footnotes":""},"categories":[1415],"tags":[1011,27,20859,60,1467,4172],"class_list":{"0":"post-364880","1":"post","2":"type-post","3":"status-publish","4":"format-standard","5":"has-post-thumbnail","7":"category-tennis","8":"tag-fr","9":"tag-france","10":"tag-jannik-sinner","11":"tag-sports","12":"tag-tennis","13":"tag-us-open"},"share_on_mastodon":{"url":"https:\/\/pubeurope.com\/@fr\/115144246071828579","error":""},"_links":{"self":[{"href":"https:\/\/www.europesays.com\/fr\/wp-json\/wp\/v2\/posts\/364880","targetHints":{"allow":["GET"]}}],"collection":[{"href":"https:\/\/www.europesays.com\/fr\/wp-json\/wp\/v2\/posts"}],"about":[{"href":"https:\/\/www.europesays.com\/fr\/wp-json\/wp\/v2\/types\/post"}],"author":[{"embeddable":true,"href":"https:\/\/www.europesays.com\/fr\/wp-json\/wp\/v2\/users\/2"}],"replies":[{"embeddable":true,"href":"https:\/\/www.europesays.com\/fr\/wp-json\/wp\/v2\/comments?post=364880"}],"version-history":[{"count":0,"href":"https:\/\/www.europesays.com\/fr\/wp-json\/wp\/v2\/posts\/364880\/revisions"}],"wp:featuredmedia":[{"embeddable":true,"href":"https:\/\/www.europesays.com\/fr\/wp-json\/wp\/v2\/media\/364881"}],"wp:attachment":[{"href":"https:\/\/www.europesays.com\/fr\/wp-json\/wp\/v2\/media?parent=364880"}],"wp:term":[{"taxonomy":"category","embeddable":true,"href":"https:\/\/www.europesays.com\/fr\/wp-json\/wp\/v2\/categories?post=364880"},{"taxonomy":"post_tag","embeddable":true,"href":"https:\/\/www.europesays.com\/fr\/wp-json\/wp\/v2\/tags?post=364880"}],"curies":[{"name":"wp","href":"https:\/\/api.w.org\/{rel}","templated":true}]}}