{"id":364882,"date":"2025-09-04T04:57:14","date_gmt":"2025-09-04T04:57:14","guid":{"rendered":"https:\/\/www.europesays.com\/fr\/364882\/"},"modified":"2025-09-04T04:57:14","modified_gmt":"2025-09-04T04:57:14","slug":"le-psg-devoile-sa-liste-de-joueurs-sans-kimpembe-lom-ecarte-maupay-et-harit-monaco-avec-pogba","status":"publish","type":"post","link":"https:\/\/www.europesays.com\/fr\/364882\/","title":{"rendered":"le PSG d\u00e9voile sa liste de joueurs sans Kimpembe, l\u2019OM \u00e9carte Maupay et Harit, Monaco avec Pogba"},"content":{"rendered":"<p>Les trois clubs fran\u00e7ais en lice en C1 ont communiqu\u00e9 \u00e0 l\u2019UEFA leur liste de joueurs inscrits pour disputer les huit matchs de la phase de ligue.<\/p>\n<p class=\"fig-paragraph\">Comme exig\u00e9 par l\u2019UEFA ce mercredi, les trois clubs fran\u00e7ais en lice ont communiqu\u00e9 leur liste de joueurs inscrits pour disputer<a href=\"http:\/\/www.lefigaro.fr\/flash-sport\/ligue-des-champions-le-psg-debute-au-parc-l-om-a-madrid-pour-commencer-le-calendrier-complet-des-clubs-francais-20250830\" data-fig-type=\"NewsFlash\" data-gtm-custom-categorie=\"navigation\" data-gtm-custom-action=\"crossclick\" data-gtm-custom-label=\"Contextuel\" data-gtm-event=\"customEventSPE\" data-fig-domain=\"LEFIGARO\" target=\"_blank\" rel=\"noopener\">\u00a0la phase de ligue de Ligue des champions.\u00a0<\/a>Pour chaque participant \u00e0 la C1, la liste A ne peut exc\u00e9der 25 joueurs, dont au moins huit doivent \u00eatre form\u00e9s au club ou dans un club de la m\u00eame f\u00e9d\u00e9ration (donc le m\u00eame pays).<\/p>\n<p class=\"fig-paragraph\">Deux gardiens, au minimum, doivent figurer dans cette liste qui peut \u00eatre modifi\u00e9e en cas de blessure majeure d\u2019un joueur, si l\u2019UEFA l\u2019accepte. Notez que chaque club dispose aussi d\u2019une liste B o\u00f9 figurent g\u00e9n\u00e9ralement des jeunes form\u00e9s au centre de formation et amen\u00e9s notamment \u00e0 jouer la Youth League (la Ligue des champions des moins de 19 ans).<\/p>\n<p class=\"fig-body-link\">\n            \u00c0 lire aussi<br \/>\n        <a class=\"fig-body-link__link\" href=\"http:\/\/www.lefigaro.fr\/sports\/football\/ligue-des-champions\/ligue-des-champions-du-tres-lourd-pour-le-psg-l-om-et-monaco-defieront-le-real-madrid-20250828\" target=\"_blank\" data-fig-type=\"NewsFlash\" rel=\"noopener\" data-gtm-custom-categorie=\"navigation\" data-gtm-custom-action=\"crossclick\" data-gtm-custom-label=\"Contextuel\" data-gtm-event=\"customEventSPE\" data-fig-domain=\"LEFIGARO\">Ligue des champions\u00a0: du (tr\u00e8s) lourd pour le PSG, l\u2019OM et Monaco d\u00e9fieront le Real Madrid<br \/>\n    <\/a>\n<\/p>\n<p>                                    <a class=\"fig-a11y-skip a11y-hidden\" href=\"#fig-a11y-skip-main-inarticle\"><br \/>\n        Passer la publicit\u00e9<br \/>\n    <\/a><\/p>\n<p class=\"fig-paragraph\">Tenant du titre en C1, le Paris Saint-Germain a d\u00e9voil\u00e9 une liste sans surprise. Les tauliers sont l\u00e0, les \u00abtitis\u00bb Senny Mayulu, Noham Camara et Ibrahim Mbaye aussi. Le seul absent de marque se nomme Presnel Kimpembe, qui risque de quitter la capitale pour s\u2019envoler au Qatar dans les prochains jours.<\/p>\n<p class=\"fig-paragraph\"><strong>La liste A du Paris Saint-Germain pour la premi\u00e8re phase de la Ligue des champions\u00a0:\u00a0<\/strong><\/p>\n<p class=\"fig-paragraph\">Gardiens : Chevalier, Safonov, Marin<br \/>D\u00e9fenseurs : Hakimi, Beraldo, Marquinhos, Zabarnyi, Hernandez, Mendes, Kamara, Pacho\u00a0<br \/>Milieux\u00a0: Ruiz, Vitinha, Lee, Mayulu, Za\u00efre-Emery, Neves\u00a0<br \/>Attaquants : Kvaratskhelia, Ramos, Demb\u00e9l\u00e9, Dou\u00e9, Barcola, Mbaye<\/p>\n<p>Pavard et les recrues marseillaises bien pr\u00e9sentes<\/p>\n<p class=\"fig-paragraph\">Du c\u00f4t\u00e9 de l\u2019Olympique de Marseille, \u00abseulement\u00bb 22 joueurs garnissent la liste A. Les douze recrues de l\u2019\u00e9t\u00e9, dont\u00a0<a href=\"http:\/\/www.lefigaro.fr\/sports\/football\/equipe-de-france\/pourquoi-benjamin-pavard-a-dit-oui-a-l-om-20250902\" data-fig-type=\"Article\" data-gtm-custom-categorie=\"navigation\" data-gtm-custom-action=\"crossclick\" data-gtm-custom-label=\"Contextuel\" data-gtm-event=\"customEventSPE\" data-fig-domain=\"LEFIGARO\" target=\"_blank\" rel=\"noopener\">Benjamin Pavard<\/a>, y figurent \u00e9videmment. Ce qui n\u2019est pas le cas de cinq joueurs\u00a0: Ruben Blanco, Pol Lirola, Amine Harit, Neal Maupay et Ulisses Garcia. Les quatre premiers cit\u00e9s, ind\u00e9sirables cet \u00e9t\u00e9, n\u2019entrent pas dans les plans de l\u2019entra\u00eeneur Roberto De Zerbi. Le lat\u00e9ral gauche suisse Garcia fait, lui, les frais des nombreuses arriv\u00e9es dans le secteur d\u00e9fensif.<\/p>\n<p class=\"fig-paragraph\"><strong>La liste A de l\u2019Olympique de Marseille pour la premi\u00e8re phase de la Ligue des champions\u00a0:\u00a0<\/strong><\/p>\n<p>                                    <a class=\"fig-a11y-skip a11y-hidden\" href=\"#fig-a11y-skip-main-inarticle_mtf\"><br \/>\n        Passer la publicit\u00e9<br \/>\n    <\/a><\/p>\n<p class=\"fig-paragraph\">Gardiens : Rulli, De Lange<br \/>D\u00e9fenseurs\u00a0: Egan-Riley, Balerdi, Aguerd, Pavard, Medina, Emerson, Murillo<br \/>Milieux\u00a0: Gomes, O\u2019Riley, Vermeeren, Kondogbia, Traor\u00e9, Weah, Hojbjerg, Nadir<br \/>Attaquants\u00a0: Gouiri, Greenwood, Paixao, Vaz, Aubameyang<\/p>\n<p class=\"fig-paragraph\">Enfin, \u00e0 Monaco, aucune surprise non plus n\u2019est \u00e0 signaler. 25 joueurs compl\u00e8tent la liste. S\u2019il n\u2019a pas encore disput\u00e9 ses premi\u00e8res minutes avec l\u2019ASM, Paul Pogba est bien l\u00e0 et aura l\u2019occasion de retrouver la Ligue des champions. Tout comme Eric Dier et Ansu Fati, autres recrues phares de l\u2019\u00e9t\u00e9 mon\u00e9gasque.<\/p>\n<p class=\"fig-paragraph\"><strong>La liste A de l\u2019AS Monaco pour la premi\u00e8re phase de la Ligue des champions\u00a0:<\/strong><\/p>\n<p class=\"fig-paragraph\">Gardiens : Hr\u00e1deck\u00fd, K\u00f6hn, Stawiecki, Lienard<br \/>D\u00e9fenseurs\u00a0: Vanderson, Dier, Teze, Kehrer, Caio Henrique, Mawissa, Ouattara, Salisu<br \/>Milieux\u00a0: Zakaria, Pogba, Golovin, Akliouche, Camara, Idumbo, Minamino, Bamba, Coulibaly<br \/>Attaquants : Balogun, Biereth, Ilenikhena, Fati<\/p>\n","protected":false},"excerpt":{"rendered":"Les trois clubs fran\u00e7ais en lice en C1 ont communiqu\u00e9 \u00e0 l\u2019UEFA leur liste de joueurs inscrits pour&hellip;\n","protected":false},"author":2,"featured_media":364883,"comment_status":"","ping_status":"","sticky":false,"template":"","format":"standard","meta":{"footnotes":""},"categories":[1412],"tags":[2266,1451,1452,1453,1454,1455,1011,27,1176,91,60],"class_list":{"0":"post-364882","1":"post","2":"type-post","3":"status-publish","4":"format-standard","5":"has-post-thumbnail","7":"category-f1","8":"tag-as-monaco","9":"tag-f1","10":"tag-formula-1","11":"tag-formula1","12":"tag-formule-1","13":"tag-formule1","14":"tag-fr","15":"tag-france","16":"tag-olympique-de-marseille","17":"tag-paris-saint-germain","18":"tag-sports"},"share_on_mastodon":{"url":"https:\/\/pubeurope.com\/@fr\/115144258018486441","error":""},"_links":{"self":[{"href":"https:\/\/www.europesays.com\/fr\/wp-json\/wp\/v2\/posts\/364882","targetHints":{"allow":["GET"]}}],"collection":[{"href":"https:\/\/www.europesays.com\/fr\/wp-json\/wp\/v2\/posts"}],"about":[{"href":"https:\/\/www.europesays.com\/fr\/wp-json\/wp\/v2\/types\/post"}],"author":[{"embeddable":true,"href":"https:\/\/www.europesays.com\/fr\/wp-json\/wp\/v2\/users\/2"}],"replies":[{"embeddable":true,"href":"https:\/\/www.europesays.com\/fr\/wp-json\/wp\/v2\/comments?post=364882"}],"version-history":[{"count":0,"href":"https:\/\/www.europesays.com\/fr\/wp-json\/wp\/v2\/posts\/364882\/revisions"}],"wp:featuredmedia":[{"embeddable":true,"href":"https:\/\/www.europesays.com\/fr\/wp-json\/wp\/v2\/media\/364883"}],"wp:attachment":[{"href":"https:\/\/www.europesays.com\/fr\/wp-json\/wp\/v2\/media?parent=364882"}],"wp:term":[{"taxonomy":"category","embeddable":true,"href":"https:\/\/www.europesays.com\/fr\/wp-json\/wp\/v2\/categories?post=364882"},{"taxonomy":"post_tag","embeddable":true,"href":"https:\/\/www.europesays.com\/fr\/wp-json\/wp\/v2\/tags?post=364882"}],"curies":[{"name":"wp","href":"https:\/\/api.w.org\/{rel}","templated":true}]}}