{"id":364884,"date":"2025-09-04T04:58:11","date_gmt":"2025-09-04T04:58:11","guid":{"rendered":"https:\/\/www.europesays.com\/fr\/364884\/"},"modified":"2025-09-04T04:58:11","modified_gmt":"2025-09-04T04:58:11","slug":"cetait-chaud-il-fallait-prendre-une-decision-rapidement-le-conflit-israelo-palestinien-ebranle-la-vuelta-lequipe","status":"publish","type":"post","link":"https:\/\/www.europesays.com\/fr\/364884\/","title":{"rendered":"\u00ab C&#039;\u00e9tait chaud, il fallait prendre une d\u00e9cision rapidement \u00bb : le conflit isra\u00e9lo-palestinien \u00e9branle la Vuelta &#8211; L&#039;\u00c9quipe"},"content":{"rendered":"<ol>\n<li><a href=\"https:\/\/news.google.com\/rss\/articles\/CBMi9wFBVV95cUxNWDg1OXFyOGFvdmR6R3pGdkt6MzMtWUtpRUZyWXlKaUxzRlp4bnFUcTg3Ny1xUzRlTXRnb3dnVXhjUnpmZlAyM2hDbVM0dEJGc1Nnam92eFVMR1Z0c0ZNSXFjc2RobTNzdXBoaWE2cm1SWjcyWC1pdlRDZlRINWdqYzVGb2xGRGYyLVkyQU9OLWNxMEpOVllVR1daaWhCcWlkaUFIa1EzLXdCeFRfWldab0pYRkZPY19Nb01oVjItRUIyMzJhU0ZBOWZrWjNOVW1nbmVfMVd3LTd1TDJaaXZjRTlsWDlXWW1qa2duZUYyeXc3X2NtMlJB?oc=5\" target=\"_blank\" rel=\"nofollow noopener\">\u00ab C&rsquo;\u00e9tait chaud, il fallait prendre une d\u00e9cision rapidement \u00bb : le conflit isra\u00e9lo-palestinien \u00e9branle la Vuelta<\/a>&nbsp;&nbsp;L&rsquo;\u00c9quipe<\/li>\n<li><a href=\"https:\/\/news.google.com\/rss\/articles\/CBMi_wFBVV95cUxNZ2ZZbkpiTWRQUElYeWpTVXFEeTlZSVNyWXVlTXB5eXlZRWxRSU9QdTJFZVpjX0g5WjRCQnJ1WkN3cWFJOUcyZzdlcEdZWXQ5YVVyOU5nZzFQcmltTXVCNnYtWVcwaVh4alNIeUJMOGFCeGE4Mm4zOWRodTRrWHhLc2ZTbGZCQ2c4R0lNTGZrU0Y0OEN1OFM1RXh6cmJKYjlmMlhhZXlJeW5hb1pUeUNvSFROSFpnN2tpQ0VrbU5pZFVzZ29mdXZlYlVrdXdnYUlUOThjTl9HSktVSnJOOGlTOVpkX0o1NXI2QlhETXpTdWJ3RzdmTjBrY2c3NnZESnc?oc=5\" target=\"_blank\" rel=\"nofollow noopener\">\u00ab Faut-il prot\u00e9ger la Vuelta ou faut-il prot\u00e9ger une \u00e9quipe? \u00bb : le directeur technique de la course favorable au retrait de l&rsquo;\u00e9quipe Israel-Premier Tech<\/a>&nbsp;&nbsp;L&rsquo;\u00c9quipe<\/li>\n<li><a href=\"https:\/\/news.google.com\/rss\/articles\/CBMipgJBVV95cUxOdWdEelE2U012cTNXcnk2bFNrWDlNUVhHQlpVOWJTRVliWVBRNlh1LWFRMmU2LXQxMnE5SXZxaGdJQlZSQmg5OUF2N2UzZDBXWjZUVGpNUU9fOXNrYmxqd3RlMVhjdlVROUxObUhTSEhSajNqeS0yNHRLUzBuWl9QUjJnT2w1MF96cU9rZ3hDbC15TzZlYTZRY19od2E5alBpd3VheWUzdzlMYkcteW1ra2ZfbEdFSks2YUwxeEppVC10cUhOa2NkUEdZSVh0cXBESHRmOVVSVWU1YU5rRERUQzNobC15U21UQnRNS3hCX2xEanBlQ29jdkRjTG45cWlmRFRrblI5dlNJZ004Y180cFVnM0xVcHowUTQxSloyMXY4bXFIX0E?oc=5\" target=\"_blank\" rel=\"nofollow noopener\">\u00ab\u00a0Ils ont obtenu ce qu&rsquo;ils voulaient\u2026\u00a0\u00bb : Le peloton partag\u00e9 face aux manifestations<\/a>&nbsp;&nbsp;Eurosport<\/li>\n<li><a href=\"https:\/\/news.google.com\/rss\/articles\/CBMi4wFBVV95cUxPWU5yTlZwMFFpRGNCd09UU21DZzc2ZEhOb2xadkdvUUNQMHpQZnZfckhmeDQyYVFrNkt5SThmdUZNY0twZEpqdXVpSlRYZUFiTTZmVmJiWUtyOFZPYUkyRG43VHM0bkxIYi1SaEFlLURlZTh5Um51N2Y2Wjd1QWNQUzZkYnJTb1NBajd6ZWxuQ2RoXzFZRHNzcVQtMExkWmtnWWNkc3FVQmVMNmMxNzltWjJWdm1EUEFUWjcyOVdQMktEUFozZE1tQUhzSW5pU0plTl9LTnpKZElLR0JaRlFQa3lQQQ?oc=5\" target=\"_blank\" rel=\"nofollow noopener\">La Vuelta neutralis\u00e9e en raison d\u2019une grande manifestation pro-palestinienne<\/a>&nbsp;&nbsp;20 Minutes<\/li>\n<li><a href=\"https:\/\/news.google.com\/rss\/articles\/CBMi7gFBVV95cUxOb183TGJnQUZ1b1MwQVgyeEE2UGFvbWQ3Q0YtdFRfMmNReW12NS1YeHd6ZWYzdmJQVTJaSmdpbVR1aGtoVlJYcUtJekJBaHM2NVc4clNVTkxWcG5VamVOUTVQN1JfcU5YdHF6enYwb3duZjFHbUJJaXVDX1lfSzhFVDdqTkUtdWF5V2g0ZW5MQ2FkT3RWQXBRbWt3aDZCMFdsRmJGZ1JjYy1xN3dQb2cyX2k4UlpKc1U2N0RkNDRjVXZRR25BQk15T3o0MzM4c0V3OThXZEJGWldLS0ZYM3lNbG16T3JYLU5ZLXFLc09B?oc=5\" target=\"_blank\" rel=\"nofollow noopener\">Manifestations propalestiniennes sur la Vuelta, l&rsquo;\u00e9quipe Israel exclut de se retirer<\/a>&nbsp;&nbsp;France 24<\/li>\n<\/ol>\n","protected":false},"excerpt":{"rendered":"\u00ab C&rsquo;\u00e9tait chaud, il fallait prendre une d\u00e9cision rapidement \u00bb : le conflit isra\u00e9lo-palestinien \u00e9branle la Vuelta&nbsp;&nbsp;L&rsquo;\u00c9quipe \u00ab&hellip;\n","protected":false},"author":2,"featured_media":364885,"comment_status":"","ping_status":"","sticky":false,"template":"","format":"standard","meta":{"footnotes":""},"categories":[1411],"tags":[1154,207,1011,27,60],"class_list":{"0":"post-364884","1":"post","2":"type-post","3":"status-publish","4":"format-standard","5":"has-post-thumbnail","7":"category-cyclisme","8":"tag-cycling","9":"tag-cyclisme","10":"tag-fr","11":"tag-france","12":"tag-sports"},"share_on_mastodon":{"url":"https:\/\/pubeurope.com\/@fr\/115144261888284442","error":""},"_links":{"self":[{"href":"https:\/\/www.europesays.com\/fr\/wp-json\/wp\/v2\/posts\/364884","targetHints":{"allow":["GET"]}}],"collection":[{"href":"https:\/\/www.europesays.com\/fr\/wp-json\/wp\/v2\/posts"}],"about":[{"href":"https:\/\/www.europesays.com\/fr\/wp-json\/wp\/v2\/types\/post"}],"author":[{"embeddable":true,"href":"https:\/\/www.europesays.com\/fr\/wp-json\/wp\/v2\/users\/2"}],"replies":[{"embeddable":true,"href":"https:\/\/www.europesays.com\/fr\/wp-json\/wp\/v2\/comments?post=364884"}],"version-history":[{"count":0,"href":"https:\/\/www.europesays.com\/fr\/wp-json\/wp\/v2\/posts\/364884\/revisions"}],"wp:featuredmedia":[{"embeddable":true,"href":"https:\/\/www.europesays.com\/fr\/wp-json\/wp\/v2\/media\/364885"}],"wp:attachment":[{"href":"https:\/\/www.europesays.com\/fr\/wp-json\/wp\/v2\/media?parent=364884"}],"wp:term":[{"taxonomy":"category","embeddable":true,"href":"https:\/\/www.europesays.com\/fr\/wp-json\/wp\/v2\/categories?post=364884"},{"taxonomy":"post_tag","embeddable":true,"href":"https:\/\/www.europesays.com\/fr\/wp-json\/wp\/v2\/tags?post=364884"}],"curies":[{"name":"wp","href":"https:\/\/api.w.org\/{rel}","templated":true}]}}