{"id":364886,"date":"2025-09-04T04:59:11","date_gmt":"2025-09-04T04:59:11","guid":{"rendered":"https:\/\/www.europesays.com\/fr\/364886\/"},"modified":"2025-09-04T04:59:11","modified_gmt":"2025-09-04T04:59:11","slug":"lasse-sur-le-point-de-perdre-nguessan","status":"publish","type":"post","link":"https:\/\/www.europesays.com\/fr\/364886\/","title":{"rendered":"L\u2019ASSE sur le point de perdre\u2026 N\u2019Guessan\u00a0?"},"content":{"rendered":"<p><strong>Consid\u00e9r\u00e9 comme l\u2019un des grands joyaux de l\u2019ASSE, Djylian N\u2019Guessan devient un sujet de pr\u00e9occupation majeur dans le Forez\u2026<\/strong><\/p>\n<p>\t<img decoding=\"async\" alt=\"Djylian N\u2019Guessan\" src=\"https:\/\/www.europesays.com\/fr\/wp-content\/uploads\/2025\/09\/ICONSPORT_249888_0011.jpg\"\/><\/p>\n<p>Djylian N\u2019Guessan, Cr\u00e9dit photo : Icon Sport<\/p>\n<p data=\"intro\">Depuis l\u2019\u00e2ge de 7 ans, Djylian N\u2019Guessan porte les couleurs vertes de l\u2019ASSE. Un talent qui a gravi tous les \u00e9chelons du club pour devenir, aujourd\u2019hui, l\u2019un des plus grands espoirs du Forez. A 17 ans, l\u2019attaquant est m\u00eame consid\u00e9r\u00e9 comme un ph\u00e9nom\u00e8ne de pr\u00e9cocit\u00e9 et l\u2019entra\u00eeneur Eirik Horneland compte bien en faire un atout de son effectif cette saison.<\/p>\n<p>Les discussions se compliquent<\/p>\n<p>Cet \u00e9t\u00e9, de nombreuses \u00e9curies ont tent\u00e9 d\u2019arracher Djylian N\u2019Guessan \u00e0 l\u2019ASSE. En fin de mercato, le Paris FC aurait propos\u00e9 un montant de 7 \u00e0 8 millions d\u2019euros pour son transfert\u00a0! Offensive imm\u00e9diatement repouss\u00e9e par les Verts, qui comptent sur N\u2019Guessan pour construire leur avenir. Mais en coulisses, le dossier se complique. Depuis plusieurs mois, l\u2019ASSE a ouvert des discussions pour prolonger son contrat actuel (juin 2027). Mais son entourage se montre gourmand.<\/p>\n<p><\/p>\n<p>N\u2019Guessan pr\u00eat \u00e0 partir\u00a0?<\/p>\n<p>A deux ans de la fin de son contrat, Djylian N\u2019Guessan semble avoir des exigences financi\u00e8res importantes et l\u2019ASSE, qui ne souhaite pas surpayer ses talents, ne trouve pas de terrain d\u2019entente avec son joyau. Les offres de l\u2019\u00e9t\u00e9 confortent s\u00fbrement le clan N\u2019Guessan dans sa volont\u00e9 de signer un gros contrat puisque des clubs comme le Paris FC sont tout \u00e0 fait disposer \u00e0 lui offrir tout ce qu\u2019il demande\u2026 Les n\u00e9gociations doivent se poursuivre cet automne. Mais un point sera fait avant l\u2019hiver, \u00e0 18 mois de la fin de son bail. Et la question d\u2019un d\u00e9part commencera s\u00e9rieusement \u00e0 se poser si le dossier est toujours bloqu\u00e9.<\/p>\n<p style=\"width:100%;text-align:center;  background-color: #003B6F; padding:5px; border-radius: 10px;color:white;font-size: 20px;\"><a href=\"#graphcomment\" style=\"color:white;\">Voir les commentaires<\/a><\/p>\n<p><\/p>\n<p>\t\t\t\t&#13;<br \/>\n\t\t\t\t\t&#13;<\/p>\n","protected":false},"excerpt":{"rendered":"Consid\u00e9r\u00e9 comme l\u2019un des grands joyaux de l\u2019ASSE, Djylian N\u2019Guessan devient un sujet de pr\u00e9occupation majeur dans le&hellip;\n","protected":false},"author":2,"featured_media":364887,"comment_status":"","ping_status":"","sticky":false,"template":"","format":"standard","meta":{"footnotes":""},"categories":[1410],"tags":[63,1011,27,60],"class_list":{"0":"post-364886","1":"post","2":"type-post","3":"status-publish","4":"format-standard","5":"has-post-thumbnail","7":"category-football","8":"tag-football","9":"tag-fr","10":"tag-france","11":"tag-sports"},"share_on_mastodon":{"url":"https:\/\/pubeurope.com\/@fr\/115144266166903865","error":""},"_links":{"self":[{"href":"https:\/\/www.europesays.com\/fr\/wp-json\/wp\/v2\/posts\/364886","targetHints":{"allow":["GET"]}}],"collection":[{"href":"https:\/\/www.europesays.com\/fr\/wp-json\/wp\/v2\/posts"}],"about":[{"href":"https:\/\/www.europesays.com\/fr\/wp-json\/wp\/v2\/types\/post"}],"author":[{"embeddable":true,"href":"https:\/\/www.europesays.com\/fr\/wp-json\/wp\/v2\/users\/2"}],"replies":[{"embeddable":true,"href":"https:\/\/www.europesays.com\/fr\/wp-json\/wp\/v2\/comments?post=364886"}],"version-history":[{"count":0,"href":"https:\/\/www.europesays.com\/fr\/wp-json\/wp\/v2\/posts\/364886\/revisions"}],"wp:featuredmedia":[{"embeddable":true,"href":"https:\/\/www.europesays.com\/fr\/wp-json\/wp\/v2\/media\/364887"}],"wp:attachment":[{"href":"https:\/\/www.europesays.com\/fr\/wp-json\/wp\/v2\/media?parent=364886"}],"wp:term":[{"taxonomy":"category","embeddable":true,"href":"https:\/\/www.europesays.com\/fr\/wp-json\/wp\/v2\/categories?post=364886"},{"taxonomy":"post_tag","embeddable":true,"href":"https:\/\/www.europesays.com\/fr\/wp-json\/wp\/v2\/tags?post=364886"}],"curies":[{"name":"wp","href":"https:\/\/api.w.org\/{rel}","templated":true}]}}