{"id":36489,"date":"2025-04-19T12:31:10","date_gmt":"2025-04-19T12:31:10","guid":{"rendered":"https:\/\/www.europesays.com\/fr\/36489\/"},"modified":"2025-04-19T12:31:10","modified_gmt":"2025-04-19T12:31:10","slug":"il-y-a-20-ans-lincendie-dun-hotel-le-plus-meurtrier-depuis-la-liberation-frappait-paris","status":"publish","type":"post","link":"https:\/\/www.europesays.com\/fr\/36489\/","title":{"rendered":"Il y a 20 ans, l&rsquo;incendie d&rsquo;un h\u00f4tel, le plus meurtrier depuis la Lib\u00e9ration, frappait Paris"},"content":{"rendered":"<p>            Par<br \/>\n        <strong><br \/>\n            <a href=\"https:\/\/actu.fr\/auteur\/antoine-blanchet\" title=\"Consulter tous les articles de Antoine Blanchet\" rel=\"nofollow noopener\" target=\"_blank\">Antoine Blanchet<\/a><br \/>\n        <\/strong><\/p>\n<p>        Publi\u00e9 le<\/p>\n<p>            19 avr. 2025 \u00e0 13h32        <\/p>\n<p>Des cris. Des morts. Des flammes. Ce vendredi 15 avril 2005, la nuit n\u2019a rien de calme dans la rue de Provence \u00e0 <a href=\"https:\/\/actu.fr\/paris\/\" rel=\"nofollow noopener\" target=\"_blank\">Paris<\/a>. Les pompiers font face \u00e0 une sc\u00e8ne de chaos. Un <a href=\"https:\/\/actu.fr\/tag\/incendie\" rel=\"nofollow noopener\" target=\"_blank\">incendie<\/a> s\u2019est d\u00e9clar\u00e9 au sein de l\u2019h\u00f4tel Paris-Op\u00e9ra dans le 9e arrondissement. \u00c0 l\u2019int\u00e9rieur de cet \u00e9tablissement social,<strong> plus de 80 personnes<\/strong> en situation pr\u00e9caire. Le bilan sera tr\u00e8s lourd : <strong>24 morts et 56 bless\u00e9s.\u00a0<\/strong><\/p>\n<p>Une dispute \u00e0 l\u2019origine du drame\u00a0<\/p>\n<p class=\" wall-content\">Quelques heures auparavant, la vie suivait son cours dans cet h\u00f4tel de six \u00e9tages. L\u2019immeuble, g\u00e9r\u00e9 par un couple, h\u00e9berge de nombreuses personnes en grande difficult\u00e9. C\u2019est le<strong> Samu social<\/strong> qui paie une trentaine de chambres. Premier manquement ce soir-l\u00e0 : 77 personnes sont pr\u00e9sentes dans l\u2019h\u00f4tel, alors que sa capacit\u00e9 maximum est de 61.\u00a0<\/p>\n<p class=\" wall-content\">Au rez-de-chauss\u00e9e de l\u2019h\u00f4tel, la f\u00eate bat son plein. Le veilleur de nuit de l\u2019h\u00f4tel, fils des g\u00e9rants, <strong>consomme de l\u2019alcool et de la <a href=\"https:\/\/actu.fr\/tag\/cocaine\" rel=\"nofollow noopener\" target=\"_blank\">coca\u00efne<\/a><\/strong> avec des clients. La situation attise la col\u00e8re de sa petite amie, venue sp\u00e9cialement pour le voir. Dans la pi\u00e8ce o\u00f9 loge l\u2019employ\u00e9, la jeune femme avait dispos\u00e9 des bougies d\u2019ambiance sur le sol. Apr\u00e8s une nouvelle dispute avec son conjoint alcoolis\u00e9, elle remonte dans la chambre improvis\u00e9e, et jette une pile de v\u00eatements\u2026 sur les bougies.\u00a0<\/p>\n<p>Une intervention d\u2019ampleur\u00a0<\/p>\n<p class=\" wall-content\">De cette fureur na\u00eet l\u2019embrasement. Les flammes se propagent tr\u00e8s vite dans la cage d\u2019escalier de l\u2019immeuble et atteignent les chambres. Le veilleur de nuit tente d\u2019\u00e9teindre l\u2019incendie avec un extincteur. L\u2019action maladroite a pour cons\u00e9quence <strong>de retarder l\u2019appel aux pompiers.\u00a0<\/strong><\/p>\n<p class=\" wall-content\">Les soldats du feu arrivent en nombre sur une sc\u00e8ne terrifiante. Des occupants de l\u2019h\u00f4pital hurlent aux fen\u00eatres. Certains ont d\u00e9j\u00e0 saut\u00e9 et gisent sur le sol. \u00ab\u00a0On a en t\u00eate les images d\u2019attentats qu\u2019on voit \u00e0 la t\u00e9l\u00e9vision\u00a0\u00bb, se rem\u00e9morait \u00e0 l\u2019\u00e9poque l\u2019un des pompiers. Au total, 300 effectifs et 57 camions sont mobilis\u00e9s pour venir \u00e0 bout du brasier. Non-loin, le rez-de-chauss\u00e9e des <a href=\"https:\/\/actu.fr\/ile-de-france\/paris_75056\/crise-futur-a-paris-comment-se-porte-le-magasin-haussmann-des-galeries-lafayette-avant-les-fetes_61909143.html\" rel=\"nofollow noopener\" target=\"_blank\">Galeries Lafayette<\/a> fait office de poste m\u00e9dical avanc\u00e9.\u00a0<\/p>\n<p>Le bilan tr\u00e8s lourd\u00a0<\/p>\n<p class=\" wall-content\">Dans cette op\u00e9ration spectaculaire, les pompiers parviennent \u00e0 sauver 58 clients de l\u2019h\u00f4tel. \u00ab\u00a0Il y avait une personne \u00e0 chaque fen\u00eatre qui appelait \u00e0 l\u2019aide\u00a0\u00bb, racontait le soldat du feu interrog\u00e9 sur l\u2019intervention. Malheureusement, le bilan reste dramatique. Ce sont 24 personnes qui perdent la vie dans l\u2019incendie. Parmi elles, 11 enfants. On compte aussi 56 bless\u00e9s, dont plusieurs polytraumatis\u00e9s apr\u00e8s s\u2019\u00eatre d\u00e9fenestr\u00e9s.\u00a0<\/p>\n<p class=\" wall-content\">Apr\u00e8s ce drame, des voix s\u2019\u00e9l\u00e8vent et d\u00e9noncent le mal-logement dans la capitale. Le 18 avril, une veill\u00e9e est organis\u00e9e en hommage aux victimes. Le manque de logements sociaux \u00e0 Paris est point\u00e9 du doigt.\u00a0<\/p>\n<p>Une longue bataille judiciaire<\/p>\n<p class=\" wall-content\">Pour les survivants de ce drame, il faudra de longues ann\u00e9es avant d\u2019obtenir r\u00e9paration. Ce n\u2019est qu\u2019en 2013 que s\u2019ouvre le proc\u00e8s des g\u00e9rants, du veilleur de nuit et de sa compagne pour <strong>homicides involontaires<\/strong>. La plus lourdement condamn\u00e9e sera la petite amie : trois ans de prison ferme. La peine sera ramen\u00e9e \u00e0 deux ans de prison ferme lors du proc\u00e8s en appel en 2016. Le veilleur de nuit et son p\u00e8re sont condamn\u00e9s \u00e0 deux ann\u00e9es de prison ferme.\u00a0<\/p>\n<p class=\" wall-content\">Suivez toute l\u2019actualit\u00e9 de vos villes et m\u00e9dias favoris en vous inscrivant \u00e0 <a href=\"https:\/\/moncompte.actu.fr\" title=\"D\u00e9couvez Mon Actu\" rel=\"nofollow noopener\" data-trk=\"{&quot;cta&quot;:{&quot;action&quot;:&quot;https:\\\/\\\/moncompte.actu.fr&quot;,&quot;category&quot;:&quot;mon compte&quot;,&quot;from&quot;:&quot;article footer&quot;,&quot;name&quot;:&quot;Mon actu&quot;,&quot;type&quot;:&quot;cta&quot;}}\" target=\"_blank\">Mon Actu<\/a>.<\/p>\n","protected":false},"excerpt":{"rendered":"Par Antoine Blanchet Publi\u00e9 le 19 avr. 2025 \u00e0 13h32 Des cris. Des morts. Des flammes. Ce vendredi&hellip;\n","protected":false},"author":2,"featured_media":36490,"comment_status":"","ping_status":"","sticky":false,"template":"","format":"standard","meta":{"footnotes":""},"categories":[1888],"tags":[1111,1928,11,1927,1777,674,118,1011,27,937,1310,12,1926,626,1925,25],"class_list":{"0":"post-36489","1":"post","2":"type-post","3":"status-publish","4":"format-standard","5":"has-post-thumbnail","7":"category-paris","8":"tag-actu","9":"tag-actu-paris","10":"tag-actualites","11":"tag-actualites-paris","12":"tag-eu","13":"tag-europe","14":"tag-faits-divers","15":"tag-fr","16":"tag-france","17":"tag-histoire","18":"tag-incendie","19":"tag-news","20":"tag-news-paris","21":"tag-paris","22":"tag-paris-news","23":"tag-republique-francaise"},"share_on_mastodon":{"url":"https:\/\/pubeurope.com\/@fr\/114364644305969832","error":""},"_links":{"self":[{"href":"https:\/\/www.europesays.com\/fr\/wp-json\/wp\/v2\/posts\/36489","targetHints":{"allow":["GET"]}}],"collection":[{"href":"https:\/\/www.europesays.com\/fr\/wp-json\/wp\/v2\/posts"}],"about":[{"href":"https:\/\/www.europesays.com\/fr\/wp-json\/wp\/v2\/types\/post"}],"author":[{"embeddable":true,"href":"https:\/\/www.europesays.com\/fr\/wp-json\/wp\/v2\/users\/2"}],"replies":[{"embeddable":true,"href":"https:\/\/www.europesays.com\/fr\/wp-json\/wp\/v2\/comments?post=36489"}],"version-history":[{"count":0,"href":"https:\/\/www.europesays.com\/fr\/wp-json\/wp\/v2\/posts\/36489\/revisions"}],"wp:featuredmedia":[{"embeddable":true,"href":"https:\/\/www.europesays.com\/fr\/wp-json\/wp\/v2\/media\/36490"}],"wp:attachment":[{"href":"https:\/\/www.europesays.com\/fr\/wp-json\/wp\/v2\/media?parent=36489"}],"wp:term":[{"taxonomy":"category","embeddable":true,"href":"https:\/\/www.europesays.com\/fr\/wp-json\/wp\/v2\/categories?post=36489"},{"taxonomy":"post_tag","embeddable":true,"href":"https:\/\/www.europesays.com\/fr\/wp-json\/wp\/v2\/tags?post=36489"}],"curies":[{"name":"wp","href":"https:\/\/api.w.org\/{rel}","templated":true}]}}