{"id":364894,"date":"2025-09-04T05:04:15","date_gmt":"2025-09-04T05:04:15","guid":{"rendered":"https:\/\/www.europesays.com\/fr\/364894\/"},"modified":"2025-09-04T05:04:15","modified_gmt":"2025-09-04T05:04:15","slug":"people-fatigue-hue-mais-pas-abattu-pierre-garnier-revient-sur-un-concert-difficile-avant-de-retrouver-le-sourire-tendanceouest-com","status":"publish","type":"post","link":"https:\/\/www.europesays.com\/fr\/364894\/","title":{"rendered":"People. Fatigu\u00e9, hu\u00e9, mais pas abattu : Pierre Garnier revient sur un concert difficile avant de retrouver le sourire &#8211; tendanceouest.com"},"content":{"rendered":"<ol>\n<li><a href=\"https:\/\/news.google.com\/rss\/articles\/CBMi8AFBVV95cUxNQ0ZtY2xEeHNpaS1kNDNDRUJhM1l3RG9BbDFYRy00cjQwenJnSm92aWhiWUpLQVhpdUlubTgzRzNQSFoxT0Q2WkNhRGFrMWRneHFaeURpemtHT2t6ZkJhaGgxWW9wd1hGengteUxqOFJwd0VUUVUwaW9nbW5vNXBQeEJ5NU1UT2E0X1djYjNMbksxSzZuWVBIREpUQUFHaWg1RElpcjBwUzhKZzdTYzRlWk42VWROUnZ2M0xNNU9BaUtuV2JSU3pJR3c0ZGN2cVRVS1NuYW1GU3ZOcC1TV1BJcWhxOVRzSDlEQTRWY0NCMUs?oc=5\" target=\"_blank\" rel=\"nofollow noopener\">People. Fatigu\u00e9, hu\u00e9, mais pas abattu : Pierre Garnier revient sur un concert difficile avant de retrouver le sourire<\/a>&nbsp;&nbsp;tendanceouest.com<\/li>\n<li><a href=\"https:\/\/news.google.com\/rss\/articles\/CBMi1AFBVV95cUxOaTBJVVdRSmlzRnh0RVp0eEhrNmVRYk9Sc0VaOWE0Q0FOQlQ4Ymd6Mkx1Qm44NXM4VWpQR2pTdFFjdldqZ3prdXhtQ3BUZ1E3bm92MFV2VnNvM0lBdGxtSXVaWUJfaDQ2RGpkRzB4Z21yMGlHbWl5V0pOX0F6QlJ3RDExeTFtSVBOdGpLZ1JENjN6Yi14WllYQTM3ZnF0S3hYUXpmRWlFWUVRd2FHcXhJRlVfX3RhMmNpUkYxWFJvcmw3a2RoeDctV0RTV05tQlpCcnV4bQ?oc=5\" target=\"_blank\" rel=\"nofollow noopener\">Le d\u00e9rapage de cet artiste en plein festival cet \u00e9t\u00e9 pourrait lui co\u00fbter sa tourn\u00e9e de septembre<\/a>&nbsp;&nbsp;Pause Musicale<\/li>\n<li><a href=\"https:\/\/news.google.com\/rss\/articles\/CBMivwFBVV95cUxOVl9ZdUNGamJHM0RROWxRWjV4ZEhBVThBU1FOUWVhN2Q0OHlNaHpGajhMMTlmbWF6MVBqRHNrdlNUVHAzeUY5NVJ4SGdfZzcydWZ2NjE3cGZrUE82blVfazFFVkJpV0JGZy0zb2xLU3R1VVZBekF1TG9ad01OdnNLUjJkaVpDbnd0WDhrVGRUZkZycjRmNXduci0zdFN4WFdmM2lYYWNNaVN0Q2h5YmFBb2JPMmRfT0NoOVFTdHpvaw?oc=5\" target=\"_blank\" rel=\"nofollow noopener\">Pourquoi Pierre Garnier a-t-il \u00e9t\u00e9 hu\u00e9 par les fans \u00e0 la fin de son dernier concert ?<\/a>&nbsp;&nbsp;M Radio<\/li>\n<li><a href=\"https:\/\/news.google.com\/rss\/articles\/CBMi1gFBVV95cUxQdUkxRVNDYm5hSHMwWXZrdXd6YXBjeE9kVXBfMkMzX09saFZST1UwWmhkRHpRZTZsbmVNUXhMSnFRNUtJNm1jQ1Z1ZGZzVERETDU3OWZVa1lzNlh5NUlqVUJXSkVBdXNTc0NucnJLRmdVM2ZBSVh6QnM0SmhnYXVhUkdwLTVWSkszbWhkdm5mSGRYamVrdEN0Uk5GZ3Nya3BwYzQ2amdqZFp2ZXpuNEo1bGJUMHFuSDVVVGMtaldwMEJ0dGVZX2pJUWFucy1RRWJKeUJCNjh3?oc=5\" target=\"_blank\" rel=\"nofollow noopener\">Pierre Garnier, hu\u00e9 : \u00ab\u00a0c&rsquo;est compliqu\u00e9\u00a0\u00bb<\/a>&nbsp;&nbsp;journaldesfemmes.fr<\/li>\n<li><a href=\"https:\/\/news.google.com\/rss\/articles\/CBMi0wFBVV95cUxPRUg0cHNlUUhCYldnNGY4SUhUWG9OU0RPVlk4ZmhfR2NvRnJUQW1qOEZ2LXBWaVA3TnY5YllkakcyU2RmRVk3Wnk3Vk5ndmVYZUNCUWN2bU1mU1EtOG1GSGM0WU9PZ3NUN3VaN05VY1NuMk9BYWpCcEU5X2lCNUlCNGFkTnBnd2huY2JwWEhZMDJyUGg3RWlvZGJXcW10MGp3TV9iUVNHQmd3MHhHNU1CTE4xbEhQdFBqc0w0ZjM0LUY5Nk5MS1FvVUtMWDFTSzV0OEo0?oc=5\" target=\"_blank\" rel=\"nofollow noopener\">\u00ab\u00a0C&rsquo;est compliqu\u00e9\u00a0\u00bb : Pierre Garnier hu\u00e9 par les fans apr\u00e8s son dernier concert, que s&rsquo;est-il pass\u00e9 ?<\/a>&nbsp;&nbsp;Portail Free<\/li>\n<\/ol>\n","protected":false},"excerpt":{"rendered":"People. Fatigu\u00e9, hu\u00e9, mais pas abattu : Pierre Garnier revient sur un concert difficile avant de retrouver le&hellip;\n","protected":false},"author":2,"featured_media":11408,"comment_status":"","ping_status":"","sticky":false,"template":"","format":"standard","meta":{"footnotes":""},"categories":[1355],"tags":[58,59,1011,27,1361,873],"class_list":{"0":"post-364894","1":"post","2":"type-post","3":"status-publish","4":"format-standard","5":"has-post-thumbnail","7":"category-musique","8":"tag-divertissement","9":"tag-entertainment","10":"tag-fr","11":"tag-france","12":"tag-music","13":"tag-musique"},"share_on_mastodon":{"url":"https:\/\/pubeurope.com\/@fr\/115144285539567867","error":""},"_links":{"self":[{"href":"https:\/\/www.europesays.com\/fr\/wp-json\/wp\/v2\/posts\/364894","targetHints":{"allow":["GET"]}}],"collection":[{"href":"https:\/\/www.europesays.com\/fr\/wp-json\/wp\/v2\/posts"}],"about":[{"href":"https:\/\/www.europesays.com\/fr\/wp-json\/wp\/v2\/types\/post"}],"author":[{"embeddable":true,"href":"https:\/\/www.europesays.com\/fr\/wp-json\/wp\/v2\/users\/2"}],"replies":[{"embeddable":true,"href":"https:\/\/www.europesays.com\/fr\/wp-json\/wp\/v2\/comments?post=364894"}],"version-history":[{"count":0,"href":"https:\/\/www.europesays.com\/fr\/wp-json\/wp\/v2\/posts\/364894\/revisions"}],"wp:featuredmedia":[{"embeddable":true,"href":"https:\/\/www.europesays.com\/fr\/wp-json\/wp\/v2\/media\/11408"}],"wp:attachment":[{"href":"https:\/\/www.europesays.com\/fr\/wp-json\/wp\/v2\/media?parent=364894"}],"wp:term":[{"taxonomy":"category","embeddable":true,"href":"https:\/\/www.europesays.com\/fr\/wp-json\/wp\/v2\/categories?post=364894"},{"taxonomy":"post_tag","embeddable":true,"href":"https:\/\/www.europesays.com\/fr\/wp-json\/wp\/v2\/tags?post=364894"}],"curies":[{"name":"wp","href":"https:\/\/api.w.org\/{rel}","templated":true}]}}