{"id":364897,"date":"2025-09-04T05:06:24","date_gmt":"2025-09-04T05:06:24","guid":{"rendered":"https:\/\/www.europesays.com\/fr\/364897\/"},"modified":"2025-09-04T05:06:24","modified_gmt":"2025-09-04T05:06:24","slug":"feu-vert-europeen-pour-un-nouveau-traitement-chez-les-adolescents","status":"publish","type":"post","link":"https:\/\/www.europesays.com\/fr\/364897\/","title":{"rendered":"feu vert europ\u00e9en pour un nouveau traitement chez les adolescents"},"content":{"rendered":"<p>L\u2019Agence europ\u00e9enne du m\u00e9dicament (EMA)\u00a0a \u00e9mis le 25 ao\u00fbt un avis favorable pour l\u2019octroi d\u2019une autorisation de mise sur le march\u00e9 du m\u00e9dicament Winlevi, un traitement contre l\u2019acn\u00e9 du visage\u00a0chez les adultes\u00a0et les adolescents (\u00e0 partir de 12 ans).<\/p>\n<p>Celui-ci est d\u00e9j\u00e0 disponible aux Etats-Unis, au Canada, au Royaume-Uni, en Australie, en Malaisie et \u00e0 Singapour. Pour comprendre comment il fonctionne, il faut comprendre d\u2019abord comment fonctionne\u00a0l\u2019acn\u00e9.<\/p>\n<p><strong>Quels sont les m\u00e9canismes de l\u2019acn\u00e9\u00a0?<\/strong><\/p>\n<p>Le s\u00e9bum est une substance grasse produite par les glandes s\u00e9bac\u00e9es situ\u00e9es dans les follicules pileux.<\/p>\n<p>Normalement s\u00e9cr\u00e9t\u00e9 pour prot\u00e9ger la peau du dess\u00e9chement et des agressions ext\u00e9rieures, le s\u00e9bum, dans le cas de l\u2019acn\u00e9, est s\u00e9cr\u00e9t\u00e9 de mani\u00e8re excessive sous l\u2019action des hormones androg\u00e8nes, au moment de la pubert\u00e9 ou \u00e0 certains moments du cycle menstruel.<\/p>\n<p>La s\u00e9cr\u00e9tion excessive de s\u00e9bum combin\u00e9e \u00e0 un \u00e9paississement du follicule pileux provoque une r\u00e9tention s\u00e9borrh\u00e9ique qui se manifeste par l\u2019apparition des points noirs et des boutons blancs.<\/p>\n<p>Une inflammation peut finir par appara\u00eetre \u00e0 cause des dommages occasionn\u00e9s par le s\u00e9bum en exc\u00e8s dans le follicule mais aussi \u00e0 cause de la prolif\u00e9ration du micro-organisme\u00a0Cutibacterium Acnes.<\/p>\n<p>Celui-ci se nourrissant de s\u00e9bum, il prolif\u00e8re lorsque sa nourriture prolif\u00e8re. Se forment alors les l\u00e9sions inflammatoires de l\u2019acn\u00e9\u00a0; superficielles, papules et pustules, ou profondes (surinfect\u00e9es par d\u2019autres bact\u00e9ries pr\u00e9sentes sur la peau), nodules et kystes.<\/p>\n<p><strong>Un mode d\u2019action novateur<\/strong><\/p>\n<p>Winlevi est une cr\u00e8me dont le principe actif est la clascot\u00e9rone. Celle-ci est un inhibiteur des r\u00e9cepteurs aux androg\u00e8nes, les hormones m\u00e2les.<\/p>\n<p>La clascot\u00e9rone a ainsi montr\u00e9 sa capacit\u00e9 \u00e0 contrer les effets des androg\u00e8nes, qui boostent la production de s\u00e9bum, dans les glandes s\u00e9bac\u00e9es.<\/p>\n<p>R\u00e9sultats\u00a0: une r\u00e9duction de la production de s\u00e9bum et de l\u2019accumulation de m\u00e9diateurs inflammatoires connus dans l\u2019acn\u00e9.<\/p>\n<p>Un traitement novateur car les traitements habituels contre l\u2019acn\u00e9 permettent d\u2019exfolier des pores les cellules mortes, qui favorisent l\u2019inflammation, ou de neutraliser, par antibiotiques, les bact\u00e9ries responsables de l\u2019acn\u00e9.<\/p>\n<p><strong>Une r\u00e9examen une \u00e9valuation clinique approfondie<\/strong><\/p>\n<p>Il s\u2019agissait en fait d\u2019un r\u00e9examen apr\u00e8s un avis n\u00e9gatif \u00e9mis en premier lieu par l\u2019EMA. Le m\u00e9dicament avait en effet \u00e9t\u00e9 approuv\u00e9 pour les adultes mais l\u2019autorit\u00e9 sanitaire europ\u00e9enne avait jug\u00e9 le b\u00e9n\u00e9fice\/risque n\u00e9gatif chez les adolescents.<\/p>\n<p>Cosmo, le fabricant, a alors lanc\u00e9 une \u00e9valuation clinique plus approfondie et obtenue l\u2019avis favorable de l\u2019EMA pour l\u2019utilisation de Winlevi chez les 12 \u2013 18 ans.<\/p>\n<p>\u00ab\u00a0C\u2019est une v\u00e9ritable avanc\u00e9e\u00a0\u00bb,\u00a0a d\u00e9clar\u00e9 le professeur Brigitte Dr\u00e9no, membre fondatrice de l\u2019Association europ\u00e9enne de dermato-oncologie, ancienne pr\u00e9sidente de la Soci\u00e9t\u00e9 fran\u00e7aise de dermatologie et membre de l\u2019Acad\u00e9mie am\u00e9ricaine de dermatologie, cit\u00e9 dans le\u00a0communiqu\u00e9 de Cosmo.\u00a0<\/p>\n<p>\u00ab\u00a0Nous attendions une innovation comme celle-ci\u00a0: un anti-androg\u00e8ne topique bien tol\u00e9r\u00e9, efficace et s\u00fbr pour les adolescents. Ce sera un atout pr\u00e9cieux pour nos options th\u00e9rapeutiques.\u00a0\u00bb<\/p>\n<p>Pour voir Winlevi commercialis\u00e9 en France, il faudra encore attendre un avis positif de l\u2019Haute autorit\u00e9 de Sant\u00e9.<\/p>\n<p class=\"note\">Source :\u00a0Cosmo, EMA, Vidal.fr<\/p>\n","protected":false},"excerpt":{"rendered":"L\u2019Agence europ\u00e9enne du m\u00e9dicament (EMA)\u00a0a \u00e9mis le 25 ao\u00fbt un avis favorable pour l\u2019octroi d\u2019une autorisation de mise&hellip;\n","protected":false},"author":2,"featured_media":364898,"comment_status":"","ping_status":"","sticky":false,"template":"","format":"standard","meta":{"footnotes":""},"categories":[10],"tags":[107,1011,27,72,1031,5362,71],"class_list":{"0":"post-364897","1":"post","2":"type-post","3":"status-publish","4":"format-standard","5":"has-post-thumbnail","7":"category-sante","8":"tag-fil-info","9":"tag-fr","10":"tag-france","11":"tag-health","12":"tag-magazine","13":"tag-magazine-sante","14":"tag-sante"},"share_on_mastodon":{"url":"https:\/\/pubeurope.com\/@fr\/115144293325772880","error":""},"_links":{"self":[{"href":"https:\/\/www.europesays.com\/fr\/wp-json\/wp\/v2\/posts\/364897","targetHints":{"allow":["GET"]}}],"collection":[{"href":"https:\/\/www.europesays.com\/fr\/wp-json\/wp\/v2\/posts"}],"about":[{"href":"https:\/\/www.europesays.com\/fr\/wp-json\/wp\/v2\/types\/post"}],"author":[{"embeddable":true,"href":"https:\/\/www.europesays.com\/fr\/wp-json\/wp\/v2\/users\/2"}],"replies":[{"embeddable":true,"href":"https:\/\/www.europesays.com\/fr\/wp-json\/wp\/v2\/comments?post=364897"}],"version-history":[{"count":0,"href":"https:\/\/www.europesays.com\/fr\/wp-json\/wp\/v2\/posts\/364897\/revisions"}],"wp:featuredmedia":[{"embeddable":true,"href":"https:\/\/www.europesays.com\/fr\/wp-json\/wp\/v2\/media\/364898"}],"wp:attachment":[{"href":"https:\/\/www.europesays.com\/fr\/wp-json\/wp\/v2\/media?parent=364897"}],"wp:term":[{"taxonomy":"category","embeddable":true,"href":"https:\/\/www.europesays.com\/fr\/wp-json\/wp\/v2\/categories?post=364897"},{"taxonomy":"post_tag","embeddable":true,"href":"https:\/\/www.europesays.com\/fr\/wp-json\/wp\/v2\/tags?post=364897"}],"curies":[{"name":"wp","href":"https:\/\/api.w.org\/{rel}","templated":true}]}}