{"id":364907,"date":"2025-09-04T05:11:11","date_gmt":"2025-09-04T05:11:11","guid":{"rendered":"https:\/\/www.europesays.com\/fr\/364907\/"},"modified":"2025-09-04T05:11:11","modified_gmt":"2025-09-04T05:11:11","slug":"ce-que-lon-sait-du-deraillement-mortel-dun-funiculaire-a-lisbonne","status":"publish","type":"post","link":"https:\/\/www.europesays.com\/fr\/364907\/","title":{"rendered":"ce que l\u2019on sait du d\u00e9raillement mortel d\u2019un funiculaire \u00e0 Lisbonne"},"content":{"rendered":"<p>        <img decoding=\"async\" loading=\"lazy\" src=\"https:\/\/www.europesays.com\/fr\/wp-content\/uploads\/2025\/09\/30891a4_upload-1-ib31lpibmkaf-000-73c63t3.jpg\"  width=\"728\" height=\"409\" alt=\"La police et les pompiers interviennent sur le site de l\u2019accident du funiculaire Gloria \u00e0 Lisbonne, le 3\u00a0septembre 2025.\"\/>  <\/p>\n<p>PATRICIA DE MELO MOREIRA \/ AFP<\/p>\n<p>La police et les pompiers interviennent sur le site de l\u2019accident du funiculaire Gloria \u00e0 Lisbonne, le 3\u00a0septembre 2025.<\/p>\n<p class=\"asset asset-text\">INTERNATIONAL &#8211; Le <a href=\"https:\/\/www.huffingtonpost.fr\/international\/video\/cet-enorme-nuage-rouleau-observe-en-pleine-canicule-au-portugal-n-etait-pas-un-fake_252039.html\" rel=\"nofollow noopener\" target=\"_blank\">Portugal<\/a> est en deuil. L\u2019un des funiculaires embl\u00e9matiques de\u00a0Lisbonne\u00a0a d\u00e9raill\u00e9 et s\u2019est encastr\u00e9 dans un immeuble au bas d\u2019une pente, ce mercredi 3\u00a0septembre au soir, dans un quartier tr\u00e8s touristique du centre-ville. L\u2019<a href=\"https:\/\/www.huffingtonpost.fr\/faits-divers\/article\/orages-les-intemperies-dans-le-var-font-un-mort-a-cause-d-une-chaussee-glissante_254277.html\" rel=\"nofollow noopener\" target=\"_blank\">accident<\/a> a fait au moins quinze morts et une dizaine de bless\u00e9s, d\u2019apr\u00e8s le premier bilan provisoire des autorit\u00e9s.<\/p>\n<p class=\"asset asset-text\">Les faits ont eu lieu vers 18\u00a0heures et concernent le\u00a0c\u00e9l\u00e8bre funiculaire de la Gloria, reliant la place du Rossio aux quartiers du Bairro Alto et du Principe Real.<\/p>\n<p class=\"asset asset-text\">Le HuffPost fait le point sur ce que l\u2019on sait de cette \u00ab\u00a0trag\u00e9die sans pr\u00e9c\u00e9dent\u00a0\u00bb, selon le maire de la capitale portugaise.<\/p>\n<p class=\"asset asset-text\"><strong>\u2022 Une course folle avant de s\u2019encastrer dans un b\u00e2timent<\/strong><\/p>\n<p class=\"asset asset-text\">Les autorit\u00e9s ont d\u00e9clar\u00e9 qu\u2019il \u00e9tait trop t\u00f4t pour d\u00e9terminer la cause de l\u2019accident. Cependant, le journal portugais <a href=\"https:\/\/observador.pt\/2025\/09\/03\/elevador-da-gloria-em-lisboa-descarrilou-bombeiros-estao-no-local\/\" target=\"_blank\" rel=\"noopener nofollow\" title=\"Nouvelle fen\u00eatre\">Observador <\/a>a rapport\u00e9 qu\u2019un c\u00e2ble s\u2019\u00e9tait d\u00e9tach\u00e9 le long du trajet du funiculaire, provoquant la perte de contr\u00f4le du train et sa collision avec un b\u00e2timent voisin. L\u2019ascenseur n\u2019a apparemment pas pris le virage en bas de la rue qu\u2019il empruntait.<\/p>\n<p class=\"asset asset-text\">Un t\u00e9moin de l\u2019accident a d\u00e9clar\u00e9 \u00e0 la cha\u00eene SIC avoir vu le funiculaire descendre \u00ab\u00a0\u00e0 toute vitesse\u00a0\u00bb sur la pente abrupte o\u00f9 il circule quotidiennement, avant de heurter un immeuble\u00a0: \u00ab\u00a0Il a percut\u00e9 un b\u00e2timent avec une force brutale et s\u2019est effondr\u00e9 comme une bo\u00eete en carton, il n\u2019avait aucun frein\u00a0\u00bb, a racont\u00e9 cette femme.<\/p>\n<p class=\"asset asset-text\">Les images diffus\u00e9es sur les r\u00e9seaux sociaux montrent les instants suivant imm\u00e9diatement le drame\u00a0: dans un nuage de fum\u00e9e et de d\u00e9bris appara\u00eet peu \u00e0 peu le funiculaire totalement disloqu\u00e9 contre un mur.<\/p>\n<p class=\"asset asset-text\">\u2022 <strong>Des \u00e9trangers parmi les victimes, un jour de deuil national d\u00e9cr\u00e9t\u00e9<\/strong><\/p>\n<p class=\"asset asset-text\">Le premier bilan provisoire de ce drame est de quinze morts, d\u2019apr\u00e8s les secours. Toutes les victimes ont \u00e9t\u00e9 d\u00e9gag\u00e9es des gravats de l\u2019accident, a indiqu\u00e9 \u00e0 la presse en d\u00e9but de soir\u00e9e Tiago Augusto, responsable du service d\u2019urgences m\u00e9dicales, ajoutant que des \u00e9trangers figuraient parmi les victimes. Sans \u00eatre en mesure de pr\u00e9ciser leur nationalit\u00e9.<\/p>\n<p class=\"asset asset-text\">\u00ab\u00a0\u00c0 ce stade, il n\u2019y a pas de victimes fran\u00e7aises\u00a0\u00bb, a fait savoir mercredi soir le\u00a0Quai d\u2019Orsay, \u00e0 <a href=\"https:\/\/www.franceinfo.fr\/faits-divers\/un-immeuble-percute-pas-de-victime-francaise-a-ce-stade-ce-que-l-on-sait-du-deraillement-d-un-funiculaire-a-lisbonne-qui-a-fait-au-moins-quinze-morts_7471330.html\" target=\"_blank\" rel=\"noopener nofollow\" title=\"Nouvelle fen\u00eatre\">France info.<\/a> Dix-huit autres personnes ont \u00e9t\u00e9 bless\u00e9es, ont rapport\u00e9 mercredi soir les services m\u00e9dicaux d\u2019urgence portugais. Cinq des bless\u00e9s \u00e9taient dans un \u00e9tat grave. Les treize autres, dont un enfant, ont subi des blessures l\u00e9g\u00e8res.<\/p>\n<p class=\"asset asset-text\">Le maire de Lisbonne, Carlos Moedas, a d\u00e9cr\u00e9t\u00e9 trois jours de deuil municipal pour les victimes de l\u2019accident. Et une journ\u00e9e de deuil national a \u00e9t\u00e9 officialis\u00e9e par le gouvernement ce jeudi.<\/p>\n<p class=\"asset asset-text\">\u2022 <strong>Enqu\u00eate ouverte sur les causes de l\u2019accident<\/strong><\/p>\n<p class=\"asset asset-text\">Comme le d\u00e9termine la loi \u00ab\u00a0dans ce type de situations\u00a0\u00bb, \u00ab\u00a0le minist\u00e8re public va ouvrir une enqu\u00eate\u00a0\u00bb autour des circonstances de l\u2019accident, a indiqu\u00e9 le parquet g\u00e9n\u00e9ral de la R\u00e9publique \u00e0 l\u2019agence Lusa.<\/p>\n<p class=\"asset asset-text\">La soci\u00e9t\u00e9 qui g\u00e8re les transports de la capitale portugaise, la Carie, a imm\u00e9diatement r\u00e9agi en assurant que \u00ab\u00a0tous les protocoles d\u2019entretien\u00a0\u00bb avaient \u00e9t\u00e9 effectu\u00e9s, \u00ab\u00a0notamment la maintenance g\u00e9n\u00e9rale, r\u00e9alis\u00e9e tous les quatre ans et effectu\u00e9e en 2022, la maintenance interm\u00e9diaire, r\u00e9alis\u00e9e tous les deux ans, la derni\u00e8re ayant \u00e9t\u00e9 r\u00e9alis\u00e9e en 2024\u00a0\u00bb. La soci\u00e9t\u00e9 pr\u00e9cise avoir ouvert une enqu\u00eate conjointement avec les autorit\u00e9s pour d\u00e9terminer les causes du drame.<\/p>\n<p class=\"asset asset-text\">Sur les lieux du drame, le pr\u00e9sident du conseil d\u2019administration de Carris, Pedro Bogas, a reconnu que l\u2019entretien de ces v\u00e9hicules \u00e9tait assur\u00e9 par un prestataire externe depuis 14\u00a0ans sans fournir davantage d\u2019explications. Sur le site de la soci\u00e9t\u00e9, l\u2019annonce d\u2019une op\u00e9ration d\u2019entretien est du reste toujours visible, pr\u00e9vue du 4 au 7\u00a0mai\u00a02025, p\u00e9riode durant laquelle le funiculaire a d\u00fb \u00eatre immobilis\u00e9. \u00ab\u00a0Les travaux de maintenance sont essentiels pour garantir le bon fonctionnement et la s\u00e9curit\u00e9 de l\u2019ascenseur\u00a0\u00bb, pr\u00e9cise cette courte publication.<\/p>\n<p class=\"asset asset-text\">\u2022 <strong>Vive \u00e9motion au Portugal<\/strong><\/p>\n<p class=\"asset asset-text\">Peu de temps apr\u00e8s cet accident, le maire de\u00a0Lisbonne, Carlos Moedas a regrett\u00e9 \u00ab\u00a0une trag\u00e9die qui ne s\u2019\u00e9tait jamais produite dans notre ville\u00a0\u00bb. Le pr\u00e9sident portugais Marcelo Rebelo\u00a0de\u00a0Sousa a, quant \u00e0 lui, dit d\u00e9plorer \u00ab\u00a0profond\u00e9ment\u00a0\u00bb l\u2019accident.<\/p>\n<p class=\"asset asset-text\">La pr\u00e9sidente de la Commission europ\u00e9enne Ursula von\u00a0der\u00a0Leyen a, elle, pr\u00e9sent\u00e9 ses condol\u00e9ances aux familles des victimes, en portugais, sur le r\u00e9seau social X. \u00ab\u00a0Les Fran\u00e7ais s\u2019associent au deuil des Portugais apr\u00e8s le tragique accident de funiculaire \u00e0 Lisbonne. Nos condol\u00e9ances aux familles endeuill\u00e9es et notre solidarit\u00e9 avec le Portugal\u00a0\u00bb, a pour sa part \u00e9crit Emmanuel Macron.<\/p>\n","protected":false},"excerpt":{"rendered":"PATRICIA DE MELO MOREIRA \/ AFP La police et les pompiers interviennent sur le site de l\u2019accident du&hellip;\n","protected":false},"author":2,"featured_media":364908,"comment_status":"","ping_status":"","sticky":false,"template":"","format":"standard","meta":{"footnotes":""},"categories":[5],"tags":[119,11,1011,27,14,27341,12,6996,28],"class_list":{"0":"post-364907","1":"post","2":"type-post","3":"status-publish","4":"format-standard","5":"has-post-thumbnail","7":"category-international","8":"tag-accident","9":"tag-actualites","10":"tag-fr","11":"tag-france","12":"tag-international","13":"tag-lisbonne","14":"tag-news","15":"tag-portugal","16":"tag-world"},"share_on_mastodon":{"url":"https:\/\/pubeurope.com\/@fr\/115144313247329390","error":""},"_links":{"self":[{"href":"https:\/\/www.europesays.com\/fr\/wp-json\/wp\/v2\/posts\/364907","targetHints":{"allow":["GET"]}}],"collection":[{"href":"https:\/\/www.europesays.com\/fr\/wp-json\/wp\/v2\/posts"}],"about":[{"href":"https:\/\/www.europesays.com\/fr\/wp-json\/wp\/v2\/types\/post"}],"author":[{"embeddable":true,"href":"https:\/\/www.europesays.com\/fr\/wp-json\/wp\/v2\/users\/2"}],"replies":[{"embeddable":true,"href":"https:\/\/www.europesays.com\/fr\/wp-json\/wp\/v2\/comments?post=364907"}],"version-history":[{"count":0,"href":"https:\/\/www.europesays.com\/fr\/wp-json\/wp\/v2\/posts\/364907\/revisions"}],"wp:featuredmedia":[{"embeddable":true,"href":"https:\/\/www.europesays.com\/fr\/wp-json\/wp\/v2\/media\/364908"}],"wp:attachment":[{"href":"https:\/\/www.europesays.com\/fr\/wp-json\/wp\/v2\/media?parent=364907"}],"wp:term":[{"taxonomy":"category","embeddable":true,"href":"https:\/\/www.europesays.com\/fr\/wp-json\/wp\/v2\/categories?post=364907"},{"taxonomy":"post_tag","embeddable":true,"href":"https:\/\/www.europesays.com\/fr\/wp-json\/wp\/v2\/tags?post=364907"}],"curies":[{"name":"wp","href":"https:\/\/api.w.org\/{rel}","templated":true}]}}