{"id":364909,"date":"2025-09-04T05:12:11","date_gmt":"2025-09-04T05:12:11","guid":{"rendered":"https:\/\/www.europesays.com\/fr\/364909\/"},"modified":"2025-09-04T05:12:11","modified_gmt":"2025-09-04T05:12:11","slug":"300-personnes-reunies-pour-preparer-le-blocage-de-brest-mercredi","status":"publish","type":"post","link":"https:\/\/www.europesays.com\/fr\/364909\/","title":{"rendered":"300 personnes r\u00e9unies pour pr\u00e9parer le blocage de Brest mercredi"},"content":{"rendered":"<p>Ils \u00e9taient une trentaine, r\u00e9unis aux halles de Kerinou \u00e0 Brest, <a href=\"https:\/\/www.letelegramme.fr\/finistere\/brest-29200\/bloquons-tout-a-brest-des-militants-preparent-le-10-septembre-6872638.php\" target=\"_blank\" rel=\"noopener\">le dimanche 17 ao\u00fbt 2025<\/a>. Ce mercredi 3 septembre, \u00e0 partir de 19 h, \u00e0 une semaine du jour de mobilisation qu\u2019ils pr\u00e9parent\ufeff, les militants du mouvement \u00ab Indignons-nous \u00bb ou \u00ab Bloquons tout \u00bb\ufeff se comptaient au moins dix fois plus, au m\u00eame endroit, plus de deux heures durant. D\u2019\u00e2ges vari\u00e9s mais avec une jeunesse bien repr\u00e9sent\u00e9e, un public tr\u00e8s marqu\u00e9 \u00e0 gauche, dont les responsables locaux de La France insoumise (hormis <a href=\"https:\/\/www.letelegramme.fr\/bretagne\/lidee-est-de-se-mettre-au-service-du-mouvement-en-bretagne-lfi-soutient-bloquons-tout-mais-se-defend-de-toute-recuperation-6873113.php\" target=\"_blank\" rel=\"noopener\">le d\u00e9put\u00e9 Cadalen<\/a>), qui soutiennent le mouvement, quelques syndicalistes voire quelques gilets jaunes. Ils voient approcher l\u2019\u00e9ch\u00e9ance et sont moins dans le flou concernant les actions \u00e0 mener. Boycotts ? Blocages ?<\/p>\n<p>\u00ab Un ennemi commun : le capitalisme ! \u00bb<\/p>\n<p>Les \u00e9changes ont d\u2019abord port\u00e9 sur les revendications : \u00ab On a tous un ennemi commun : le capitalisme ! \u00bb, lan\u00e7ait notamment un d\u2019entre eux. La (vive) critique des grands patrons (le nom de Bernard Arnault, P.-D.G de LVMH, a souvent \u00e9t\u00e9 cit\u00e9) et des gouvernants, des entreprises qui vendent des armes \u00e0 Isra\u00ebl, la situation \u00e0 Gaza, l\u2019antiracisme, la lutte contre la r\u00e9forme des retraites, entre autres, constituaient des points de convergence non contest\u00e9s.<\/p>\n<p>Restait \u00e0 s\u2019organiser pour mercredi. Apr\u00e8s diff\u00e9rentes propositions et des votes \u00e0 main lev\u00e9e, l\u2019option de bloquer les principaux acc\u00e8s \u00e0 la ville, notamment les principaux ronds-points, a obtenu la majorit\u00e9. D\u2019aucuns ont sugg\u00e9r\u00e9 que c\u2019est le nombre qui fera le succ\u00e8s de l\u2019op\u00e9ration mais aussi une certaine impr\u00e9visibilit\u00e9. Il est fortement envisag\u00e9 aussi de ne pas s\u2019arr\u00eater au 10 septembre.<\/p>\n<p>Depuis la premi\u00e8re assembl\u00e9e g\u00e9n\u00e9rale, le Premier ministre, Fran\u00e7ois Bayrou, a annonc\u00e9 un <a href=\"https:\/\/www.letelegramme.fr\/politique\/vote-de-confiance-du-8-septembre-macron-a-appele-les-ministres-a-la-mobilisation-autour-de-bayrou-6881523.php\" target=\"_blank\" rel=\"noopener\">vote de confiance<\/a> pour ce lundi 8. Comme dans d\u2019autres villes, un \u00ab pot de d\u00e9part \u00bb sera organis\u00e9 \u00e0 Brest, \u00e0 18 h, place de la Libert\u00e9. Avec de la musique, sans doute. Ce sera aussi le moment d\u2019affiner la strat\u00e9gie pour le surlendemain.<\/p>\n","protected":false},"excerpt":{"rendered":"Ils \u00e9taient une trentaine, r\u00e9unis aux halles de Kerinou \u00e0 Brest, le dimanche 17 ao\u00fbt 2025. Ce mercredi&hellip;\n","protected":false},"author":2,"featured_media":364910,"comment_status":"","ping_status":"","sticky":false,"template":"","format":"standard","meta":{"footnotes":""},"categories":[4],"tags":[11,3450,1011,27,6151,12,25,801],"class_list":{"0":"post-364909","1":"post","2":"type-post","3":"status-publish","4":"format-standard","5":"has-post-thumbnail","7":"category-france","8":"tag-actualites","9":"tag-brest","10":"tag-fr","11":"tag-france","12":"tag-greve","13":"tag-news","14":"tag-republique-francaise","15":"tag-social"},"share_on_mastodon":{"url":"https:\/\/pubeurope.com\/@fr\/115144317013730322","error":""},"_links":{"self":[{"href":"https:\/\/www.europesays.com\/fr\/wp-json\/wp\/v2\/posts\/364909","targetHints":{"allow":["GET"]}}],"collection":[{"href":"https:\/\/www.europesays.com\/fr\/wp-json\/wp\/v2\/posts"}],"about":[{"href":"https:\/\/www.europesays.com\/fr\/wp-json\/wp\/v2\/types\/post"}],"author":[{"embeddable":true,"href":"https:\/\/www.europesays.com\/fr\/wp-json\/wp\/v2\/users\/2"}],"replies":[{"embeddable":true,"href":"https:\/\/www.europesays.com\/fr\/wp-json\/wp\/v2\/comments?post=364909"}],"version-history":[{"count":0,"href":"https:\/\/www.europesays.com\/fr\/wp-json\/wp\/v2\/posts\/364909\/revisions"}],"wp:featuredmedia":[{"embeddable":true,"href":"https:\/\/www.europesays.com\/fr\/wp-json\/wp\/v2\/media\/364910"}],"wp:attachment":[{"href":"https:\/\/www.europesays.com\/fr\/wp-json\/wp\/v2\/media?parent=364909"}],"wp:term":[{"taxonomy":"category","embeddable":true,"href":"https:\/\/www.europesays.com\/fr\/wp-json\/wp\/v2\/categories?post=364909"},{"taxonomy":"post_tag","embeddable":true,"href":"https:\/\/www.europesays.com\/fr\/wp-json\/wp\/v2\/tags?post=364909"}],"curies":[{"name":"wp","href":"https:\/\/api.w.org\/{rel}","templated":true}]}}