{"id":364915,"date":"2025-09-04T05:15:17","date_gmt":"2025-09-04T05:15:17","guid":{"rendered":"https:\/\/www.europesays.com\/fr\/364915\/"},"modified":"2025-09-04T05:15:17","modified_gmt":"2025-09-04T05:15:17","slug":"ca-a-pollue-ma-vie-depuis-trois-ans-gael-perdriau-a-lapproche-du-proces","status":"publish","type":"post","link":"https:\/\/www.europesays.com\/fr\/364915\/","title":{"rendered":"\u00ab\u00a0\u00c7a a pollu\u00e9 ma vie depuis trois ans\u00a0\u00bb, Ga\u00ebl Perdriau \u00e0 l&rsquo;approche du proc\u00e8s"},"content":{"rendered":"<p class=\"article__intro\">Ga\u00ebl Perdriau, 52 ans, maire (sans \u00e9tiquette) et pr\u00e9sident de la m\u00e9tropole st\u00e9phanoise depuis 2014, est poursuivi en justice dans l&rsquo;affaire dite du chantage \u00e0 la vid\u00e9o intime. \u00c0 moins d&rsquo;un mois du proc\u00e8s, l&rsquo;\u00e9lu attend ce rendez-vous avec la justice avec impatience, pour que \u00ab\u00a0la v\u00e9rit\u00e9 soit dite\u00a0\u00bb.<\/p>\n<p>\n      La Quotidienne Soci\u00e9t\u00e9\n    <\/p>\n<p>\n      De la vie quotidienne aux grands enjeux, recevez tous les jours les sujets qui font la soci\u00e9t\u00e9 locale, comme la justice, l\u2019\u00e9ducation, la sant\u00e9 et la famille.\n    <\/p>\n<p>    France T\u00e9l\u00e9visions utilise votre adresse e-mail afin de vous envoyer la newsletter \u00ab\u00a0La Quotidienne Soci\u00e9t\u00e9\u00a0\u00bb. Vous pouvez vous d\u00e9sinscrire \u00e0 tout moment via le lien en bas de cette newsletter. <a target=\"_blank\" href=\"https:\/\/www.francetelevisions.fr\/groupe\/confidentialite\/politique-de-confidentialite\/politique-de-confidentialite-de-france-televisions-6503\" rel=\"nofollow noopener\">Notre politique de confidentialit\u00e9<\/a><\/p>\n<p>Le 22 septembre, c&rsquo;est un proc\u00e8s qui attend le maire de Saint-Etienne Ga\u00ebl Perdriau. Il s&rsquo;agit du scandale qui a \u00e9clat\u00e9 \u00e0 l&rsquo;\u00e9t\u00e9 2022 : l&rsquo;affaire dite de la sextape. Elle porte sur une vid\u00e9o montrant l&rsquo;ancien premier adjoint centriste Gilles Artigues, un rival potentiel du maire, en train de se faire masser par un escort-boy dans une chambre d&rsquo;h\u00f4tel \u00e0 Paris en janvier 2015.<\/p>\n<p>\u00ab\u00a0J&rsquo;ai h\u00e2te que la v\u00e9rit\u00e9 soit dite\u00a0\u00bb<\/p>\n<p>Sur ce dossier, Ga\u00ebl Perdriau s&rsquo;est confi\u00e9 \u00e0 quelques jours de la rentr\u00e9e. Le proc\u00e8s, l&rsquo;\u00e9lu st\u00e9phanois dit s&rsquo;y pr\u00e9parer depuis trois ans. \u00ab\u00a0\u00c7a a pollu\u00e9 toute ma vie depuis trois et pas que ma vie politique. Ma vie familiale. Ma vie ! Heureusement que j&rsquo;arrive \u00e0 vivre malgr\u00e9 cela, je suis satisfait que ce soit proche,\u00a0\u00bb a d\u00e9clar\u00e9 jeudi dernier, 28 ao\u00fbt, Ga\u00ebl Perdriau au micro de France 3 en marge d&rsquo;une visite dans une \u00e9cole de l&rsquo;agglom\u00e9ration.<\/p>\n<p>Exclu du parti Les R\u00e9publicains, le maire de Saint-Etienne a toujours clam\u00e9 son innocence et refus\u00e9 de d\u00e9missionner. Il s&rsquo;est toutefois mis en retrait de ses fonctions \u00e0 la m\u00e9tropole. L&rsquo;\u00e9lu attend avec impatience le proc\u00e8s qui se d\u00e9roulera devant le tribunal correctionnel de Lyon. \u00ab\u00a0J&rsquo;ai h\u00e2te que la v\u00e9rit\u00e9 soit dite. Les m\u00e9dias se sont content\u00e9s d&rsquo;\u00e9voquer ou de publier ce que certains ont trahi du secret de l&rsquo;instruction. Vous avez livr\u00e9 au grand public ce qu&rsquo;on a bien voulu vous donner et c&rsquo;est tr\u00e8s tr\u00e8s loin d&rsquo;\u00eatre complet\u00a0\u00bb, assure l&rsquo;\u00e9dile.<\/p>\n<p>Un proc\u00e8s \u00e0 Lyon<\/p>\n<p>Pr\u00e8s de trois ans apr\u00e8s la r\u00e9v\u00e9lation du scandale, les juges d&rsquo;instruction ont ordonn\u00e9 le renvoi de Ga\u00ebl Perdriau devant le tribunal correctionnel pour \u00ab\u00a0chantage, soustraction, d\u00e9tournement de fonds publics par un d\u00e9positaire de l&rsquo;autorit\u00e9 publique et participation \u00e0 une association de malfaiteurs\u00a0\u00bb. Un d\u00e9lit puni d&rsquo;au moins cinq ans de prison. Le proc\u00e8s doit se tenir entre du 22 au 26 septembre.<\/p>\n<p>Dans l&rsquo;affaire du chantage \u00e0 la vid\u00e9o intime, Ga\u00ebl Perdriau sera jug\u00e9 en m\u00eame temps que trois anciens proches, accus\u00e9s d&rsquo;avoir organis\u00e9 le tournage de la sextape : son ex-directeur de cabinet, Pierre Gauttieri, son ancien adjoint \u00e0 l&rsquo;\u00c9ducation, Samy Kefi-J\u00e9r\u00f4me, et l&rsquo;ex-compagnon de ce dernier, Gilles Rossary-Lenglet, qui avait r\u00e9v\u00e9l\u00e9 l&rsquo;affaire \u00e0 Mediapart en 2022. <br \/>Contrairement aux r\u00e9quisitions du parquet, les magistrats instructeurs ont ordonn\u00e9 le renvoi de deux couples \u00e0 la t\u00eate d&rsquo;associations st\u00e9phanoises. Elles sont soup\u00e7onn\u00e9es d&rsquo;avoir servi \u00e0 r\u00e9mun\u00e9rer les auteurs de la sextape en \u00e9change de prestations fictives financ\u00e9es par la mairie. Ces quatre personnes seront jug\u00e9es pour \u00ab\u00a0abus de confiance\u00a0\u00bb.<\/p>\n<p>Article r\u00e9dig\u00e9 \u00e0 partir des \u00e9l\u00e9ments du reportage de K.Jinlack et C.Dol.<\/p>\n","protected":false},"excerpt":{"rendered":"Ga\u00ebl Perdriau, 52 ans, maire (sans \u00e9tiquette) et pr\u00e9sident de la m\u00e9tropole st\u00e9phanoise depuis 2014, est poursuivi en&hellip;\n","protected":false},"author":2,"featured_media":364916,"comment_status":"","ping_status":"","sticky":false,"template":"","format":"standard","meta":{"footnotes":""},"categories":[9653],"tags":[1111,11,2430,1777,674,1011,27,12,25,4001],"class_list":{"0":"post-364915","1":"post","2":"type-post","3":"status-publish","4":"format-standard","5":"has-post-thumbnail","7":"category-saint-etienne","8":"tag-actu","9":"tag-actualites","10":"tag-auvergne-rhone-alpes","11":"tag-eu","12":"tag-europe","13":"tag-fr","14":"tag-france","15":"tag-news","16":"tag-republique-francaise","17":"tag-saint-etienne"},"share_on_mastodon":{"url":"https:\/\/pubeurope.com\/@fr\/115144328688066753","error":""},"_links":{"self":[{"href":"https:\/\/www.europesays.com\/fr\/wp-json\/wp\/v2\/posts\/364915","targetHints":{"allow":["GET"]}}],"collection":[{"href":"https:\/\/www.europesays.com\/fr\/wp-json\/wp\/v2\/posts"}],"about":[{"href":"https:\/\/www.europesays.com\/fr\/wp-json\/wp\/v2\/types\/post"}],"author":[{"embeddable":true,"href":"https:\/\/www.europesays.com\/fr\/wp-json\/wp\/v2\/users\/2"}],"replies":[{"embeddable":true,"href":"https:\/\/www.europesays.com\/fr\/wp-json\/wp\/v2\/comments?post=364915"}],"version-history":[{"count":0,"href":"https:\/\/www.europesays.com\/fr\/wp-json\/wp\/v2\/posts\/364915\/revisions"}],"wp:featuredmedia":[{"embeddable":true,"href":"https:\/\/www.europesays.com\/fr\/wp-json\/wp\/v2\/media\/364916"}],"wp:attachment":[{"href":"https:\/\/www.europesays.com\/fr\/wp-json\/wp\/v2\/media?parent=364915"}],"wp:term":[{"taxonomy":"category","embeddable":true,"href":"https:\/\/www.europesays.com\/fr\/wp-json\/wp\/v2\/categories?post=364915"},{"taxonomy":"post_tag","embeddable":true,"href":"https:\/\/www.europesays.com\/fr\/wp-json\/wp\/v2\/tags?post=364915"}],"curies":[{"name":"wp","href":"https:\/\/api.w.org\/{rel}","templated":true}]}}