{"id":364917,"date":"2025-09-04T05:17:44","date_gmt":"2025-09-04T05:17:44","guid":{"rendered":"https:\/\/www.europesays.com\/fr\/364917\/"},"modified":"2025-09-04T05:17:44","modified_gmt":"2025-09-04T05:17:44","slug":"le-loup-bleu-2025-festival-flavigny-sur-moselle-dates-programmation-billetterie","status":"publish","type":"post","link":"https:\/\/www.europesays.com\/fr\/364917\/","title":{"rendered":"Le Loup bleu 2025 &#8211; Festival Flavigny-sur-Moselle : dates, programmation, billetterie"},"content":{"rendered":"<p class=\"fw-bold font-size-16 my-1\"> Du 13\/09\/2025 au 14\/09\/2025<\/p>\n<p class=\"fw-bold font-size-16 my-1\"> Halle de la ferme \u00e9questre du M\u00e9nil Saint-Michel | <a href=\"https:\/\/www.jds.fr\/nancy\/flavigny-sur-moselle-3456_V\" rel=\"nofollow noopener\" target=\"_blank\">Flavigny-sur-Moselle<\/a><\/p>\n<p class=\"fw-bold font-size-16 my-1\"> Adultes : 20 euros | &#13;<br \/>\nMoins de 12 ans : 15 euros | &#13;<br \/>\nMoins de 3 ans : gratuit | &#13;<br \/>\nPack \u00ab\u00a0Famille\u00a0\u00bb (deux adultes et un enfant) : 45 euros <\/p>\n<p>Bastien Crocq, conteur et batteur, retrace avec la Troupe du M\u00e9nil Saint-Michel l\u2019incroyable \u00e9pop\u00e9e de Gengis Khan, le fondateur de l\u2019empire mongol. Figure l\u00e9gendaire et aur\u00e9ol\u00e9e de respect, ce conqu\u00e9rant impitoyable, f\u00e9roce guerrier, a marqu\u00e9 l\u2019histoire en parvenant \u00e0 rassembler tous les peuples de la steppe. Une \u00e9vocation puissante et contemporaine, port\u00e9e par le souffle et la batterie de Bastien Crocq, accompagn\u00e9 par les folles chevauch\u00e9es des cavaliers de la Troupe du M\u00e9nil Saint-Michel. En collaboration avec les Ateliers des Sables. Mise en espace, direction d\u2019acteurs\u00a0: Fr\u00e9d\u00e9rique Muzzolini.<\/p>\n<p><a data-lightbox=\"article\" data-title=\"Le Loup bleu \u00a9 Photo DR\" class=\"image detail fullwidth  position-relative d-block\" href=\"https:\/\/www.jds.fr\/medias\/image\/0-67721100-1756821792-707623-920-0-F.webp\" title=\"Le Loup bleu \u00a9 Photo DR\" rel=\"nofollow noopener\" target=\"_blank\"><br \/>\n<img decoding=\"async\" loading=\"lazy\" src=\"https:\/\/www.europesays.com\/fr\/wp-content\/uploads\/2025\/09\/0-67721100-1756821792-707623-1200-0.webp.webp\"   width=\"685\" alt=\"Le Loup bleu\" class=\"border\"\/><br \/>\n\u00a9 Photo DR<br \/>\nLe Loup bleu<br \/>\n<\/a><\/p>\n<p>            Renseignements<\/p>\n<p><strong class=\"font-size-18\">O\u00f9\u00a0:<\/strong><br \/> Halle de la ferme \u00e9questre du M\u00e9nil Saint-Michel<a class=\"mt-1 d-block ps-4\" href=\"https:\/\/www.jds.fr\/nancy\/flavigny-sur-moselle-3456_V\" rel=\"nofollow noopener\" target=\"_blank\"> 54630 Flavigny-sur-Moselle<\/a><\/p>\n<p>Artistes\u00a0:<\/p>\n<p>La Troupe du M\u00e9nil Saint-Michel<\/p>\n<p>Dates et horaires\u00a0: <\/p>\n<ul class=\"liste-dates \" id=\"liste-dates-68b8bbd313b81\">\n<li>Samedi 13 Septembre 2025 de 20h30 \u00e0 22h30<\/li>\n<li>Dimanche 14 Septembre 2025 de 15h30 \u00e0 17h30<\/li>\n<\/ul>\n<p>Tarifs\u00a0: <\/p>\n<p>Adultes : 20 euros<br \/>&#13;<br \/>\nMoins de 12 ans : 15 euros<br \/>&#13;<br \/>\nMoins de 3 ans : gratuit<br \/>&#13;<br \/>\nPack \u00ab\u00a0Famille\u00a0\u00bb (deux adultes et un enfant) : 45 euros<\/p>\n<p>Inscription, billetterie ou r\u00e9servation\u00a0: <\/p>\n<p>Dans la m\u00eame rubrique<\/p>\n<ul class=\"mt-3 list-unstyled list-articles-v2\">\n<li class=\"col-12 pt-4\" data-view-id-type=\"1\" data-view-id=\"1124848\" data-view-bc=\"0\"><a class=\"d-block titre text-black mb-1 mb-md-2\" href=\"https:\/\/www.jds.fr\/nancy\/manifestations\/festival\/metro-folies-2025-1124848_A\" rel=\"nofollow noopener\" target=\"_blank\">M\u00e9tro&rsquo;folies 2025<\/a>Jusqu&rsquo;au 31\/12\/2026 Nancy<br \/>\nPour c\u00e9l\u00e9brer le centenaire de l\u2019Exposition internationale des arts d\u00e9coratifs et industriels modernes de la ville de Paris, inaugur\u00e9e en 1925, la M\u00e9tropole du Grand Nancy [\u2026]<a class=\"image\" href=\"https:\/\/www.jds.fr\/nancy\/manifestations\/festival\/metro-folies-2025-1124848_A\" rel=\"nofollow noopener\" target=\"_blank\"><img decoding=\"async\" loading=\"lazy\" src=\"https:\/\/www.europesays.com\/fr\/wp-content\/uploads\/2025\/06\/festival-1-453565-180-180.webp.webp\" width=\"180\" height=\"180\" alt=\"M\u00e9tro'folies 2025\" class=\"border\"\/><\/a><\/li>\n<li class=\"col-12 pt-4\" data-view-id-type=\"1\" data-view-id=\"1025651\" data-view-bc=\"0\"><a class=\"d-block titre text-black mb-1 mb-md-2\" href=\"https:\/\/www.jds.fr\/nancy\/manifestations\/festival\/festival-bach-toul-1025651_A\" rel=\"nofollow noopener\" target=\"_blank\">Festival Bach &#8211; Toul<\/a>Jusqu&rsquo;au 20\/09\/2025 ToulLe Festival Bach de la Ville de Toul, cr\u00e9\u00e9 en 2010, compte d\u00e9sormais comme l&rsquo;un des rendez-vous majeurs de la programmation estivale de la Ville et contribue \u00e0 son [\u2026]<a class=\"image\" href=\"https:\/\/www.jds.fr\/nancy\/manifestations\/festival\/festival-bach-toul-1025651_A\" rel=\"nofollow noopener\" target=\"_blank\"><img decoding=\"async\" loading=\"lazy\" src=\"https:\/\/www.europesays.com\/fr\/wp-content\/uploads\/2025\/06\/festival-1-453565-180-180.webp.webp\" width=\"180\" height=\"180\" alt=\"Festival Bach - Toul\" class=\"border\"\/><\/a><\/li>\n<li class=\"li_gp_div\">\n<\/li>\n<li class=\"col-12 pt-4\" data-view-id-type=\"1\" data-view-id=\"1140879\" data-view-bc=\"0\"><a class=\"image\" href=\"https:\/\/www.jds.fr\/nancy\/manifestations\/festival\/le-livre-sur-la-place-conference-et-demonstration-lire-autrement-1140879_A\" rel=\"nofollow noopener\" target=\"_blank\"><img decoding=\"async\" loading=\"lazy\" src=\"https:\/\/www.europesays.com\/fr\/wp-content\/uploads\/2025\/06\/festival-1-453565-180-180.webp.webp\" width=\"180\" height=\"180\" alt=\"Le Livre sur la Place - Conf\u00e9rence et D\u00e9monstration - Lire Autrement\" class=\"border\"\/><\/a><\/li>\n<li class=\"col-12 pt-4\" data-view-id-type=\"1\" data-view-id=\"1142485\" data-view-bc=\"0\"><a class=\"d-block titre text-black mb-1 mb-md-2\" href=\"https:\/\/www.jds.fr\/nancy\/manifestations\/festival\/le-livre-sur-la-place-museum-aquarium-1142485_A\" rel=\"nofollow noopener\" target=\"_blank\">Le Livre sur la Place &#8211; Mus\u00e9um-Aquarium<\/a>Du 12\/09\/2025 au 14\/09\/2025 Nancy<br \/>\nProgramme complet et d\u00e9taill\u00e9 sur le site internet.<\/p>\n<p>    Climat, eau\u00a0: c&rsquo;est politique\u00a0? &#8211; Vendredi 12 septembre de 15h30 \u00e0 16h30 &#8211; Causerie Scientifique<br \/>\n    L&rsquo;exil [\u2026]<a class=\"image\" href=\"https:\/\/www.jds.fr\/nancy\/manifestations\/festival\/le-livre-sur-la-place-museum-aquarium-1142485_A\" rel=\"nofollow noopener\" target=\"_blank\"><img decoding=\"async\" loading=\"lazy\" src=\"https:\/\/www.europesays.com\/fr\/wp-content\/uploads\/2025\/06\/festival-1-453565-180-180.webp.webp\" width=\"180\" height=\"180\" alt=\"Le Livre sur la Place - Mus\u00e9um-Aquarium\" class=\"border\"\/><\/a><\/li>\n<li class=\"col-12 pt-4\" data-view-id-type=\"1\" data-view-id=\"1143263\" data-view-bc=\"0\"><a class=\"d-block titre text-black mb-1 mb-md-2\" href=\"https:\/\/www.jds.fr\/nancy\/manifestations\/festival\/le-livre-sur-la-place-tribunal-administratif-1143263_A\" rel=\"nofollow noopener\" target=\"_blank\">Le Livre sur la Place &#8211; Tribunal Administratif<\/a>Du 12\/09\/2025 au 14\/09\/2025 Nancy<br \/>\nProgramme complet et d\u00e9taill\u00e9 sur le site internet.<\/p>\n<p>    Les murs porteurs &#8211; Vendredi 12 septembre de 16h30 \u00e0 17h30 &#8211; Conf\u00e9rence<br \/>\n    L&rsquo;insupportable &#8211; Samedi 13 septembre de [\u2026]<a class=\"image\" href=\"https:\/\/www.jds.fr\/nancy\/manifestations\/festival\/le-livre-sur-la-place-tribunal-administratif-1143263_A\" rel=\"nofollow noopener\" target=\"_blank\"><img decoding=\"async\" loading=\"lazy\" src=\"https:\/\/www.europesays.com\/fr\/wp-content\/uploads\/2025\/06\/festival-1-453565-180-180.webp.webp\" width=\"180\" height=\"180\" alt=\"Le Livre sur la Place - Tribunal Administratif\" class=\"border\"\/><\/a><\/li>\n<li class=\"li_gp_div\">\n<\/li>\n<li class=\"col-12 pt-4\" data-view-id-type=\"1\" data-view-id=\"1143272\" data-view-bc=\"0\"><a class=\"d-block titre text-black mb-1 mb-md-2\" href=\"https:\/\/www.jds.fr\/nancy\/manifestations\/festival\/le-livre-sur-la-place-ccn-ballet-de-lorraine-1143272_A\" rel=\"nofollow noopener\" target=\"_blank\">Le Livre sur la Place &#8211; CCN &#8211; Ballet de Lorraine<\/a>Du 12\/09\/2025 au 14\/09\/2025 Nancy<br \/>\nProgramme complet et d\u00e9taill\u00e9 sur le site internet.<\/p>\n<p>    Ad\u00e8le Yon &#8211; Samedi 13 septembre de 11h30 \u00e0 12h30 &#8211; Rencontre<br \/>\n    M\u00e8re \u00e0 l&rsquo;horizon &#8211; Samedi 13 septembre de 16h30 \u00e0 [\u2026]<a class=\"image\" href=\"https:\/\/www.jds.fr\/nancy\/manifestations\/festival\/le-livre-sur-la-place-ccn-ballet-de-lorraine-1143272_A\" rel=\"nofollow noopener\" target=\"_blank\"><img decoding=\"async\" loading=\"lazy\" src=\"https:\/\/www.europesays.com\/fr\/wp-content\/uploads\/2025\/06\/festival-1-453565-180-180.webp.webp\" width=\"180\" height=\"180\" alt=\"Le Livre sur la Place - CCN - Ballet de Lorraine\" class=\"border\"\/><\/a><\/li>\n<li class=\"col-12 pt-4\" data-view-id-type=\"1\" data-view-id=\"1143274\" data-view-bc=\"0\"><a class=\"d-block titre text-black mb-1 mb-md-2\" href=\"https:\/\/www.jds.fr\/nancy\/manifestations\/festival\/le-livre-sur-la-place-musee-des-beaux-arts-1143274_A\" rel=\"nofollow noopener\" target=\"_blank\">Le Livre sur la Place &#8211; Mus\u00e9e des Beaux-Arts<\/a>Du 12\/09\/2025 au 14\/09\/2025 Nancy<br \/>\nProgramme complet et d\u00e9taill\u00e9 sur le site internet.<\/p>\n<p>    Christine Angot &#8211; Vendredi 12 septembre de 16h00 \u00e0 17h00 &#8211; Rencontre<br \/>\n    Le ventre de Joseph &#8211; Vendredi 12 septembre [\u2026]<a class=\"image\" href=\"https:\/\/www.jds.fr\/nancy\/manifestations\/festival\/le-livre-sur-la-place-musee-des-beaux-arts-1143274_A\" rel=\"nofollow noopener\" target=\"_blank\"><img decoding=\"async\" loading=\"lazy\" src=\"https:\/\/www.europesays.com\/fr\/wp-content\/uploads\/2025\/06\/festival-1-453565-180-180.webp.webp\" width=\"180\" height=\"180\" alt=\"Le Livre sur la Place - Mus\u00e9e des Beaux-Arts\" class=\"border\"\/><\/a><\/li>\n<li class=\"col-12 pt-4\" data-view-id-type=\"1\" data-view-id=\"1148529\" data-view-bc=\"0\"><a class=\"image\" href=\"https:\/\/www.jds.fr\/nancy\/manifestations\/festival\/le-livre-sur-la-place-lecture-de-zem-par-laurent-gaude-et-florence-loiret-caille-1148529_A\" rel=\"nofollow noopener\" target=\"_blank\"><img decoding=\"async\" loading=\"lazy\" src=\"https:\/\/www.europesays.com\/fr\/wp-content\/uploads\/2025\/06\/festival-1-453565-180-180.webp.webp\" width=\"180\" height=\"180\" alt=\"Le Livre sur la Place - Lecture de Zem par Laurent Gaud\u00e9 et Florence Loiret Caille\" class=\"border\"\/><\/a><\/li>\n<li class=\"col-12 pt-4\" data-view-id-type=\"1\" data-view-id=\"1148532\" data-view-bc=\"0\"><a class=\"image\" href=\"https:\/\/www.jds.fr\/nancy\/manifestations\/festival\/le-livre-sur-la-place-apero-litteraire-gerald-bronner-1148532_A\" rel=\"nofollow noopener\" target=\"_blank\"><img decoding=\"async\" loading=\"lazy\" src=\"https:\/\/www.europesays.com\/fr\/wp-content\/uploads\/2025\/06\/festival-1-453565-180-180.webp.webp\" width=\"180\" height=\"180\" alt=\"Le Livre sur la Place - Ap\u00e9ro Litt\u00e9raire - G\u00e9rald Bronner\" class=\"border\"\/><\/a><\/li>\n<li class=\"li_gp_div li_gp_div_infeed\"\/>\n<li class=\"col-12 pt-4\" data-view-id-type=\"1\" data-view-id=\"1148534\" data-view-bc=\"0\"><a class=\"image\" href=\"https:\/\/www.jds.fr\/nancy\/manifestations\/festival\/le-livre-sur-la-place-opera-national-de-nancy-lorraine-1148534_A\" rel=\"nofollow noopener\" target=\"_blank\"><img decoding=\"async\" loading=\"lazy\" src=\"https:\/\/www.europesays.com\/fr\/wp-content\/uploads\/2025\/06\/festival-1-453565-180-180.webp.webp\" width=\"180\" height=\"180\" alt=\"Le Livre sur la Place - Op\u00e9ra National de Nancy-Lorraine\" class=\"border\"\/><\/a><\/li>\n<li class=\"col-12 pt-4\" data-view-id-type=\"1\" data-view-id=\"1148538\" data-view-bc=\"0\"><a class=\"d-block titre text-black mb-1 mb-md-2\" href=\"https:\/\/www.jds.fr\/nancy\/manifestations\/festival\/le-livre-sur-la-place-prefecture-1148538_A\" rel=\"nofollow noopener\" target=\"_blank\">Le Livre sur la Place &#8211; Pr\u00e9fecture<\/a>Du 12\/09\/2025 au 14\/09\/2025 Nancy<br \/>\nProgramme complet et d\u00e9taill\u00e9 sur le site internet.<\/p>\n<p>    De quel pays\u00a0? &#8211; Samedi 13 septembre de 11h30 \u00e0 12h30 &#8211; Conf\u00e9rence<br \/>\n    Le monde sauvage &#8211; Samedi 13 septembre de [\u2026]<a class=\"image\" href=\"https:\/\/www.jds.fr\/nancy\/manifestations\/festival\/le-livre-sur-la-place-prefecture-1148538_A\" rel=\"nofollow noopener\" target=\"_blank\"><img decoding=\"async\" loading=\"lazy\" src=\"https:\/\/www.europesays.com\/fr\/wp-content\/uploads\/2025\/06\/festival-1-453565-180-180.webp.webp\" width=\"180\" height=\"180\" alt=\"Le Livre sur la Place - Pr\u00e9fecture\" class=\"border\"\/><\/a><\/li>\n<li class=\"col-12 pt-4\" data-view-id-type=\"1\" data-view-id=\"1053848\" data-view-bc=\"0\"><a class=\"d-block titre text-black mb-1 mb-md-2\" href=\"https:\/\/www.jds.fr\/nancy\/manifestations\/festival\/festival-rock-n-block-1053848_A\" rel=\"nofollow noopener\" target=\"_blank\">Festival Rock&rsquo;N&rsquo;Block<\/a>Du 13\/09\/2025 au 14\/09\/2025 Max\u00e9villeToute la M\u00e9tropole du Grand Nancy vibre au rythme estival\u00a0!\n<p>    Guinguettes rafra\u00eechissantes<br \/>\n    Vid\u00e9o-mapping monumental<br \/>\n    Concerts exceptionnels<br \/>\n    [\u2026]<a class=\"image\" href=\"https:\/\/www.jds.fr\/nancy\/manifestations\/festival\/festival-rock-n-block-1053848_A\" rel=\"nofollow noopener\" target=\"_blank\"><img decoding=\"async\" loading=\"lazy\" src=\"https:\/\/www.europesays.com\/fr\/wp-content\/uploads\/2025\/06\/festival-1-453565-180-180.webp.webp\" width=\"180\" height=\"180\" alt=\"Festival Rock'N'Block\" class=\"border\"\/><\/a><\/li>\n<li class=\"col-12 pt-4\" data-view-id-type=\"1\" data-view-id=\"1142497\" data-view-bc=\"0\"><a class=\"d-block titre text-black mb-1 mb-md-2\" href=\"https:\/\/www.jds.fr\/nancy\/manifestations\/festival\/le-livre-sur-la-place-heritages-1142497_A\" rel=\"nofollow noopener\" target=\"_blank\">Le Livre sur la Place &#8211; H\u00e9ritages<\/a>Le 13\/09\/2025 NancyElles se sont empar\u00e9es de la grande histoire de leur famille. L&rsquo;une marocaine, l&rsquo;autre bretonne, mais tellement de rapprochements\u00a0: la place du p\u00e8re, la recherche [\u2026]<a class=\"image\" href=\"https:\/\/www.jds.fr\/nancy\/manifestations\/festival\/le-livre-sur-la-place-heritages-1142497_A\" rel=\"nofollow noopener\" target=\"_blank\"><img decoding=\"async\" loading=\"lazy\" src=\"https:\/\/www.europesays.com\/fr\/wp-content\/uploads\/2025\/06\/festival-1-453565-180-180.webp.webp\" width=\"180\" height=\"180\" alt=\"Le Livre sur la Place - H\u00e9ritages\" class=\"border\"\/><\/a><\/li>\n<li class=\"li_gp_div li_gp_div_infeed\"\/>\n<li class=\"col-12 pt-4\" data-view-id-type=\"1\" data-view-id=\"1149536\" data-view-bc=\"0\"><a class=\"d-block titre text-black mb-1 mb-md-2\" href=\"https:\/\/www.jds.fr\/nancy\/manifestations\/festival\/festival-international-du-tatouage-1149536_A\" rel=\"nofollow noopener\" target=\"_blank\">Festival international du tatouage<\/a>Du 13\/09\/2025 au 14\/09\/2025 Lun\u00e9ville<br \/>\n1er festival du tatouage \u00e0 Lun\u00e9ville avec la Convention Dermographes d\u2019Or<\/p>\n<p>    Entr\u00e9e\u00a0: 5\u00a0\u20ac \/ jour (gratuit pour les enfants de moins de 12 ans, accompagn\u00e9s [\u2026]<a class=\"image\" href=\"https:\/\/www.jds.fr\/nancy\/manifestations\/festival\/festival-international-du-tatouage-1149536_A\" rel=\"nofollow noopener\" target=\"_blank\"><img decoding=\"async\" loading=\"lazy\" src=\"https:\/\/www.europesays.com\/fr\/wp-content\/uploads\/2025\/09\/festival-international-du-tatouage-707792-180-180.webp.webp\" width=\"180\" height=\"180\" alt=\"Festival international du tatouage\" class=\"border\"\/><\/a><\/li>\n<li class=\"col-12 pt-4\" data-view-id-type=\"1\" data-view-id=\"1145835\" data-view-bc=\"0\"><a class=\"d-block titre text-black mb-1 mb-md-2\" href=\"https:\/\/www.jds.fr\/nancy\/manifestations\/festival\/vie-etudiante-welcome-day-1145835_A\" rel=\"nofollow noopener\" target=\"_blank\">Vie \u00c9tudiante &#8211; Welcome Day\u00a0!<\/a>Le 18\/09\/2025 NancyVous \u00eates un nouvel \u00e9tudiant international \u00e0 l\u2019Universit\u00e9 de Lorraine\u00a0?.<br \/>\nBienvenue \u00e0 l&rsquo;Universit\u00e9 de Lorraine\u00a0! Bienvenue \u00e0 Nancy\u00a0!  <\/p>\n<p>L\u2019Universit\u00e9 de [\u2026]<a class=\"image\" href=\"https:\/\/www.jds.fr\/nancy\/manifestations\/festival\/vie-etudiante-welcome-day-1145835_A\" rel=\"nofollow noopener\" target=\"_blank\"><img decoding=\"async\" loading=\"lazy\" src=\"https:\/\/www.europesays.com\/fr\/wp-content\/uploads\/2025\/06\/festival-1-453565-180-180.webp.webp\" width=\"180\" height=\"180\" alt=\"Vie \u00c9tudiante - Welcome Day !\" class=\"border\"\/><\/a><\/li>\n<li class=\"col-12 pt-4\" data-view-id-type=\"1\" data-view-id=\"1114050\" data-view-bc=\"0\"><a class=\"d-block titre text-black mb-1 mb-md-2\" href=\"https:\/\/www.jds.fr\/nancy\/manifestations\/festival\/sanon-en-fete-1114050_A\" rel=\"nofollow noopener\" target=\"_blank\">S\u00e2non en f\u00eate<\/a>Le 20\/09\/2025 ParroyQue vous soyez sportif, bon vivant, seul ou en famille, curieux de d\u00e9couvrir ce qui se passe sur notre territoire, vous trouverez toujours une bonne raison de venir \u00e0\u00a0\u00ab [\u2026]<a class=\"image\" href=\"https:\/\/www.jds.fr\/nancy\/manifestations\/festival\/sanon-en-fete-1114050_A\" rel=\"nofollow noopener\" target=\"_blank\"><img decoding=\"async\" loading=\"lazy\" src=\"https:\/\/www.europesays.com\/fr\/wp-content\/uploads\/2025\/09\/sanon-en-fete-687329-180-180.webp.webp\" width=\"180\" height=\"180\" alt=\"S\u00e2non en f\u00eate\" class=\"border\"\/><\/a><\/li>\n<li class=\"col-12 pt-4\" data-view-id-type=\"1\" data-view-id=\"1136582\" data-view-bc=\"0\"><a class=\"d-block titre text-black mb-1 mb-md-2\" href=\"https:\/\/www.jds.fr\/nancy\/manifestations\/festival\/jep-2025-aux-archives-departementales-1136582_A\" rel=\"nofollow noopener\" target=\"_blank\">JEP 2025 &#8211; Aux Archives D\u00e9partementales<\/a>Du 20\/09\/2025 au 21\/09\/2025 Nancy<br \/>\nPlusieurs \u00e9v\u00e9nements rythmeront le week-end des Journ\u00e9es du patrimoine aux archives d\u00e9partementales\u00a0!<\/p>\n<p>        Visites guid\u00e9es.<br \/>\n        D\u00e9couvrez les coulisses [\u2026]<a class=\"image\" href=\"https:\/\/www.jds.fr\/nancy\/manifestations\/festival\/jep-2025-aux-archives-departementales-1136582_A\" rel=\"nofollow noopener\" target=\"_blank\"><img decoding=\"async\" loading=\"lazy\" src=\"https:\/\/www.europesays.com\/fr\/wp-content\/uploads\/2025\/06\/festival-1-453565-180-180.webp.webp\" width=\"180\" height=\"180\" alt=\"JEP 2025 - Aux Archives D\u00e9partementales\" class=\"border\"\/><\/a><\/li>\n<li class=\"li_gp_div li_gp_div_infeed\"\/>\n<li class=\"col-12 pt-4\" data-view-id-type=\"1\" data-view-id=\"111865\" data-view-bc=\"0\"><a class=\"d-block titre text-black mb-1 mb-md-2\" href=\"https:\/\/www.jds.fr\/nancy\/manifestations\/festival\/nancy-jazz-pulsations-111865_A\" rel=\"nofollow noopener\" target=\"_blank\">Nancy Jazz Pulsations 2025\u00a0: festival de musique<\/a>Du 04\/10\/2025 au 18\/10\/2025 NancyDu 4 au 18 octobre 2025, Nancy vibrera au rythme du jazz et des musiques actuelles pour la 52\u00e8me \u00e9dition du festival Nancy Jazz Pulsations. Et comme chaque [\u2026]<a class=\"image\" href=\"https:\/\/www.jds.fr\/nancy\/manifestations\/festival\/nancy-jazz-pulsations-111865_A\" rel=\"nofollow noopener\" target=\"_blank\"><img decoding=\"async\" loading=\"lazy\" src=\"https:\/\/www.europesays.com\/fr\/wp-content\/uploads\/2025\/06\/nancy-jazz-pulsations-247475-180-180.webp.webp\" width=\"180\" height=\"180\" alt=\"Nancy Jazz Pulsations 2025 : festival de musique\" class=\"border\"\/><\/a><\/li>\n<\/ul>\n<p class=\"font-size-30 fw-bold lh-1 mt-0 mb-4\">Je trouve les meilleures sorties dans ma ville<\/p>\n<p>Les actualit\u00e9s \u00e0  Nancy<\/p>\n<ul class=\"mt-3 list-unstyled list-articles-v2\">\n<li class=\"col-12 pt-4\" data-view-id-type=\"1\" data-view-id=\"1150199\" data-view-bc=\"0\"><a class=\"image\" href=\"https:\/\/www.jds.fr\/nancy\/magazine\/sorties-du-week-end\/sorties-que-faire-a-nancy-ce-week-end-5-7-septembre-2025-1150199_A\" rel=\"nofollow noopener\" target=\"_blank\"><img decoding=\"async\" loading=\"lazy\" src=\"https:\/\/www.europesays.com\/fr\/wp-content\/uploads\/2025\/09\/rendez-vous-place-stanislas-708165-180-180.webp.webp\" width=\"180\" height=\"180\" alt=\"Sorties : que faire \u00e0 Nancy ce week-end ? (5-7 septembre 2025)\" class=\"border\"\/><\/a><\/li>\n<\/ul>\n<p><a href=\"https:\/\/www.jds.fr\/nancy\/flavigny-sur-moselle-3456_V\/magazine\/\" class=\"btn btn-outline-primary py-2 px-4\" rel=\"nofollow noopener\" target=\"_blank\">Voir toutes les actualit\u00e9s \u00e0  Nancy<\/a><\/p>\n<p class=\"mt-0 mb-3 h2\">Newsletter JDS Nancy<\/p>\n<p class=\"font-size-18 fw-normal lh-sm\">Pr\u00eat pour un week-end de folie\u00a0? Chaque jeudi tous les bons plans sorties<\/p>\n","protected":false},"excerpt":{"rendered":"Du 13\/09\/2025 au 14\/09\/2025 Halle de la ferme \u00e9questre du M\u00e9nil Saint-Michel | Flavigny-sur-Moselle Adultes : 20 euros&hellip;\n","protected":false},"author":2,"featured_media":364918,"comment_status":"","ping_status":"","sticky":false,"template":"","format":"standard","meta":{"footnotes":""},"categories":[9635],"tags":[1111,11,1777,674,1011,27,775,1702,12,25],"class_list":{"0":"post-364917","1":"post","2":"type-post","3":"status-publish","4":"format-standard","5":"has-post-thumbnail","7":"category-nancy","8":"tag-actu","9":"tag-actualites","10":"tag-eu","11":"tag-europe","12":"tag-fr","13":"tag-france","14":"tag-grand-est","15":"tag-nancy","16":"tag-news","17":"tag-republique-francaise"},"share_on_mastodon":{"url":"https:\/\/pubeurope.com\/@fr\/115144337156650044","error":""},"_links":{"self":[{"href":"https:\/\/www.europesays.com\/fr\/wp-json\/wp\/v2\/posts\/364917","targetHints":{"allow":["GET"]}}],"collection":[{"href":"https:\/\/www.europesays.com\/fr\/wp-json\/wp\/v2\/posts"}],"about":[{"href":"https:\/\/www.europesays.com\/fr\/wp-json\/wp\/v2\/types\/post"}],"author":[{"embeddable":true,"href":"https:\/\/www.europesays.com\/fr\/wp-json\/wp\/v2\/users\/2"}],"replies":[{"embeddable":true,"href":"https:\/\/www.europesays.com\/fr\/wp-json\/wp\/v2\/comments?post=364917"}],"version-history":[{"count":0,"href":"https:\/\/www.europesays.com\/fr\/wp-json\/wp\/v2\/posts\/364917\/revisions"}],"wp:featuredmedia":[{"embeddable":true,"href":"https:\/\/www.europesays.com\/fr\/wp-json\/wp\/v2\/media\/364918"}],"wp:attachment":[{"href":"https:\/\/www.europesays.com\/fr\/wp-json\/wp\/v2\/media?parent=364917"}],"wp:term":[{"taxonomy":"category","embeddable":true,"href":"https:\/\/www.europesays.com\/fr\/wp-json\/wp\/v2\/categories?post=364917"},{"taxonomy":"post_tag","embeddable":true,"href":"https:\/\/www.europesays.com\/fr\/wp-json\/wp\/v2\/tags?post=364917"}],"curies":[{"name":"wp","href":"https:\/\/api.w.org\/{rel}","templated":true}]}}