{"id":364919,"date":"2025-09-04T05:18:13","date_gmt":"2025-09-04T05:18:13","guid":{"rendered":"https:\/\/www.europesays.com\/fr\/364919\/"},"modified":"2025-09-04T05:18:13","modified_gmt":"2025-09-04T05:18:13","slug":"et-loin-des-antonins-que-valent-ces-crocos-en-deplacement-a-toulon-samedi","status":"publish","type":"post","link":"https:\/\/www.europesays.com\/fr\/364919\/","title":{"rendered":"Et loin des Antonins, que valent ces Crocos, en d\u00e9placement \u00e0 Toulon, samedi\u00a0?"},"content":{"rendered":"<p>\n                                                                Souverain \u00e0 la maison, N\u00eemes va devoir s\u2019\u00e9manciper \u00e0 l\u2019ext\u00e9rieur. \u00c0 commencer par Toulon, samedi \u00e0 18\u00a0heures dans le Var pour le compte de la 4e journ\u00e9e de National 2.\n                            <\/p>\n<p>Polo, tee-shirt rouge, maillot du temps de la L1 avec, pour Tom, supporter, le num\u00e9ro\u00a020 dans le dos floqu\u00e9 Ripart. Depuis mi-ao\u00fbt, l\u2019effervescence des samedis soirs de victoire de N\u00eemes (4e) aux Antonins se prolonge, en semaine, \u00e0 la Bastide. Ce mercredi matin, ils sont une petite vingtaine \u00e0 assister \u00e0 la s\u00e9ance du jour. Un peuple \u2018\u2019rouge\u2019\u2019 en totale communion avec ses Crocos.<\/p>\n<p>Sur et hors terrain, Orinel est d\u00e9j\u00e0 chez lui<\/p>\n<p>Lors d\u2019une pause fra\u00eecheur, entre deux exercices, Oualid Orinel, d\u2019une rare gentillesse, converse m\u00eame avec quelques fid\u00e8les. Le milieu venu de Martigues est d\u00e9j\u00e0 chez lui, sur et hors terrain, un but et trois passes d\u00e9cisives depuis l\u2019entame de l\u2019exercice. \u00a0\u00bbJe suis mes stats\u00a0\u00bb, acquiese-t-il, dans un sourire.<\/p>\n<p>Cette saison, un week-end sur deux, NO va aussi devoir oublier les (ses) Antonins. S\u2019ils doivent en faire \u00a0\u00bbune forteresse imprenable\u00a0\u00bb, rappelle Vincent Pires, qui a montr\u00e9 la voie du succ\u00e8s (3-0), samedi dernier face \u00e0 Fr\u00e9jus \u2013 Saint-Rapha\u00ebl, en ouvrant le score, reste aux N\u00eemois \u00e0 ne pas \u00eatre\u2026 prenables trop facilement par l\u2019adversaire loin du Gard.<\/p>\n<p>\u00a0\u00bbL\u00e0, quand on va sortir des vestiaires, ne pas se dire qu\u2019il y aura 5\u00a0000 personnes avec nous\u00a0\u00bb<\/p>\n<p>\u00a0\u00bbL\u00e0 (\u00e0 Toulon, samedi), quand on va sortir des vestiaires, il faut qu\u2019on se dise qu\u2019il n\u2019y aura pas 5\u00a0000 personnes avec nous, ne manque pas de relever Pires. Il va falloir qu\u2019on joue comme on a r\u00e9ussi \u00e0 jouer aux Antonins, essayer d\u2019enlever ce petit blocage qu\u2019on a \u00e0 l\u2019ext\u00e9rieur, trouver notre premi\u00e8re victoire le plus rapidement possible et garder le contact avec le wagon du top 5, 6.\u00a0\u00bb<\/p>\n<p>Mercredi, vingt-deux Crocos, dont le gardien Dias, qui a repris normalement mardi, ont particip\u00e9 \u00e0 l\u2019entra\u00eenement. Aux trois absents, Okyere (IRM ischios), Diaby (hanche) et Alberto (malade), se sont substitu\u00e9s Ribotta, Ichou et Lopes, de la r\u00e9serve.<\/p>\n<p>Faute de jeu, afficher du c\u0153ur<\/p>\n<p>Lors de l\u2019opposition de fin, le coach Micka\u00ebl Gas a brouill\u00e9 les cartes en m\u00e9langeant les \u00e9quipes. Mais \u00e0 Toulon, quelle que soit la formation align\u00e9e, \u00a0\u00bbsi on n\u2019arrive pas \u00e0 poser notre jeu, il va falloir jouer avec le c\u0153ur\u00a0\u00bb, termine Pires.<\/p>\n","protected":false},"excerpt":{"rendered":"Souverain \u00e0 la maison, N\u00eemes va devoir s\u2019\u00e9manciper \u00e0 l\u2019ext\u00e9rieur. \u00c0 commencer par Toulon, samedi \u00e0 18\u00a0heures dans&hellip;\n","protected":false},"author":2,"featured_media":364920,"comment_status":"","ping_status":"","sticky":false,"template":"","format":"standard","meta":{"footnotes":""},"categories":[9619],"tags":[1111,11,1777,674,1011,27,12,882,25,2310],"class_list":{"0":"post-364919","1":"post","2":"type-post","3":"status-publish","4":"format-standard","5":"has-post-thumbnail","7":"category-toulon","8":"tag-actu","9":"tag-actualites","10":"tag-eu","11":"tag-europe","12":"tag-fr","13":"tag-france","14":"tag-news","15":"tag-provence-alpes-cote-dazur","16":"tag-republique-francaise","17":"tag-toulon"},"share_on_mastodon":{"url":"https:\/\/pubeurope.com\/@fr\/115144340550183847","error":""},"_links":{"self":[{"href":"https:\/\/www.europesays.com\/fr\/wp-json\/wp\/v2\/posts\/364919","targetHints":{"allow":["GET"]}}],"collection":[{"href":"https:\/\/www.europesays.com\/fr\/wp-json\/wp\/v2\/posts"}],"about":[{"href":"https:\/\/www.europesays.com\/fr\/wp-json\/wp\/v2\/types\/post"}],"author":[{"embeddable":true,"href":"https:\/\/www.europesays.com\/fr\/wp-json\/wp\/v2\/users\/2"}],"replies":[{"embeddable":true,"href":"https:\/\/www.europesays.com\/fr\/wp-json\/wp\/v2\/comments?post=364919"}],"version-history":[{"count":0,"href":"https:\/\/www.europesays.com\/fr\/wp-json\/wp\/v2\/posts\/364919\/revisions"}],"wp:featuredmedia":[{"embeddable":true,"href":"https:\/\/www.europesays.com\/fr\/wp-json\/wp\/v2\/media\/364920"}],"wp:attachment":[{"href":"https:\/\/www.europesays.com\/fr\/wp-json\/wp\/v2\/media?parent=364919"}],"wp:term":[{"taxonomy":"category","embeddable":true,"href":"https:\/\/www.europesays.com\/fr\/wp-json\/wp\/v2\/categories?post=364919"},{"taxonomy":"post_tag","embeddable":true,"href":"https:\/\/www.europesays.com\/fr\/wp-json\/wp\/v2\/tags?post=364919"}],"curies":[{"name":"wp","href":"https:\/\/api.w.org\/{rel}","templated":true}]}}