{"id":364921,"date":"2025-09-04T05:19:10","date_gmt":"2025-09-04T05:19:10","guid":{"rendered":"https:\/\/www.europesays.com\/fr\/364921\/"},"modified":"2025-09-04T05:19:10","modified_gmt":"2025-09-04T05:19:10","slug":"toulon-veut-au-moins-aller-en-finale-previent-gabin-villiere","status":"publish","type":"post","link":"https:\/\/www.europesays.com\/fr\/364921\/","title":{"rendered":"\u00abToulon veut, au moins, aller en finale\u00bb, pr\u00e9vient Gabin Villi\u00e8re"},"content":{"rendered":"<p>L\u2019ailier du RCT et du XV de France ne cache ses ambitions\u00a0: faire mieux que la saison derni\u00e8re. Ce qui se signifie se hisser en finale du championnat et en demi-finale de Champions Cup.<\/p>\n<p class=\"fig-paragraph\">Il va encore devoir patienter deux ou trois semaines avant de retrouver le terrain. La faute au majeur de sa main droite qui a d\u00fb \u00eatre op\u00e9r\u00e9 courant ao\u00fbt. Mais, aucun doute, Gabin Villi\u00e8re piaffe d\u2019impatience de retrouver les terrains. Avec des objectifs \u00e9lev\u00e9s,\u00a0<a href=\"http:\/\/www.lefigaro.fr\/sports\/rugby\/top-14\/top-14-gagner-un-titre-avec-toulon-est-mon-seul-reve-baptiste-serin-ambitieux-pour-la-nouvelle-saison-20250825\" data-fig-type=\"NewsFlash\" data-gtm-custom-categorie=\"navigation\" data-gtm-custom-action=\"crossclick\" data-gtm-custom-label=\"Contextuel\" data-gtm-event=\"customEventSPE\" data-fig-domain=\"LEFIGARO\" target=\"_blank\" rel=\"noopener\">tant pour son club, le RCT<\/a>, que pour lui. Il les affirme sans se cacher.<\/p>\n<p class=\"fig-paragraph\"><strong>LE FIGARO\u00a0: Le RCT annonce vouloir faire mieux que la demi-finale de la saison derni\u00e8re. Cela signifie donc aller en finale\u2026<\/strong><br \/><strong>Gabin VILLI\u00c8RE\u00a0:<\/strong> Au moins aller en finale, oui. C\u2019est s\u00fbr que ce n\u2019est pas une mince affaire. Et ce n\u2019est pas parce qu\u2019on a fait demi-finale l\u2019ann\u00e9e derni\u00e8re que c\u2019est valid\u00e9 pour cette saison, que \u00e7a va \u00eatre simple ou \u00e9vident. Mais on s\u2019\u00e9tait remis en question la saison derni\u00e8re et l\u2019objectif est, encore une fois, d\u2019aller plus loin. Ce serait un \u00e9chec de ne pas r\u00e9ussir \u00e0 aller en finale&#8230; Je dirais m\u00eame la gagner (sourire). Mais bon, une finale, ce serait d\u00e9j\u00e0 une belle saison.<\/p>\n<p>                                    <a class=\"fig-a11y-skip a11y-hidden\" href=\"#fig-a11y-skip-main-inarticle\"><br \/>\n        Passer la publicit\u00e9<br \/>\n    <\/a><\/p>\n<p class=\"fig-paragraph\"><strong>Que faudra-t-il faire mieux que la saison pass\u00e9e pour passer cette derni\u00e8re marche\u00a0?<\/strong><br \/>Sur la demi-finale, franchement, il n\u2019y a pas forc\u00e9ment beaucoup de regrets \u00e0 avoir. On est tomb\u00e9s sur plus fort que nous \u00e0 ce moment-l\u00e0 (l\u2019UBB, victorieuse 39 \u00e0 24, NDLR). En revanche, je pense que sur la seconde partie de saison, et plus encore la fin de saison, on a certainement manqu\u00e9 d\u2019un peu de carburant, d\u2019\u00e9nergie. C\u2019est ce qui nous a co\u00fbt\u00e9 de ne pas pouvoir plus rivaliser lors de ces phases finales. La fra\u00eecheur sur la seconde partie de saison va \u00eatre hyper importante\u00a0: ne pas avoir trop de bless\u00e9s, avoir pu pratiquer du turnover\u2026 Il y a de la concurrence \u00e0 tous les postes, donc c\u2019est possible. C\u2019est ce qui peut nous permettre de basculer encore un peu plus loin.<\/p>\n<p>Toulon est de nouveau pris au s\u00e9rieux, mais, apr\u00e8s, il y a de plus en plus d\u2019\u00e9quipes qui sont prises au s\u00e9rieux, qui sont capables de se hisser dans les six premi\u00e8res places<\/p>\n<p class=\"fig-paragraph\"><strong>Apr\u00e8s quelques ann\u00e9es difficiles, Toulon est de nouveau craint. C\u2019est un atout important\u00a0?<\/strong><br \/>Oui, compl\u00e8tement. On a fini 7e ou 8e \u00e0 chaque fois les ann\u00e9es pr\u00e9c\u00e9dentes. On \u00e9tait \u00e0 pas grand-chose. \u00c0 chaque fois, on jouait notre place dans le top 6 lors de la derni\u00e8re journ\u00e9e. De s\u2019ancrer un peu plus dans ce top 6, de pouvoir voir un peu plus loin avant la fin de la saison, d\u00e9j\u00e0, c\u2019est s\u00fbr que c\u2019est chouette. Je pense qu\u2019on est, effectivement, plus pris au s\u00e9rieux, plus craint par les autres \u00e9quipes. On veut \u00e9galement essayer de garder Mayol inviol\u00e9. Ne pas perdre \u00e0 domicile, c\u2019est aussi quelque chose d\u2019important\u2026 Nous sommes de nouveau pris au s\u00e9rieux, mais, apr\u00e8s, il y a de plus en plus d\u2019\u00e9quipes qui sont prises au s\u00e9rieux, qui sont capables de se hisser dans les six premi\u00e8res places. Comme, \u00e0 l\u2019inverse, d\u2019une saison sur l\u2019autre, on peut passer de la 3e place \u00e0 la lutte pour le maintien. \u00c7a va tr\u00e8s vite et il faut toujours s\u2019accrocher.<\/p>\n<p class=\"fig-body-link\">\n            \u00c0 lire aussi<br \/>\n        <a class=\"fig-body-link__link\" href=\"http:\/\/www.lefigaro.fr\/sports\/rugby\/top-14\/top-14-sept-mois-apres-sa-grave-blessure-charles-ollivon-de-retour-a-l-entrainement-avec-toulon-20250826\" data-fig-type=\"NewsFlash\" data-gtm-custom-categorie=\"navigation\" data-gtm-custom-action=\"crossclick\" data-gtm-custom-label=\"Contextuel\" data-gtm-event=\"customEventSPE\" data-fig-domain=\"LEFIGARO\" target=\"_blank\" rel=\"noopener\">Top 14\u00a0: sept mois apr\u00e8s sa grave blessure, Charles Ollivon de retour \u00e0 l\u2019entra\u00eenement avec Toulon<br \/>\n    <\/a>\n<\/p>\n<p class=\"fig-paragraph\"><strong>Allez-vous jouer sur les deux tableaux\u00a0? Autrement dit, la Champions Cup est-elle \u00e9galement un objectif\u00a0?<\/strong><br \/>Oui, bien s\u00fbr. L\u00e0 o\u00f9 il y a des titres \u00e0 gagner, il faut se donner les moyens d\u2019essayer de ramener quelque chose. D\u2019engranger de l\u2019exp\u00e9rience en disputant des phases finales, de go\u00fbter \u00e0 tout \u00e7a. Je pense que ce sont ces exp\u00e9riences-l\u00e0 qui permettent au collectif de grandir et, ensuite, d\u2019aller chercher des titres. Donc la Champions Cup sera un objectif. C\u2019est clair et ce n\u2019est pas la peine de s\u2019en cacher. On sait que, l\u00e0 aussi, \u00e7a va \u00eatre tr\u00e8s dur. Mais notre objectif est \u00e9galement de faire mieux que la saison derni\u00e8re. On avait atteint les quarts de finale donc, au minimum, une demi-finale europ\u00e9enne&#8230;<\/p>\n<p class=\"fig-paragraph\"><strong>Des joueurs aguerris, comme l\u2019Anglais Zach Mercer ou le centre italien Ignacio Brex, sont arriv\u00e9s \u00e0 l\u2019intersaison. Que vont-ils apporter\u00a0?<\/strong><br \/>Les nouveaux ont repris bien avant nous et se sont tr\u00e8s bien int\u00e9gr\u00e9s. Ils am\u00e8nent un bon vent de fra\u00eecheur. C\u2019est bien de voir de nouvelles t\u00eates (sourire). Je pense qu\u2019ils sont tr\u00e8s investis dans le projet et on va rapidement les voir \u00e0 l\u2019\u0153uvre. Mercer apporte ses attitudes dans le jeu au sol et sa capacit\u00e9 \u00e0 jouer \u00e0 la main ; Brex, sa capacit\u00e9 \u00e0 lire les situations, \u00e0 trouver des espaces. On va compter sur eux, et tous les autres qui nous rejoignent, pour nous apporter une bonne \u00e9nergie et bien commencer ce Top 14.<\/p>\n<p>L\u2019objectif, personnellement, c\u2019est d\u2019apporter un maximum \u00e0 l\u2019\u00e9quipe. En revanche, je n\u2019ai pas d\u2019objectif en termes de nombre d\u2019essais ou de quoi que ce soit\u2026<\/p>\n<p class=\"fig-paragraph\"><strong>\u00c0 titre individuel, vous fixez-vous \u00e9galement des objectifs\u00a0?<\/strong><br \/>L\u2019objectif, personnellement, c\u2019est d\u2019apporter un maximum \u00e0 l\u2019\u00e9quipe. Ne pas faire de fautes, se remettre en question chaque week-end. En revanche, je n\u2019ai pas d\u2019objectif en termes de nombre d\u2019essais ou de quoi que ce soit\u2026 J\u2019essaie juste de me concentrer sur mon profil, sur ce que je suis capable d\u2019apporter \u00e0 l\u2019\u00e9quipe\u00a0: ne pas vouloir trop en faire et, surtout, essayer de faire tr\u00e8s bien les choses.<\/p>\n<p class=\"fig-body-link\">\n            \u00c0 lire aussi<br \/>\n        <a class=\"fig-body-link__link\" href=\"http:\/\/www.lefigaro.fr\/sports\/rugby\/top-14\/top-14-ma-a-nonu-la-legende-des-all-blacks-va-prolonger-d-une-saison-a-toulon-20250704\" data-fig-type=\"NewsFlash\" data-gtm-custom-categorie=\"navigation\" data-gtm-custom-action=\"crossclick\" data-gtm-custom-label=\"Contextuel\" data-gtm-event=\"customEventSPE\" data-fig-domain=\"LEFIGARO\" target=\"_blank\" rel=\"noopener\">Top 14\u00a0: Ma\u2019a Nonu, la l\u00e9gende des All Blacks, va prolonger d\u2019une saison \u00e0 Toulon<br \/>\n    <\/a>\n<\/p>\n<p>                                    <a class=\"fig-a11y-skip a11y-hidden\" href=\"#fig-a11y-skip-main-inarticle_mtf\"><br \/>\n        Passer la publicit\u00e9<br \/>\n    <\/a><\/p>\n<p class=\"fig-paragraph\"><strong>Parlons du XV de France. Quels enseignements avez-vous tir\u00e9s de la tourn\u00e9e en Nouvelle-Z\u00e9lande cet \u00e9t\u00e9\u00a0?<\/strong><br \/>C\u2019\u00e9tait une belle tourn\u00e9e. On nous annon\u00e7ait la guerre, que ce soient les m\u00e9dias fran\u00e7ais ou n\u00e9o-z\u00e9landais, et, malgr\u00e9 tout, avec ce groupe tr\u00e8s remani\u00e9, avec tous ces nouveaux cap\u00e9s, on a franchement v\u00e9cu une superbe exp\u00e9rience. On a vraiment \u00e9t\u00e9 capable de rivaliser avec les All Blacks. On n\u2019\u00e9tait m\u00eame pas loin de gagner. On aurait pu faire un petit peu mieux mais c\u2019est d\u00e9j\u00e0 une exp\u00e9rience incroyable\u2026<\/p>\n<p>Le XV de France est un objectif que je ne l\u00e2cherai pas<\/p>\n<p class=\"fig-paragraph\"><strong>Dans un coin de la t\u00eate, pensez-vous d\u00e9j\u00e0 \u00e0 la tourn\u00e9e de novembre, au Tournoi des six nations\u00a0?<\/strong><br \/>Forc\u00e9ment, on a envie d\u2019y rego\u00fbter et de revivre des moments comme cela. Pour ma part, c\u2019est s\u00fbr, l\u2019\u00e9quipe de France est un objectif et une ambition que je ne l\u00e2che pas. Je sais qu\u2019il y a du monde devant moi, je sais que rien n\u2019est fait, qu\u2019il ne faut pas l\u00e2cher, qu\u2019il faut s\u2019accrocher m\u00eame parce qu\u2019il y a encore d\u2019autres joueurs qui arrivent, qui vont \u00e9clore dans notre championnat. Je reste \u00e0 ma place mais, c\u2019est s\u00fbr, je ne l\u00e2cherai pas. Je prendrai toutes les opportunit\u00e9s qui se pr\u00e9senteront. La concurrence est f\u00e9roce, j\u2019en suis conscient, et c\u2019est normal. \u00c7a fait partie du jeu. Mais c\u2019est ce qui permet, aussi, \u00e0 tout le monde de se tirer vers le haut et d\u2019\u00eatre tir\u00e9 vers le haut. Je vais donc faire tout ce que je peux pour arriver au maximum de mes capacit\u00e9s et apporter dans le profil qui est le mien.<\/p>\n","protected":false},"excerpt":{"rendered":"L\u2019ailier du RCT et du XV de France ne cache ses ambitions\u00a0: faire mieux que la saison derni\u00e8re.&hellip;\n","protected":false},"author":2,"featured_media":364922,"comment_status":"","ping_status":"","sticky":false,"template":"","format":"standard","meta":{"footnotes":""},"categories":[9619],"tags":[1111,11,1777,674,1011,27,12,882,3461,25,10405,2310],"class_list":{"0":"post-364921","1":"post","2":"type-post","3":"status-publish","4":"format-standard","5":"has-post-thumbnail","7":"category-toulon","8":"tag-actu","9":"tag-actualites","10":"tag-eu","11":"tag-europe","12":"tag-fr","13":"tag-france","14":"tag-news","15":"tag-provence-alpes-cote-dazur","16":"tag-rct","17":"tag-republique-francaise","18":"tag-rugby-club-toulonnais","19":"tag-toulon"},"share_on_mastodon":{"url":"https:\/\/pubeurope.com\/@fr\/115144344473472717","error":""},"_links":{"self":[{"href":"https:\/\/www.europesays.com\/fr\/wp-json\/wp\/v2\/posts\/364921","targetHints":{"allow":["GET"]}}],"collection":[{"href":"https:\/\/www.europesays.com\/fr\/wp-json\/wp\/v2\/posts"}],"about":[{"href":"https:\/\/www.europesays.com\/fr\/wp-json\/wp\/v2\/types\/post"}],"author":[{"embeddable":true,"href":"https:\/\/www.europesays.com\/fr\/wp-json\/wp\/v2\/users\/2"}],"replies":[{"embeddable":true,"href":"https:\/\/www.europesays.com\/fr\/wp-json\/wp\/v2\/comments?post=364921"}],"version-history":[{"count":0,"href":"https:\/\/www.europesays.com\/fr\/wp-json\/wp\/v2\/posts\/364921\/revisions"}],"wp:featuredmedia":[{"embeddable":true,"href":"https:\/\/www.europesays.com\/fr\/wp-json\/wp\/v2\/media\/364922"}],"wp:attachment":[{"href":"https:\/\/www.europesays.com\/fr\/wp-json\/wp\/v2\/media?parent=364921"}],"wp:term":[{"taxonomy":"category","embeddable":true,"href":"https:\/\/www.europesays.com\/fr\/wp-json\/wp\/v2\/categories?post=364921"},{"taxonomy":"post_tag","embeddable":true,"href":"https:\/\/www.europesays.com\/fr\/wp-json\/wp\/v2\/tags?post=364921"}],"curies":[{"name":"wp","href":"https:\/\/api.w.org\/{rel}","templated":true}]}}