{"id":364923,"date":"2025-09-04T05:20:10","date_gmt":"2025-09-04T05:20:10","guid":{"rendered":"https:\/\/www.europesays.com\/fr\/364923\/"},"modified":"2025-09-04T05:20:10","modified_gmt":"2025-09-04T05:20:10","slug":"un-coup-denvoi-exceptionnel-et-un-concert-deja-sold-out","status":"publish","type":"post","link":"https:\/\/www.europesays.com\/fr\/364923\/","title":{"rendered":"un coup d\u2019envoi exceptionnel et un concert d\u00e9j\u00e0 \u00ab sold out \u00bb\u00a0"},"content":{"rendered":"<p>Le monde du stream revient du <b>5 au 7 septembre 2025<\/b> pour une \u00e9dition tr\u00e8s attendue. Organis\u00e9 par le streamer montpelli\u00e9rain <b>ZeratoR<\/b>, ce week-end caritatif r\u00e9unira des dizaines de cr\u00e9ateurs de contenu sur Twitch pour plus de <strong>50 heures de liv<\/strong>e, avec l\u2019objectif de soutenir des associations engag\u00e9es aupr\u00e8s des patients et de leurs aidants. Le coup d\u2019envoi sera donn\u00e9 d\u00e8s le jeudi soir avec un concert qui promet d\u2019\u00eatre m\u00e9morable.<\/p>\n<p>Un line-up d\u2019artistes incroyables pour un concert solidaire<\/p>\n<p>Pour lancer les festivit\u00e9s en beaut\u00e9, le <b>Z\u00e9nith de Montpellier<\/b> accueillera ce <b>jeudi 4 septembre<\/b> une soir\u00e9e musicale unique. Malheureusement pour les retardataires, le concert est d\u00e9j\u00e0 <b>complet<\/b>. L\u2019ouverture de la billetterie le 30 juillet \u00e0 20h a vu les places s\u2019\u00e9couler en un temps record. Le public pr\u00e9sent aura la chance de voir sur sc\u00e8ne IAM, Alonzo, Carbonne, l\u2019Orchestre Curieux en featuring avec Clair Obscur: Expedition 33 (par Alice Duport-Percier &amp; Lorien Testard) et avec Marianne &amp; PV Nova.<\/p>\n<p>Un marathon de solidarit\u00e9 sur Twitch<\/p>\n<p>Apr\u00e8s ce coup d\u2019envoi festif, le ZEVENT prendra ses quartiers sur Twitch d\u00e8s le <b>vendredi 5 septembre \u00e0 18h<\/b>. Pendant plus de <b>50 heures cons\u00e9cutives<\/b>, jusqu\u2019au dimanche 7 septembre \u00e0 minuit, plus de <b>50 streamers<\/b> seront r\u00e9unis sur place, tandis que de nombreux autres participeront \u00e0 distance. Ensemble, ils animeront ce marathon caritatif devenu un rendez-vous incontournable de la rentr\u00e9e.<\/p>\n<p>Depuis sa cr\u00e9ation en 2016, le ZEVENT a permis de r\u00e9colter plus de <b>40 millions d\u2019euros<\/b>, rassemblant chaque ann\u00e9e des centaines de milliers de spectateurs autour d\u2019un m\u00eame objectif : la g\u00e9n\u00e9rosit\u00e9.<\/p>\n<p>Cette ann\u00e9e, les dons seront revers\u00e9s \u00e0 <b>huit associations<\/b> \u0153uvrant dans le domaine hospitalier, aupr\u00e8s des patients, des enfants et du personnel soignant. Les associations b\u00e9n\u00e9ficiaires sont : la <b>Ligue contre le cancer<\/b>, l\u2019<b>Association Fran\u00e7aise des aidants<\/b>, <b>HELEBOR<\/b>, <b>Nightline<\/b>, <b>L\u2019ENVOL<\/b>, <b>Sourire \u00e0 la Vie<\/b>, <b>Le Rire M\u00e9decin<\/b> et <b>Sparadrap<\/b>.<\/p>\n<p>Les fans de l\u2019\u00e9v\u00e9nement pourront suivre l\u2019int\u00e9gralit\u00e9 des streams sur les cha\u00eenes Twitch des participants, tandis que la cha\u00eene du ZEVENT proposera un flux principal pour ne rien manquer de l\u2019action.<\/p>\n<blockquote class=\"instagram-media\" style=\"background: #FFF; border: 0; border-radius: 3px; box-shadow: 0 0 1px 0 rgba(0,0,0,0.5),0 1px 10px 0 rgba(0,0,0,0.15); margin: 1px; max-width: 540px; min-width: 326px; padding: 0; width: calc(100% - 2px);\" data-instgrm-captioned=\"\" data-instgrm-permalink=\"https:\/\/www.instagram.com\/p\/DM6HVbso7Lh\/?utm_source=ig_embed&amp;utm_campaign=loading\" data-instgrm-version=\"14\">\n<\/blockquote>\n<p>\t\t\t\t\t\t\t\t\t\t\t\t\t\t\t<script async src=\"\/\/www.instagram.com\/embed.js\"><\/script><\/p>\n","protected":false},"excerpt":{"rendered":"Le monde du stream revient du 5 au 7 septembre 2025 pour une \u00e9dition tr\u00e8s attendue. Organis\u00e9 par&hellip;\n","protected":false},"author":2,"featured_media":288130,"comment_status":"","ping_status":"","sticky":false,"template":"","format":"standard","meta":{"footnotes":""},"categories":[9599],"tags":[1111,11,1777,674,1011,27,2208,12,2680,25],"class_list":{"0":"post-364923","1":"post","2":"type-post","3":"status-publish","4":"format-standard","5":"has-post-thumbnail","7":"category-montpellier","8":"tag-actu","9":"tag-actualites","10":"tag-eu","11":"tag-europe","12":"tag-fr","13":"tag-france","14":"tag-montpellier","15":"tag-news","16":"tag-occitanie","17":"tag-republique-francaise"},"share_on_mastodon":{"url":"https:\/\/pubeurope.com\/@fr\/115144348303966284","error":""},"_links":{"self":[{"href":"https:\/\/www.europesays.com\/fr\/wp-json\/wp\/v2\/posts\/364923","targetHints":{"allow":["GET"]}}],"collection":[{"href":"https:\/\/www.europesays.com\/fr\/wp-json\/wp\/v2\/posts"}],"about":[{"href":"https:\/\/www.europesays.com\/fr\/wp-json\/wp\/v2\/types\/post"}],"author":[{"embeddable":true,"href":"https:\/\/www.europesays.com\/fr\/wp-json\/wp\/v2\/users\/2"}],"replies":[{"embeddable":true,"href":"https:\/\/www.europesays.com\/fr\/wp-json\/wp\/v2\/comments?post=364923"}],"version-history":[{"count":0,"href":"https:\/\/www.europesays.com\/fr\/wp-json\/wp\/v2\/posts\/364923\/revisions"}],"wp:featuredmedia":[{"embeddable":true,"href":"https:\/\/www.europesays.com\/fr\/wp-json\/wp\/v2\/media\/288130"}],"wp:attachment":[{"href":"https:\/\/www.europesays.com\/fr\/wp-json\/wp\/v2\/media?parent=364923"}],"wp:term":[{"taxonomy":"category","embeddable":true,"href":"https:\/\/www.europesays.com\/fr\/wp-json\/wp\/v2\/categories?post=364923"},{"taxonomy":"post_tag","embeddable":true,"href":"https:\/\/www.europesays.com\/fr\/wp-json\/wp\/v2\/tags?post=364923"}],"curies":[{"name":"wp","href":"https:\/\/api.w.org\/{rel}","templated":true}]}}