{"id":364924,"date":"2025-09-04T05:21:14","date_gmt":"2025-09-04T05:21:14","guid":{"rendered":"https:\/\/www.europesays.com\/fr\/364924\/"},"modified":"2025-09-04T05:21:14","modified_gmt":"2025-09-04T05:21:14","slug":"crise-du-logement-a-montpellier-des-etudiants-entre-angoisse-et-plans-de-derniere-minute","status":"publish","type":"post","link":"https:\/\/www.europesays.com\/fr\/364924\/","title":{"rendered":"Crise du logement \u00e0 Montpellier\u00a0: des \u00e9tudiants entre angoisse et plans de derni\u00e8re minute"},"content":{"rendered":"<p>\n                                                                Ils sont encore nombreux, sans toit, \u00e0 se d\u00e9battre avec le peu d\u2019offres disponibles dans une ville \u00e9tudiante toujours plus pl\u00e9biscit\u00e9e.\n                            <\/p>\n<p>\u00ab\u00a0Urgent, je cherche un studio ou une chambre. Je lance une bouteille \u00e0 la mer\u00a0\u00bb; \u00ab\u00a0Nous sommes deux et nous n\u2019avons pas de logement alors que la rentr\u00e9e approche. Help\u00a0!\u00a0\u00bb, \u00ab\u00a0Je recherche une chambre tr\u00e8s urgemment, disponible imm\u00e9diatement pour les visites\u00a0\u00bb\u2026<\/p>\n<p>\u00ab\u00a0Elle ne va quand m\u00eame pas dormir dans le camping-car\u00a0!\u00a0\u00bb<\/p>\n<p>En pleine rentr\u00e9e universitaire \u00e0 Montpellier, les messages inquiets tombent en cascade sur les r\u00e9seaux sociaux. Et le son de cloche n\u2019\u00e9tait pas diff\u00e9rent ce mardi 3\u00a0septembre au domaine de Pierresvives, dans les all\u00e9es de la\u00a0<a href=\"https:\/\/www.midilibre.fr\/2025\/09\/02\/rentree-2025-journee-speciale-ce-mercredi-pour-les-jeunes-toujours-a-la-recherche-dun-logement-a-montpellier-12906040.php\" target=\"_blank\" rel=\"nofollow noopener\">13e Journ\u00e9e Logement<\/a> organis\u00e9e par le D\u00e9partement. \u00c0 l\u2019instar de celui livr\u00e9 par Lucie et sa famille, venus d\u2019Uz\u00e8s pour trouver un appartement et encore un peu sonn\u00e9es\u00a0par le manque de solution.<\/p>\n<p>Solutions de derni\u00e8re minute<\/p>\n<p>\u00ab\u00a0Je suis boursi\u00e8re mais aucune de mes demandes aupr\u00e8s du Crous n\u2019a\u00a0\u00e9t\u00e9 accept\u00e9e. Du coup, c\u2019est l\u2019impasse, le syst\u00e8me D et forc\u00e9ment du stress en plus\u00a0\u00bb, indique l\u2019\u00e9tudiante en premi\u00e8re ann\u00e9e \u00e0 l\u2019Universit\u00e9 Paul Val\u00e9ry, qui a fait sa rentr\u00e9e ce lundi et \u00ab\u00a0squatte\u00a0\u00bb temporairement chez une amie. \u00ab\u00a0On ne s\u2019attendait pas \u00e0 une telle gal\u00e8re\u00a0! On sait que l\u2019on vise les quartiers les plus demand\u00e9s mais on veut aussi que l\u2019int\u00e9gration dans cette nouvelle ville soit la plus facile possible pour notre fille\u00a0\u00bb, confie St\u00e9phane, le p\u00e8re. \u00ab\u00a0On explore toutes les pistes. On s\u2019est m\u00eame pos\u00e9 la question d\u2019acheter\u00a0un appartement. Mais ce n\u2019est pas possible. On ne va quand m\u00eame pas demander le camping-car du grand-p\u00e8re\u00a0!\u00a0\u00bb<\/p>\n<p>\u00ab\u00a0C\u2019est de plus en plus tendu\u00a0\u00bb<\/p>\n<p>En face, Jamila Baron ne conna\u00eet que trop bien la probl\u00e9matique. Pas nouvelle, mais malheureusement pas en voie de se r\u00e9sorber malgr\u00e9 les projets en cours (lire par ailleurs). \u00ab\u00a0C\u2019est de plus en plus tendu, notamment pour ceux qui n\u2019ont eu que tardivement leurs affectations. Le Crous ne peut pas loger tous les boursiers et les places dans les r\u00e9sidences sociales sont limit\u00e9es. M\u00eame dans le secteur priv\u00e9, c\u2019est compliqu\u00e9. Et avec des loyers \u00e0 plus de 600\u00a0\u20ac pour un studio, on a des jeunes qui se retrouvent dans des situations tr\u00e8s pr\u00e9caires. D\u2019autant que le nombre d\u2019\u00e9tudiants ne cesse d\u2019augmenter \u00e0 Montpellier\u00a0\u00bb, d\u00e9taille la charg\u00e9e de projet aupr\u00e8s du Centre R\u00e9gional Information Jeunesse (Crij). \u00c0 Montpellier, la population \u00e9tudiante a augment\u00e9 de plus de 20\u00a0% sur les dix derni\u00e8res ann\u00e9es.<\/p>\n<p>Attention aux arnaques<\/p>\n<p>Quelles options reste-t-il pour les naufrag\u00e9s du logement \u00e9tudiant\u00a0? \u00ab\u00a0Ne pas baisser les bras\u00a0et se m\u00e9fier des arnaques, plaide Jamila Baron. Il y a des jeunes qui abandonnent leurs \u00e9tudes, d\u2019autres qui partent en stage. \u00c7a cr\u00e9e forc\u00e9ment du mouvement. Mais surtout, ne jamais payer pour r\u00e9server un logement et toujours visiter avant d\u2019accepter quoi que ce soit.\u00a0Des familles qui sont abus\u00e9es et qui versent un mandat cash pour bloquer une location, c\u2019est plus fr\u00e9quent que ce que l\u2019on pense\u00a0\u00bb. Ce mercredi, le Crous Montpellier nous indiquait disposer encore de quelques chambres de 9,5m\u00b2 dans ses r\u00e9sidences montpelli\u00e9raines, et remettre en permanence \u00e0 jour ses offres sur\u00a0<a href=\"https:\/\/trouverunlogement.lescrous.fr\/\" target=\"_blank\" rel=\"nofollow noopener\">trouverunlogement.lescrous.fr<\/a>.<\/p>\n<p>\u00ab\u00a0Il faut que ceux qui cherchent encore acceptent que l\u2019appartement de cette ann\u00e9e ne soit peut-\u00eatre pas celui qu\u2019ils esp\u00e9raient, pr\u00e9vient Christian Marandon, \u00e0 la t\u00eate de l\u2019agence immobili\u00e8re sp\u00e9cialis\u00e9e Proby, implant\u00e9e depuis 40 ans dans le quartier H\u00f4pitaux Facult\u00e9s. Ce n\u2019est pas simple, mais il faut faire \u00e9voluer ses crit\u00e8res\u00a0\u00bb. G\u00e9ographiques, notamment. \u00ab\u00a0On voit arriver en septembre des \u00e9tudiants qui se replient sur les studios du bord de mer, \u00e0 Carnon et Palavas. Pour les propri\u00e9taires, c\u2019est une solution int\u00e9ressante en compl\u00e9ment de la location des vacances estivales\u00a0\u00bb, confirme l\u2019un de ses confr\u00e8res install\u00e9 sur le littoral. Et ce n\u2019est pas Claire qui dira le contraire. La retrait\u00e9e cherche toujours \u00e0 qui louer une chambre dans sa grande maison de Lav\u00e9rune. \u00ab\u00a0On me dit que c\u2019est trop loin de Montpellier. Pourtant il y a un bus et bient\u00f4t le Tram. Pour quelqu\u2019un qui est dans l\u2019urgence, c\u2019est une bonne solution de repli\u2026\u00a0\u00bb<\/p>\n<p>\u00a0<\/p>\n<p>    Des projets immobiliers sur la M\u00e9tropole<\/p>\n<p><strong>En chiffres.<\/strong> Que se soit dans le parc social ou priv\u00e9, plusieurs projets d\u2019ampleur sont en cours sur la M\u00e9tropole de Montpellier. La collectivit\u00e9 estime \u00e0 2500 le nombre de logements \u00e9tudiants qui sortiront de terre dans les trois ans, principalement le long des lignes de tramway. Parmi eux, la moiti\u00e9 appartiendra \u00e0 des bailleurs priv\u00e9s. Mais 200 nouveaux logements seront g\u00e9r\u00e9s par le Crous au sein de la cit\u00e9 universitaire Voie Domitienne, d\u00e8s la fin de l\u2019ann\u00e9e, et l\u2019am\u00e9nageur public Alt\u00e9med projette une nouvelle r\u00e9sidence \u00e0 Bagatelle en 2026. Avant deux autres, en\u00a02028 et\u00a02029.<\/p>\n","protected":false},"excerpt":{"rendered":"Ils sont encore nombreux, sans toit, \u00e0 se d\u00e9battre avec le peu d\u2019offres disponibles dans une ville \u00e9tudiante&hellip;\n","protected":false},"author":2,"featured_media":364925,"comment_status":"","ping_status":"","sticky":false,"template":"","format":"standard","meta":{"footnotes":""},"categories":[9599],"tags":[1111,11,1777,674,1011,27,2208,12,2680,25],"class_list":{"0":"post-364924","1":"post","2":"type-post","3":"status-publish","4":"format-standard","5":"has-post-thumbnail","7":"category-montpellier","8":"tag-actu","9":"tag-actualites","10":"tag-eu","11":"tag-europe","12":"tag-fr","13":"tag-france","14":"tag-montpellier","15":"tag-news","16":"tag-occitanie","17":"tag-republique-francaise"},"share_on_mastodon":{"url":"https:\/\/pubeurope.com\/@fr\/115144352534008530","error":""},"_links":{"self":[{"href":"https:\/\/www.europesays.com\/fr\/wp-json\/wp\/v2\/posts\/364924","targetHints":{"allow":["GET"]}}],"collection":[{"href":"https:\/\/www.europesays.com\/fr\/wp-json\/wp\/v2\/posts"}],"about":[{"href":"https:\/\/www.europesays.com\/fr\/wp-json\/wp\/v2\/types\/post"}],"author":[{"embeddable":true,"href":"https:\/\/www.europesays.com\/fr\/wp-json\/wp\/v2\/users\/2"}],"replies":[{"embeddable":true,"href":"https:\/\/www.europesays.com\/fr\/wp-json\/wp\/v2\/comments?post=364924"}],"version-history":[{"count":0,"href":"https:\/\/www.europesays.com\/fr\/wp-json\/wp\/v2\/posts\/364924\/revisions"}],"wp:featuredmedia":[{"embeddable":true,"href":"https:\/\/www.europesays.com\/fr\/wp-json\/wp\/v2\/media\/364925"}],"wp:attachment":[{"href":"https:\/\/www.europesays.com\/fr\/wp-json\/wp\/v2\/media?parent=364924"}],"wp:term":[{"taxonomy":"category","embeddable":true,"href":"https:\/\/www.europesays.com\/fr\/wp-json\/wp\/v2\/categories?post=364924"},{"taxonomy":"post_tag","embeddable":true,"href":"https:\/\/www.europesays.com\/fr\/wp-json\/wp\/v2\/tags?post=364924"}],"curies":[{"name":"wp","href":"https:\/\/api.w.org\/{rel}","templated":true}]}}