{"id":364928,"date":"2025-09-04T05:24:10","date_gmt":"2025-09-04T05:24:10","guid":{"rendered":"https:\/\/www.europesays.com\/fr\/364928\/"},"modified":"2025-09-04T05:24:10","modified_gmt":"2025-09-04T05:24:10","slug":"benzia-el-khoumisti-meyer-les-talents-foot-national-de-la-quatrieme-journee","status":"publish","type":"post","link":"https:\/\/www.europesays.com\/fr\/364928\/","title":{"rendered":"Benzia, El Khoumisti, Meyer, &#8230; les Talents Foot National de la quatri\u00e8me journ\u00e9e"},"content":{"rendered":"<p>Zapping Foot National Laure Boulleau : \u00ab J\u2019imagine une s\u00e9quence o\u00f9 Mbapp\u00e9 parle d\u2019un match des Bleues \u2026 \u00bb <\/p>\n<p>Les r\u00e9compenses sont tomb\u00e9es en National ! \u00c0 l&rsquo;issue de la <a href=\"https:\/\/www.foot-national.com\/data\/resultat-national.html\" rel=\"nofollow noopener\" target=\"_blank\">quatri\u00e8me journ\u00e9e<\/a> de la saison disput\u00e9e le vendredi 29 ao\u00fbt, les coachs de chaque \u00e9quipe ont, comme d&rsquo;habitude, vot\u00e9 en faveur du meilleur joueur adverse. Et \u00e0 ce petit jeu, deux joueurs se font particuli\u00e8rement remarquer. C&rsquo;est le cas du milieu de terrain du FC Rouen Mustapha Benzia, <a href=\"https:\/\/www.foot-national.com\/actus\/national-de-lasme-a-rocha-en-passant-par-benzia-pluie-de-bijoux-durant-la-quatrieme-journee-923152\" rel=\"nofollow noopener\" target=\"_blank\">auteur d&rsquo;un nouveau bijou lors de la folle victoire \u00e0 Valenciennes (3-2)<\/a>, et de <a href=\"https:\/\/www.foot-national.com\/actus\/national-el-khoumisti-lattaquant-qui-ne-sarrete-jamais-de-marquer-923148\" rel=\"nofollow noopener\" target=\"_blank\">Fahd El Khoumisti<\/a>, unique buteur de la victoire d&rsquo;Orl\u00e9ans \u00e0 Ch\u00e2teauroux (1-0). Les deux \u00e9l\u00e9ments bien connus de la division ont r\u00e9colt\u00e9 leurs troisi\u00e8mes Talents respectifs depuis le coup d&rsquo;envoi de l&rsquo;exercice. Pour le reste, d\u00e9couvrez l&rsquo;int\u00e9gralit\u00e9 des r\u00e9compens\u00e9s de la quatri\u00e8me journ\u00e9e de N1 ci-dessous.<\/p>\n<p>Les Talents Foot-National de la 4e journ\u00e9e<\/p>\n<p>Aubagne &#8211; Concarneau <a href=\"https:\/\/www.foot-national.com\/data\/match-foot-aubagne-concarneau-426055.html\" rel=\"nofollow noopener\" target=\"_blank\">1 &#8211; 1<\/a><br \/>Talents :\u00a0<a href=\"https:\/\/www.foot-national.com\/data\/22562-joueur-football-Nehari-Mohamed.html\" rel=\"nofollow noopener\" target=\"_blank\">Mohamed Nehari<\/a>,\u00a0<a href=\"https:\/\/www.foot-national.com\/data\/38741-joueur-football-Tutu-Gabriel.html\" rel=\"nofollow noopener\" target=\"_blank\">Gabriel Tutu<\/a><\/p>\n<p>Dijon &#8211; Paris 13 Atletico <a href=\"https:\/\/www.foot-national.com\/data\/match-foot-dijon-paris-13-atletico-426059.html\" rel=\"nofollow noopener\" target=\"_blank\">4 &#8211; 2<\/a><br \/>Talents :\u00a0<a href=\"https:\/\/www.foot-national.com\/data\/9570-joueur-football-Marie-Jordan.html\" rel=\"nofollow noopener\" target=\"_blank\">Jordan Mari\u00e9<\/a>, <a href=\"https:\/\/www.foot-national.com\/data\/42513-joueur-football-Bernardio-Nicolas.html\" rel=\"nofollow noopener\" target=\"_blank\">Nicolas Bernardi\u00f1o<\/a><\/p>\n<p>Chateauroux &#8211; Orl\u00e9ans <a href=\"https:\/\/www.foot-national.com\/data\/match-foot-chateauroux-orleans-426063.html\" rel=\"nofollow noopener\" target=\"_blank\">0 &#8211; 1<\/a><br \/>Talents : <a href=\"https:\/\/www.foot-national.com\/data\/26483-joueur-football-Dembele-Samba.html\" rel=\"nofollow noopener\" target=\"_blank\">Samba Dembele<\/a>,\u00a0<a href=\"https:\/\/www.foot-national.com\/data\/21619-joueur-football-El-Khoumisti-Fahd.html\" rel=\"nofollow noopener\" target=\"_blank\">Fahd El Khoumisti<\/a><\/p>\n<p>Fleury FC 91 &#8211; Caen SM <a href=\"https:\/\/www.foot-national.com\/data\/match-foot-fleury-fc-91-caen-sm-426067.html\" rel=\"nofollow noopener\" target=\"_blank\">1 &#8211; 2<\/a><br \/>Talents : <a href=\"https:\/\/www.foot-national.com\/data\/21718-joueur-football-Le-Mehaute-Yoann.html\" rel=\"nofollow noopener\" target=\"_blank\">Yoann Le Mehaute<\/a>,\u00a0<a href=\"https:\/\/www.foot-national.com\/data\/26864-joueur-football-Rajot-Lorenzo.html\" rel=\"nofollow noopener\" target=\"_blank\">Lorenzo Rajot<\/a><\/p>\n<p>Le Puy &#8211; Bourg-en-Bresse Peronnas <a href=\"https:\/\/www.foot-national.com\/data\/match-foot-le-puy-bourg-en-bresse-peronnas-426071.html\" rel=\"nofollow noopener\" target=\"_blank\">1 &#8211; 1<\/a><br \/>Talents :\u00a0<a href=\"https:\/\/www.foot-national.com\/data\/36110-joueur-football-Ghalem-Thomas.html\" rel=\"nofollow noopener\" target=\"_blank\">Thomas Ghalem<\/a>,\u00a0<a href=\"https:\/\/www.foot-national.com\/data\/37211-joueur-football-Meyer-Jules.html\" rel=\"nofollow noopener\" target=\"_blank\">Jules Meyer<\/a><\/p>\n<p>Sochaux &#8211; Saint Brieuc <a href=\"https:\/\/www.foot-national.com\/data\/match-foot-sochaux-saint-brieuc-426075.html\" rel=\"nofollow noopener\" target=\"_blank\">2 &#8211; 0<\/a><br \/>Talents :\u00a0<a href=\"https:\/\/www.foot-national.com\/data\/35480-joueur-football-Boutoutaou-Aymen.html\" rel=\"nofollow noopener\" target=\"_blank\">Aymen Boutoutaou<\/a>, <a href=\"https:\/\/www.foot-national.com\/data\/3262-joueur-football-L-Hostis-Franck.html\" rel=\"nofollow noopener\" target=\"_blank\">Franck L&rsquo;Hostis<\/a><a title=\"Statistiques du match\" href=\"https:\/\/www.foot-national.com\/data\/match-foot-qrm-ac-ajaccio-426079.html\" rel=\"nofollow noopener\" target=\"_blank\"><img decoding=\"async\" src=\"https:\/\/www.foot-national.com\/actus\/img\/statis.png\" alt=\"\"\/><\/a><\/p>\n<p>Valenciennes &#8211; Rouen <a href=\"https:\/\/www.foot-national.com\/data\/match-foot-valenciennes-rouen-426083.html\" rel=\"nofollow noopener\" target=\"_blank\">2 &#8211; 3<\/a><br \/>Talents :\u00a0<a href=\"https:\/\/www.foot-national.com\/data\/41755-joueur-football-Raheriniaina-El-Hadary.html\" rel=\"nofollow noopener\" target=\"_blank\">El Hadary Raheriniaina<\/a>, <a href=\"https:\/\/www.foot-national.com\/data\/27923-joueur-football-Benzia-Mustapha.html\" rel=\"nofollow noopener\" target=\"_blank\">Mustapha Benzia<\/a><\/p>\n<p>Versailles &#8211; Villefranche (report\u00e9)<\/p>\n<p>Rappel<\/p>\n<p>Apr\u00e8s chaque match, Foot-National.com le site du foot amateur et semi-pro depuis 2001, sonde les entra\u00eeneurs. Chaque entraineur s\u00e9lectionne le joueur de l&rsquo;\u00e9quipe adverse qui lui a fait la meilleure impression lors de leur confrontation. Chaque joueur nomm\u00e9 marque 1 point. Celui qui comptabilise le plus de points \u00e0 la fin du championnat est \u00e9lu meilleur joueur de son championnat. Un joueur expuls\u00e9 ne peut \u00eatre cit\u00e9.<\/p>\n<p>Rejoignez la page Facebook des <a href=\"https:\/\/www.facebook.com\/Les-Talents-Foot-National-234872636557364\/\" target=\"_blank\" rel=\"noopener nofollow\">Talents Foot-National<\/a><\/p>\n<p>Donnez de la visibilit\u00e9 \u00e0 votre profil en <a href=\"https:\/\/www.foot-national.com\/pro\/annonces-foot-inscription.html\" target=\"_blank\" rel=\"noopener nofollow\">cr\u00e9ant votre CV PRO Foot National (29\u20ac\/an)<\/a><\/p>\n<p><a href=\"https:\/\/www.foot-national.com\/data\/talents-foot-national.html\" rel=\"nofollow noopener\" target=\"_blank\">Classement des talents Foot national<\/a><\/p>\n<p>Partagez cette info avec vos amis et vos proches en cliquant ici<br \/>Pour r\u00e9sumer<\/p>\n<p>Les r\u00e9compenses sont tomb\u00e9es en National ! \u00c0 l&rsquo;issue de la quatri\u00e8me journ\u00e9e de la saison disput\u00e9e le vendredi 29 ao\u00fbt, les coachs de chaque \u00e9quipe ont, comme d&rsquo;habitude, vot\u00e9 en faveur du meilleur joueur adverse. Et \u00e0 ce petit jeu, deux joueurs se font particuli\u00e8rement remarquer.<\/p>\n<p> <img decoding=\"async\" width=\"76\" height=\"76\" loading=\"lazy\" src=\"https:\/\/www.europesays.com\/fr\/wp-content\/uploads\/2025\/04\/logo-florian-sermaise.jpg\" alt=\"Florian Sermaise\"\/><\/p>\n","protected":false},"excerpt":{"rendered":"Zapping Foot National Laure Boulleau : \u00ab J\u2019imagine une s\u00e9quence o\u00f9 Mbapp\u00e9 parle d\u2019un match des Bleues \u2026&hellip;\n","protected":false},"author":2,"featured_media":364929,"comment_status":"","ping_status":"","sticky":false,"template":"","format":"standard","meta":{"footnotes":""},"categories":[9587],"tags":[1111,11,1777,674,1011,27,12,5161,25,9590],"class_list":{"0":"post-364928","1":"post","2":"type-post","3":"status-publish","4":"format-standard","5":"has-post-thumbnail","7":"category-rouen","8":"tag-actu","9":"tag-actualites","10":"tag-eu","11":"tag-europe","12":"tag-fr","13":"tag-france","14":"tag-news","15":"tag-normandie","16":"tag-republique-francaise","17":"tag-rouen"},"share_on_mastodon":{"url":"https:\/\/pubeurope.com\/@fr\/115144364204627925","error":""},"_links":{"self":[{"href":"https:\/\/www.europesays.com\/fr\/wp-json\/wp\/v2\/posts\/364928","targetHints":{"allow":["GET"]}}],"collection":[{"href":"https:\/\/www.europesays.com\/fr\/wp-json\/wp\/v2\/posts"}],"about":[{"href":"https:\/\/www.europesays.com\/fr\/wp-json\/wp\/v2\/types\/post"}],"author":[{"embeddable":true,"href":"https:\/\/www.europesays.com\/fr\/wp-json\/wp\/v2\/users\/2"}],"replies":[{"embeddable":true,"href":"https:\/\/www.europesays.com\/fr\/wp-json\/wp\/v2\/comments?post=364928"}],"version-history":[{"count":0,"href":"https:\/\/www.europesays.com\/fr\/wp-json\/wp\/v2\/posts\/364928\/revisions"}],"wp:featuredmedia":[{"embeddable":true,"href":"https:\/\/www.europesays.com\/fr\/wp-json\/wp\/v2\/media\/364929"}],"wp:attachment":[{"href":"https:\/\/www.europesays.com\/fr\/wp-json\/wp\/v2\/media?parent=364928"}],"wp:term":[{"taxonomy":"category","embeddable":true,"href":"https:\/\/www.europesays.com\/fr\/wp-json\/wp\/v2\/categories?post=364928"},{"taxonomy":"post_tag","embeddable":true,"href":"https:\/\/www.europesays.com\/fr\/wp-json\/wp\/v2\/tags?post=364928"}],"curies":[{"name":"wp","href":"https:\/\/api.w.org\/{rel}","templated":true}]}}