{"id":364932,"date":"2025-09-04T05:26:12","date_gmt":"2025-09-04T05:26:12","guid":{"rendered":"https:\/\/www.europesays.com\/fr\/364932\/"},"modified":"2025-09-04T05:26:12","modified_gmt":"2025-09-04T05:26:12","slug":"rugby-pro-d2-grenoble-et-colomiers-ont-loccasion-de-confirmer-a-domicile","status":"publish","type":"post","link":"https:\/\/www.europesays.com\/fr\/364932\/","title":{"rendered":"Rugby (Pro D2)\u00a0: Grenoble et Colomiers ont l\u2019occasion de confirmer \u00e0 domicile"},"content":{"rendered":"<p>Vannes va tenter d\u2019aller chercher sa premi\u00e8re victoire de la saison vendredi en cl\u00f4ture de la deuxi\u00e8me journ\u00e9e de Pro D2, o\u00f9 Grenoble et Colomiers ont l\u2019occasion de confirmer leur premi\u00e8re victoire \u00e0 l\u2019ext\u00e9rieur.<\/p>\n<p>Les Bretons, rel\u00e9gu\u00e9s de Top 14 la saison pass\u00e9e et favoris \u00e0 la remont\u00e9e, ont ramen\u00e9 les deux points du match nul \u00e0 Brive (30-30), deuxi\u00e8me la saison pass\u00e9e et concurrent aux premi\u00e8res places.<\/p>\n<p>    La r\u00e9daction vous conseille<\/p>\n<p>Pour leur retour \u00e0 La Rabine, ils affrontent le SA XV qui a remport\u00e9 son premier match contre Provence Rugby (28-25).<\/p>\n<p>Une victoire leur est n\u00e9cessaire pour ne pas voir filer le premier wagon de t\u00eate. Finaliste malheureux la saison pass\u00e9e, Grenoble a commenc\u00e9 fort en allant s\u2019imposer apr\u00e8s la sir\u00e8ne \u00e0 Oyonnax (30-28).<\/p>\n<p>Colomiers, autre \u00e9quipe qui a fini dans le haut du panier la saison pass\u00e9e, a aussi l\u2019occasion de faire la passe de deux en recevant Biarritz en ouverture de cette journ\u00e9e jeudi, apr\u00e8s sa victoire \u00e0 Mont-de-Marsan (24-20) lors de la premi\u00e8re journ\u00e9e.<\/p>\n<p>Biarritz, \u00e9galement vainqueur lors de la premi\u00e8re journ\u00e9e, contre B\u00e9ziers, ne compte cependant que deux unit\u00e9s en raison d\u2019une sanction extra-sportive lui ayant fait commencer la saison avec un handicap de trois points.<\/p>\n<p>Dans le bas du tableau, apr\u00e8s leur lourde d\u00e9faite \u00e0 l\u2019ext\u00e9rieur lors de la premi\u00e8re journ\u00e9e, Agen, avant-dernier la saison pass\u00e9e et Carcassonne, promu, vont tenter de lancer leur saison contre respectivement Oyonnax et Mont-de-Marsan.<\/p>\n","protected":false},"excerpt":{"rendered":"Vannes va tenter d\u2019aller chercher sa premi\u00e8re victoire de la saison vendredi en cl\u00f4ture de la deuxi\u00e8me journ\u00e9e&hellip;\n","protected":false},"author":2,"featured_media":364933,"comment_status":"","ping_status":"","sticky":false,"template":"","format":"standard","meta":{"footnotes":""},"categories":[9566],"tags":[1111,11,2430,1777,674,1011,27,2731,12,25],"class_list":{"0":"post-364932","1":"post","2":"type-post","3":"status-publish","4":"format-standard","5":"has-post-thumbnail","7":"category-grenoble","8":"tag-actu","9":"tag-actualites","10":"tag-auvergne-rhone-alpes","11":"tag-eu","12":"tag-europe","13":"tag-fr","14":"tag-france","15":"tag-grenoble","16":"tag-news","17":"tag-republique-francaise"},"share_on_mastodon":{"url":"https:\/\/pubeurope.com\/@fr\/115144371949515705","error":""},"_links":{"self":[{"href":"https:\/\/www.europesays.com\/fr\/wp-json\/wp\/v2\/posts\/364932","targetHints":{"allow":["GET"]}}],"collection":[{"href":"https:\/\/www.europesays.com\/fr\/wp-json\/wp\/v2\/posts"}],"about":[{"href":"https:\/\/www.europesays.com\/fr\/wp-json\/wp\/v2\/types\/post"}],"author":[{"embeddable":true,"href":"https:\/\/www.europesays.com\/fr\/wp-json\/wp\/v2\/users\/2"}],"replies":[{"embeddable":true,"href":"https:\/\/www.europesays.com\/fr\/wp-json\/wp\/v2\/comments?post=364932"}],"version-history":[{"count":0,"href":"https:\/\/www.europesays.com\/fr\/wp-json\/wp\/v2\/posts\/364932\/revisions"}],"wp:featuredmedia":[{"embeddable":true,"href":"https:\/\/www.europesays.com\/fr\/wp-json\/wp\/v2\/media\/364933"}],"wp:attachment":[{"href":"https:\/\/www.europesays.com\/fr\/wp-json\/wp\/v2\/media?parent=364932"}],"wp:term":[{"taxonomy":"category","embeddable":true,"href":"https:\/\/www.europesays.com\/fr\/wp-json\/wp\/v2\/categories?post=364932"},{"taxonomy":"post_tag","embeddable":true,"href":"https:\/\/www.europesays.com\/fr\/wp-json\/wp\/v2\/tags?post=364932"}],"curies":[{"name":"wp","href":"https:\/\/api.w.org\/{rel}","templated":true}]}}