{"id":364934,"date":"2025-09-04T05:27:09","date_gmt":"2025-09-04T05:27:09","guid":{"rendered":"https:\/\/www.europesays.com\/fr\/364934\/"},"modified":"2025-09-04T05:27:09","modified_gmt":"2025-09-04T05:27:09","slug":"ateliers-defiles-degustations-la-nouvelle-edition-des-rues-vivantes-arrive-bientot-a-rennes","status":"publish","type":"post","link":"https:\/\/www.europesays.com\/fr\/364934\/","title":{"rendered":"Ateliers, d\u00e9fil\u00e9s, d\u00e9gustations\u2026 La nouvelle \u00e9dition des Rues vivantes arrive bient\u00f4t \u00e0 Rennes"},"content":{"rendered":"<p>            Par<br \/>\n        <strong><br \/>\n            <a href=\"https:\/\/actu.fr\/auteur\/laurene-fertin\" title=\"Consulter tous les articles de Laur\u00e8ne Fertin\" rel=\"nofollow noopener\" target=\"_blank\">Laur\u00e8ne Fertin<\/a><br \/>\n        <\/strong><\/p>\n<p>        Publi\u00e9 le<\/p>\n<p>            4 sept. 2025 \u00e0 6h32        <\/p>\n<p>\u00ab\u2009F\u00eate\u2009\u00bb, \u00ab\u2009convivialit\u00e9\u2009\u00bb, \u00ab\u2009partage\u2009\u00bb\u2009: <strong>le festival des Rues vivantes<\/strong> fait son retour pour la 7\u1d49 \u00e9dition, <strong>le samedi 27\u00a0septembre<\/strong> prochain.<\/p>\n<p class=\" wall-content\">L\u2019\u00e9v\u00e9nement, qui a pour ambition chaque ann\u00e9e de faire vivre le centre-ville \u00ab\u2009autrement\u2009\u00bb, est organis\u00e9 par <strong>le Carr\u00e9 rennais<\/strong>, r\u00e9seau du commerce et de l\u2019artisanat \u00e0 Rennes.<\/p>\n<p>Plus de 100 animations<\/p>\n<p class=\" wall-content\">\u00ab\u2009Cette ann\u00e9e, il y a aura <strong>un peu plus de 100 animations<\/strong> pour cette \u00e9dition regroup\u00e9e sur une journ\u00e9e\u2009\u00bb, indique Laurence Taillandier, pr\u00e9sidente du Carr\u00e9 rennais.<\/p>\n<p class=\" wall-content\">Comme chaque ann\u00e9e, celles-ci changent. <strong>Les commer\u00e7ants,<\/strong> \u00ab\u2009toujours motiv\u00e9s\u2009\u00bb, ont libre cours \u00e0 leur imagination pour proposer aux clients et clients <strong>une nouvelle fa\u00e7on de d\u00e9couvrir leur boutique.<\/strong><\/p>\n<p class=\" wall-content\">Pour ce nouvel \u00e9v\u00e9nement, l\u2019accent a notamment \u00e9t\u00e9 mis sur <strong>les loisirs cr\u00e9atifs<\/strong>\u2009: ateliers d\u00e9couverte de cosm\u00e9tiques naturels, d\u00e9couverte de la c\u00e9ramique\u2026 \u00ab\u2009Des ateliers DIY (Do it yoursel)\u2009\u00bb, pr\u00e9cise Lucie Leclerc, charg\u00e9e de mission et de projet au sein du Carr\u00e9 rennais.<\/p>\n<p class=\" wall-content\">Mais pas que, on trouvera \u00e9galement\u2009:<\/p>\n<ul class=\" wall-content\">\n<li><strong>Un d\u00e9fil\u00e9 de mode<\/strong> dans la ville \u00e0 11h, 14h et 17h avec Orajane\u2009;<\/li>\n<li>Un d\u00e9file de mode <strong>seconde main<\/strong> \u00e0 16h avec La vague friperie\u2009;<\/li>\n<li>Le magasin Ki-Kazh accueillera <strong>une comportementaliste pour chiens et chats<\/strong> de 13h \u00e0 18h\u2009;<\/li>\n<li>Un jeu-concours pour gagner un go\u00fbter chez les Trois Marguerites (toute la journ\u00e9e).<\/li>\n<\/ul>\n<p>Votre r\u00e9gion, votre actu !<\/p>\n<p>Recevez chaque jour les infos qui comptent pour vous.<\/p>\n<p>\t<a href=\"https:\/\/actu.fr\/newsletter\" class=\"ac-btn ac-btn--corner ac-btn--medium ac-btn--blue800\" rel=\"nofollow noopener\" target=\"_blank\">S&rsquo;incrire<\/a><\/p>\n<p class=\" wall-content\">Pour retrouver <strong>le programme complet,<\/strong> c\u2019est <a href=\"https:\/\/www.carrerennais.fr\/evenements\/\" rel=\"nofollow noopener\" target=\"_blank\">ici<\/a>.<\/p>\n<p>Les transports gratuits<\/p>\n<p class=\" wall-content\">Pour cette journ\u00e9e du samedi 27\u00a0septembre, les transports seront gratuits \u00e0 Rennes <strong>(bus<\/strong> et <strong>m\u00e9tro).<\/strong><\/p>\n<p>Samedi 27 septembre 2025, Rues vivantes, de 10h \u00e0 19h, dans le centre-ville de Rennes.<\/p>\n<p class=\" wall-content\">Personnalisez votre actualit\u00e9 en ajoutant vos villes et m\u00e9dias en favori avec <a href=\"https:\/\/moncompte.actu.fr\" title=\"D\u00e9couvez Mon Actu\" rel=\"nofollow noopener\" data-trk=\"{&quot;cta&quot;:{&quot;action&quot;:&quot;https:\\\/\\\/moncompte.actu.fr&quot;,&quot;category&quot;:&quot;mon compte&quot;,&quot;from&quot;:&quot;article footer&quot;,&quot;name&quot;:&quot;Mon actu&quot;,&quot;type&quot;:&quot;cta&quot;}}\" target=\"_blank\">Mon Actu<\/a>.<\/p>\n","protected":false},"excerpt":{"rendered":"Par Laur\u00e8ne Fertin Publi\u00e9 le 4 sept. 2025 \u00e0 6h32 \u00ab\u2009F\u00eate\u2009\u00bb, \u00ab\u2009convivialit\u00e9\u2009\u00bb, \u00ab\u2009partage\u2009\u00bb\u2009: le festival des Rues vivantes&hellip;\n","protected":false},"author":2,"featured_media":364935,"comment_status":"","ping_status":"","sticky":false,"template":"","format":"standard","meta":{"footnotes":""},"categories":[2821],"tags":[1111,11,829,215,33,1777,674,1011,27,12,584,25],"class_list":{"0":"post-364934","1":"post","2":"type-post","3":"status-publish","4":"format-standard","5":"has-post-thumbnail","7":"category-rennes","8":"tag-actu","9":"tag-actualites","10":"tag-bretagne","11":"tag-commerce","12":"tag-economie","13":"tag-eu","14":"tag-europe","15":"tag-fr","16":"tag-france","17":"tag-news","18":"tag-rennes","19":"tag-republique-francaise"},"share_on_mastodon":{"url":"https:\/\/pubeurope.com\/@fr\/115144375851770460","error":""},"_links":{"self":[{"href":"https:\/\/www.europesays.com\/fr\/wp-json\/wp\/v2\/posts\/364934","targetHints":{"allow":["GET"]}}],"collection":[{"href":"https:\/\/www.europesays.com\/fr\/wp-json\/wp\/v2\/posts"}],"about":[{"href":"https:\/\/www.europesays.com\/fr\/wp-json\/wp\/v2\/types\/post"}],"author":[{"embeddable":true,"href":"https:\/\/www.europesays.com\/fr\/wp-json\/wp\/v2\/users\/2"}],"replies":[{"embeddable":true,"href":"https:\/\/www.europesays.com\/fr\/wp-json\/wp\/v2\/comments?post=364934"}],"version-history":[{"count":0,"href":"https:\/\/www.europesays.com\/fr\/wp-json\/wp\/v2\/posts\/364934\/revisions"}],"wp:featuredmedia":[{"embeddable":true,"href":"https:\/\/www.europesays.com\/fr\/wp-json\/wp\/v2\/media\/364935"}],"wp:attachment":[{"href":"https:\/\/www.europesays.com\/fr\/wp-json\/wp\/v2\/media?parent=364934"}],"wp:term":[{"taxonomy":"category","embeddable":true,"href":"https:\/\/www.europesays.com\/fr\/wp-json\/wp\/v2\/categories?post=364934"},{"taxonomy":"post_tag","embeddable":true,"href":"https:\/\/www.europesays.com\/fr\/wp-json\/wp\/v2\/tags?post=364934"}],"curies":[{"name":"wp","href":"https:\/\/api.w.org\/{rel}","templated":true}]}}