{"id":364936,"date":"2025-09-04T05:28:25","date_gmt":"2025-09-04T05:28:25","guid":{"rendered":"https:\/\/www.europesays.com\/fr\/364936\/"},"modified":"2025-09-04T05:28:25","modified_gmt":"2025-09-04T05:28:25","slug":"wooh-se-rapproche-du-spartak-moscou","status":"publish","type":"post","link":"https:\/\/www.europesays.com\/fr\/364936\/","title":{"rendered":"Wooh se rapproche du Spartak Moscou"},"content":{"rendered":"<p class=\"date\">\n                                                            Juba Touabi, Media365, publi\u00e9 le mercredi 03 septembre 2025 \u00e0 18h38\n                                                    <\/p>\n<p>Le d\u00e9fenseur central Christopher Wooh s&rsquo;appr\u00eate \u00e0 quitter le Stade Rennais.<\/p>\n<p>\u00c0 23 ans, l&rsquo;international camerounais est en discussions avanc\u00e9es avec le Spartak Moscou, club russe dont le mercato reste encore ouvert pour quelques jours. Un d\u00e9part qui semble d\u00e9sormais in\u00e9luctable \u00e0 en croire les informations du quotidien l&rsquo;Equipe. Recrut\u00e9 \u00e0 l&rsquo;\u00e9t\u00e9 2022 en provenance du RC Lens pour environ 9 millions d&rsquo;euros, Christopher Wooh n&rsquo;a jamais totalement r\u00e9ussi \u00e0 s&rsquo;imposer au sein de l&rsquo;effectif rennais. En deux saisons, il a pris part \u00e0 une soixantaine de rencontres toutes comp\u00e9titions confondues.<\/p>\n<p>Wooh n&rsquo;a pas encore donn\u00e9 son accord<\/p>\n<p>La concurrence accrue en d\u00e9fense a progressivement rel\u00e9gu\u00e9 le Camerounais dans la hi\u00e9rarchie. \u00c0 un an de la fin de son contrat, initialement pr\u00e9vu jusqu&rsquo;en juin 2026, un d\u00e9part semble d\u00e9sormais \u00eatre la meilleure option pour les deux parties. Si l&rsquo;accord entre les clubs est proche, le joueur, lui, n&rsquo;a pas encore donn\u00e9 son feu vert \u00e0 en croire le quotidien Le Parisien. Christopher Wooh souhaite prendre le temps de la r\u00e9flexion avant de s&rsquo;engager dans ce nouveau projet.<\/p>\n<p>Ce possible d\u00e9part constituerait le 27e d\u00e9part de l&rsquo;\u00e9t\u00e9 pour le Stade Rennais, dont l&rsquo;effectif est en pleine restructuration. La d\u00e9cision finale de Wooh est attendue dans les prochains jours. Mais sauf revirement de situation, son avenir semble d\u00e9sormais s&rsquo;\u00e9crire loin de la Bretagne.<\/p>\n","protected":false},"excerpt":{"rendered":"Juba Touabi, Media365, publi\u00e9 le mercredi 03 septembre 2025 \u00e0 18h38 Le d\u00e9fenseur central Christopher Wooh s&rsquo;appr\u00eate \u00e0&hellip;\n","protected":false},"author":2,"featured_media":364937,"comment_status":"","ping_status":"","sticky":false,"template":"","format":"standard","meta":{"footnotes":""},"categories":[2821],"tags":[1111,11,829,1777,674,1011,27,12,584,25],"class_list":{"0":"post-364936","1":"post","2":"type-post","3":"status-publish","4":"format-standard","5":"has-post-thumbnail","7":"category-rennes","8":"tag-actu","9":"tag-actualites","10":"tag-bretagne","11":"tag-eu","12":"tag-europe","13":"tag-fr","14":"tag-france","15":"tag-news","16":"tag-rennes","17":"tag-republique-francaise"},"share_on_mastodon":{"url":"https:\/\/pubeurope.com\/@fr\/115144379993328052","error":""},"_links":{"self":[{"href":"https:\/\/www.europesays.com\/fr\/wp-json\/wp\/v2\/posts\/364936","targetHints":{"allow":["GET"]}}],"collection":[{"href":"https:\/\/www.europesays.com\/fr\/wp-json\/wp\/v2\/posts"}],"about":[{"href":"https:\/\/www.europesays.com\/fr\/wp-json\/wp\/v2\/types\/post"}],"author":[{"embeddable":true,"href":"https:\/\/www.europesays.com\/fr\/wp-json\/wp\/v2\/users\/2"}],"replies":[{"embeddable":true,"href":"https:\/\/www.europesays.com\/fr\/wp-json\/wp\/v2\/comments?post=364936"}],"version-history":[{"count":0,"href":"https:\/\/www.europesays.com\/fr\/wp-json\/wp\/v2\/posts\/364936\/revisions"}],"wp:featuredmedia":[{"embeddable":true,"href":"https:\/\/www.europesays.com\/fr\/wp-json\/wp\/v2\/media\/364937"}],"wp:attachment":[{"href":"https:\/\/www.europesays.com\/fr\/wp-json\/wp\/v2\/media?parent=364936"}],"wp:term":[{"taxonomy":"category","embeddable":true,"href":"https:\/\/www.europesays.com\/fr\/wp-json\/wp\/v2\/categories?post=364936"},{"taxonomy":"post_tag","embeddable":true,"href":"https:\/\/www.europesays.com\/fr\/wp-json\/wp\/v2\/tags?post=364936"}],"curies":[{"name":"wp","href":"https:\/\/api.w.org\/{rel}","templated":true}]}}