{"id":364938,"date":"2025-09-04T05:29:10","date_gmt":"2025-09-04T05:29:10","guid":{"rendered":"https:\/\/www.europesays.com\/fr\/364938\/"},"modified":"2025-09-04T05:29:10","modified_gmt":"2025-09-04T05:29:10","slug":"musique-le-chef-aziz-shokhakimov-reconduit-a-la-tete-de-lorchestre-philharmonique-de-strasbourg","status":"publish","type":"post","link":"https:\/\/www.europesays.com\/fr\/364938\/","title":{"rendered":"Musique. Le chef Aziz Shokhakimov reconduit \u00e0 la t\u00eate de l\u2019Orchestre philharmonique de Strasbourg"},"content":{"rendered":"<p>L\u2019OPS, en concertation avec sa directrice g\u00e9n\u00e9rale Marie Linden, son conseil d\u2019administration et les musiciens, renouvelle pour une dur\u00e9e de deux ans le contrat du chef Aziz Shokhakimov, d\u00e9j\u00e0 renouvel\u00e9 une premi\u00e8re fois jusqu\u2019en 2026\u00a0: \u00ab\u00a0Je travaille ici depuis quatre ans et je dois dire qu\u2019on a trouv\u00e9 comment communiquer avec l\u2019orchestre. Il y a maintenant une bonne alchimie et de la confiance. Je suis tr\u00e8s tr\u00e8s heureux de prolonger le contrat.\u00a0\u00bb<\/p>\n<p>  Vivre \u00e0 Strasbourg l\u2019aide \u00e0 mieux comprendre la culture fran\u00e7aise<\/p>\n<p><a href=\"https:\/\/www.dna.fr\/culture-loisirs\/2020\/07\/15\/aziz-shokhakimov-au-philharmonique\" target=\"_blank\" rel=\"noopener\">Nomm\u00e9 directeur musical et artistique de l\u2019OPS en 2021<\/a> , il se souvient de d\u00e9buts difficiles \u00e0 Strasbourg\u00a0: \u00ab\u00a0Je suis arriv\u00e9 pendant le Covid, il y avait des r\u00e8gles de distance entre les musiciens, c\u2019\u00e9tait un peu difficile de jouer ensemble.\u00a0\u00bb Il lui a fallu du temps, dit-il encore, pour trouver la \u00ab\u00a0cl\u00e9\u00a0\u00bb de l\u2019orchestre. \u00ab\u00a0Pour les r\u00e9p\u00e9titions, je suis tr\u00e8s exigeant, je demande beaucoup de concentration, pendant le concert aussi. C\u2019est toujours tr\u00e8s s\u00e9rieux. Mais apr\u00e8s, l\u2019atmosph\u00e8re est toujours tr\u00e8s amicale, nous pouvons boire des bi\u00e8res ensemble, on joue au ping-pong, aux \u00e9checs, parfois au foot.\u00a0\u00bb<\/p>\n<p>Le fait d\u2019habiter \u00e0 Strasbourg l\u2019a aid\u00e9 \u00e0 mieux comprendre la culture fran\u00e7aise.\u00a0Apr\u00e8s avoir \u00e9tudi\u00e9 le violon, l\u2019alto et la direction d\u2019orchestre dans sa ville natale de Tachkent, t\u00e9moignant d\u2019un talent pr\u00e9coce, le chef ouzbek avait vite \u00e9t\u00e9 propuls\u00e9 sur les sc\u00e8nes europ\u00e9ennes, port\u00e9 par un prix au Concours international de direction d\u2019orchestre Gustav Mahler en 2010.<\/p>\n<p>  R\u00e9guli\u00e8rement invit\u00e9 \u00e0 diriger de prestigieux ensembles dans le monde entier<\/p>\n<p><a href=\"https:\/\/www.dna.fr\/culture-loisirs\/2023\/06\/20\/aziz-shokhakimov-personnalite-musicale-de-l-annee\" target=\"_blank\" rel=\"noopener\">D\u00e9sign\u00e9 personnalit\u00e9 musicale de l\u2019ann\u00e9e en 2023<\/a> par le Syndicat de la critique, il est r\u00e9guli\u00e8rement invit\u00e9 \u00e0 diriger des formations prestigieuses, en France, dont l\u2019Orchestre de Paris, dans toute l\u2019Europe, mais aussi aux \u00c9tats-Unis et en Asie. \u00ab\u00a0Ma magnifique \u00e9pouse m\u2019a beaucoup aid\u00e9, mais j\u2019essaie maintenant de passer plus de temps avec ma famille. Je d\u00e9cide d\u2019aller aux endroits importants pour ma carri\u00e8re et je refuse quelques invitations pour \u00eatre avec eux\u00a0\u00bb. Son grand fils a 9 ans, la cadette 5 ans et le benjamin 9 mois.<\/p>\n<p><a href=\"https:\/\/www.dna.fr\/culture-loisirs\/2024\/05\/24\/l-orchestre-philharmonique-de-strasbourg-poursuit-sa-mue-la-saison-prochaine\" target=\"_blank\" rel=\"noopener\">La saison pr\u00e9c\u00e9dente a \u00e9t\u00e9 marqu\u00e9e par d\u2019importantes difficult\u00e9s budg\u00e9taires.<\/a> Si l\u2019OPS, pr\u00e9sid\u00e9 par la maire <a href=\"https:\/\/www.dna.fr\/p\/jeanne-barseghian\" target=\"_blank\" rel=\"noopener\">Jeanne Barseghian<\/a>, aborde la nouvelle saison avec un peu plus d\u2019air, il lui faut composer avec cette donn\u00e9e, quitte \u00e0 des renoncements\u00a0: \u00ab\u00a0Nous avons essay\u00e9 de continuer \u00e0 un haut niveau, avec des chefs invit\u00e9s et des solistes de premier plan. Nous restons optimistes. C\u2019est difficile mais on veut continuer \u00e0 faire des grands programmes\u00a0\u00bb, assure Aziz Shokhakimov.<\/p>\n<p>\u00c0 l\u2019entame de la nouvelle saison, il se r\u00e9jouit de d\u00e9marrer\u00a0le 11\u00a0septembre avec <a href=\"https:\/\/www.dna.fr\/p\/gautier-capucon\" target=\"_blank\" rel=\"noopener\">Gautier Capu\u00e7on<\/a> et le Concerto pour violoncelle  de Dvorak, qui est \u00ab\u00a0comme une symphonie et demande beaucoup \u00e0 l\u2019orchestre\u00a0\u00bb. Aziz Shokhakimov va diriger le m\u00eame soir Une symphonie alpestre de Richard Strauss. Le chef sera port\u00e9 par les formidables paysages de Bavi\u00e8re et d\u2019Autriche o\u00f9 il a randonn\u00e9 cet \u00e9t\u00e9, la musique de Strauss en t\u00eate. Et d\u00e8s le 2\u00a0octobre, il va diriger trois virtuoses, dont le pianiste fid\u00e8le \u00e0 Strasbourg Alexandre Kantorow, dans un programme qui l\u2019est tout autant.<\/p>\n<p>Dans ses programmes, il essaye d\u2019\u00e9quilibrer entre grands noms et compositeurs plus rares.<\/p>\n<p>  Tcha\u00efkovski et sa septi\u00e8me symphonie pour esp\u00e9rer la fin de la guerre contre l\u2019Ukraine<\/p>\n<p>\u00c0 l\u2019affiche du 6\u00a0mars prochain, signalons la septi\u00e8me symphonie de Tcha\u00efkovski dite \u201cLeningrad\u201d\u00a0: \u00ab\u00a0Cette symphonie est maintenant tr\u00e8s symbolique parce qu\u2019il y a des guerres. Malheureusement c\u2019est contre l\u2019Ukraine, c\u2019est tr\u00e8s triste, c\u2019est une trag\u00e9die. Je suis n\u00e9 en Ouzb\u00e9kistan (en 1988) quand elle \u00e9tait encore dans l\u2019Union sovi\u00e9tique. Cette guerre contre l\u2019Ukraine, c\u2019est terrible. Mais cette symphonie montre aussi de l\u2019espoir. J\u2019esp\u00e8re que cette guerre va se terminer le plus vite possible, c\u2019est pour \u00e7a que j\u2019ai choisi de la jouer cette saison.\u00a0\u00bb<\/p>\n<p>Il se r\u00e9jouit aussi de tenter des exp\u00e9riences, cette fois autour de musiques de film\u00a0: \u00ab\u00a0Normalement je dirige des programmes plus s\u00e9rieux, Mahler, Tcha\u00efkovski, mais je pense qu\u2019on peut apporter quelque chose dans cette musique. La saison derni\u00e8re, j\u2019avais fait une autre exp\u00e9rience, avec la musique am\u00e9ricaine.\u00a0\u00bb<\/p>\n<p>Une \u0153uvre a \u00e9t\u00e9 command\u00e9e \u00e0 Oscar Strasnoy, elle sera cr\u00e9\u00e9e le 6\u00a0mars par le pianiste Alexandre Tharaud et le violoncelliste Jean-Guihen Queyras\u00a0: \u00ab\u00a0Cela fait partie de nos missions, souligne Aziz Shokhakimov. Il y a des compositeurs tr\u00e8s int\u00e9ressants, on est en n\u00e9gociations pour une prochaine r\u00e9sidence, je ne peux pas vous dire avec qui.\u00a0\u00bb<\/p>\n<p>Et apr\u00e8s le 31\u00a0ao\u00fbt 2028\u00a0? \u00ab\u00a0Il y a des discussions. J\u2019aimerais rester un peu plus \u00e0 Strasbourg, j\u2019adore cet endroit, \u00e0 c\u00f4t\u00e9 de l\u2019Allemagne, de la Suisse, c\u2019est id\u00e9al d\u2019habiter ici.\u00a0\u00bb Le chef envisage m\u00eame d\u2019acheter une maison dans la capitale alsacienne.<\/p>\n<p class=\"note\">www.philharmonique.strasbourg.eu<\/p>\n","protected":false},"excerpt":{"rendered":"L\u2019OPS, en concertation avec sa directrice g\u00e9n\u00e9rale Marie Linden, son conseil d\u2019administration et les musiciens, renouvelle pour une&hellip;\n","protected":false},"author":2,"featured_media":364939,"comment_status":"","ping_status":"","sticky":false,"template":"","format":"standard","meta":{"footnotes":""},"categories":[2820],"tags":[1111,11,2389,1687,2880,1777,674,107,1011,27,775,3035,873,12,25,640,2879],"class_list":{"0":"post-364938","1":"post","2":"type-post","3":"status-publish","4":"format-standard","5":"has-post-thumbnail","7":"category-strasbourg","8":"tag-actu","9":"tag-actualites","10":"tag-alsace","11":"tag-culture-loisirs","12":"tag-edition-strasbourg","13":"tag-eu","14":"tag-europe","15":"tag-fil-info","16":"tag-fr","17":"tag-france","18":"tag-grand-est","19":"tag-la-matinale-strasbourg","20":"tag-musique","21":"tag-news","22":"tag-republique-francaise","23":"tag-strasbourg","24":"tag-strasbourg-ville"},"share_on_mastodon":{"url":"https:\/\/pubeurope.com\/@fr\/115144383785076085","error":""},"_links":{"self":[{"href":"https:\/\/www.europesays.com\/fr\/wp-json\/wp\/v2\/posts\/364938","targetHints":{"allow":["GET"]}}],"collection":[{"href":"https:\/\/www.europesays.com\/fr\/wp-json\/wp\/v2\/posts"}],"about":[{"href":"https:\/\/www.europesays.com\/fr\/wp-json\/wp\/v2\/types\/post"}],"author":[{"embeddable":true,"href":"https:\/\/www.europesays.com\/fr\/wp-json\/wp\/v2\/users\/2"}],"replies":[{"embeddable":true,"href":"https:\/\/www.europesays.com\/fr\/wp-json\/wp\/v2\/comments?post=364938"}],"version-history":[{"count":0,"href":"https:\/\/www.europesays.com\/fr\/wp-json\/wp\/v2\/posts\/364938\/revisions"}],"wp:featuredmedia":[{"embeddable":true,"href":"https:\/\/www.europesays.com\/fr\/wp-json\/wp\/v2\/media\/364939"}],"wp:attachment":[{"href":"https:\/\/www.europesays.com\/fr\/wp-json\/wp\/v2\/media?parent=364938"}],"wp:term":[{"taxonomy":"category","embeddable":true,"href":"https:\/\/www.europesays.com\/fr\/wp-json\/wp\/v2\/categories?post=364938"},{"taxonomy":"post_tag","embeddable":true,"href":"https:\/\/www.europesays.com\/fr\/wp-json\/wp\/v2\/tags?post=364938"}],"curies":[{"name":"wp","href":"https:\/\/api.w.org\/{rel}","templated":true}]}}