{"id":364942,"date":"2025-09-04T05:31:10","date_gmt":"2025-09-04T05:31:10","guid":{"rendered":"https:\/\/www.europesays.com\/fr\/364942\/"},"modified":"2025-09-04T05:31:10","modified_gmt":"2025-09-04T05:31:10","slug":"projetee-35-metres-plus-loin-apres-avoir-ete-fauchee-sur-la-route-du-bord-de-mer-elle-sen-sort-miraculeusement","status":"publish","type":"post","link":"https:\/\/www.europesays.com\/fr\/364942\/","title":{"rendered":"Projet\u00e9e 35 m\u00e8tres plus loin apr\u00e8s avoir \u00e9t\u00e9 fauch\u00e9e sur la route du bord de mer, elle s\u2019en sort miraculeusement"},"content":{"rendered":"<p>L\u2019accident s\u2019est produit jeudi 28 ao\u00fbt, aux alentours de 16h45, \u00e0 Saint-Laurent-du-Var, sur la route du bord de mer (RM6098). <a href=\"https:\/\/www.nicematin.com\/vie-locale\/radar-le-passage-a-50-km-h-sur-la-route-du-bord-de-mer-entre-nice-et-cagnes-sur-mer-seme-la-la-colere-les-institutions-calment-le-jeu--999165\" rel=\"nofollow noopener\" target=\"_blank\">Celle-l\u00e0 m\u00eame qui vient de passer de 70km\/h \u00e0 50km\/h, provoquant de nombreux flashs des radars et la grogne de certains usagers.<\/a><\/p>\n<p>Jennifer, une Cagnoise de 37 ans qui travaille \u00e0 la Chambre des m\u00e9tiers et de l\u2019artisanat, terminait sa journ\u00e9e et allait prendre le bus, dont l\u2019arr\u00eat se trouve devant le nouveau parking de la gare, pour rentrer chez elle. Avant, il y avait une passerelle pour traverser la tr\u00e8s fr\u00e9quent\u00e9e route du Bord de mer. <a href=\"https:\/\/www.nicematin.com\/vie-locale\/les-usagers-ne-comprennent-pas-l-utilite-de-retirer-de-la-passerelle-pietonne-au-profit-de-feux-tricolores-a-saint-laurent-du-var-990455\" rel=\"nofollow noopener\" target=\"_blank\">Mais elle a \u00e9t\u00e9 retir\u00e9e mi-juin, dans le cadre des travaux du futur parc relais du tramway T4, laissant la place \u00e0 un passage pi\u00e9ton, des feux de circulation<\/a> et une vitesse r\u00e9duite de 70 \u00e0 50km\/h.<\/p>\n<p>Projet\u00e9e \u00ab\u00a0\u00e0 35m\u00e8tres\u00a0\u00bb du passage pi\u00e9ton<\/p>\n<p>Jennifer commence donc \u00e0 traverser et se fait faucher par un automobiliste. \u00ab\u00a0Elle a \u00e9t\u00e9 retrouv\u00e9e 35m\u00e8tres plus loin alors qu\u2019elle \u00e9tait sur le passage clout\u00e9, t\u00e9moigne son mari Vincent, 42 ans, encore sous le choc. Elle s\u2019en est sortie miraculeusement.\u00a0\u00bb<\/p>\n<p>Le conducteur, un jeune homme, s\u2019est arr\u00eat\u00e9. Il a \u00e9t\u00e9 interpell\u00e9, plac\u00e9 en garde \u00e0 vue puis d\u00e9f\u00e9r\u00e9 au tribunal judiciaire de Grasse, qui a ouvert une information judiciaire.<\/p>\n<p>\u00ab\u00a0On en parlait tout le temps, de cette passerelle. On se disait que c\u2019\u00e9tait dangereux de l\u2019avoir enlev\u00e9e et de devoir d\u00e9sormais traverser ici, ajoute Vincent. Et quand je vois les gens qui se plaignent parce que la limitation est pass\u00e9e de 70 \u00e0 50km\/h\u2026 C\u2019est bien la preuve que c\u2019\u00e9tait plus que n\u00e9cessaire.\u00a0\u00bb<\/p>\n<p>Fractures multiples et traumatisme cr\u00e2nien<\/p>\n<p>              <img ci-src=\"https:\/\/www.nicematin.com\/faits-divers\/protec\/DATA_ART_16183490-WhFTHKjt.jpg?vh=aff743&amp;ci_seal=a198a38e27\" alt=\"\"\/><br \/>\n        L\u2019accident s\u2019est produit au niveau de l\u2019ancienne passerelle, remplac\u00e9e par un passage clout\u00e9 et des feux. Photo Ro. B. <\/p>\n<p>Jennifer, elle, souffre de multiples fractures. Bras, \u00e9paules, coudes, jambes, pieds, bassin, c\u00f4tes\u2026 et un traumatisme cr\u00e2nien.<\/p>\n<p>\u00ab\u00a0Par chance, son pronostic vital n\u2019est plus engag\u00e9, souffle Vincent. Elle est rentr\u00e9e au bloc op\u00e9ratoire de l\u2019h\u00f4pital Pasteur 2 \u00e0 21 heures pour en ressortir \u00e0 5 heures de matin, juste pour le c\u00f4t\u00e9 droit. Et elle y est repass\u00e9e lundi pour le c\u00f4t\u00e9 gauche. Maintenant, elle est au service traumatologie, alit\u00e9e, les deux jambes pl\u00e2tr\u00e9es, les bras immobilis\u00e9s en croix sur le corps, elle est perfus\u00e9e de partout\u2026 Elle en a pour au moins un an de convalescence.\u00a0\u00bb<\/p>\n<p>Le certificat m\u00e9dical fait une page enti\u00e8re. Est-ce que le conducteur a grill\u00e9 un feu ? Est-ce qu\u2019il \u00e9tait sous l\u2019emprise de stup\u00e9fiants? \u00ab\u00a0Il a reconnu aux policiers avoir fum\u00e9 du cannabis la veille, affirme Vincent. Et plusieurs t\u00e9moins m\u2019ont dit qu\u2019il \u00e9tait en exc\u00e8s de vitesse et qu\u2019il avait grill\u00e9 le feu.\u00a0\u00bb<\/p>\n<p>L\u2019enqu\u00eate le d\u00e9terminera: le dossier est d\u00e9sormais dans les mains de la justice.<\/p>\n<p>Un motard a tout vu et t\u00e9moigne<\/p>\n<p>Mais David, un motard, a tout vu. \u00ab\u00a0La voiture m\u2019a doubl\u00e9 sur le pont Napol\u00e9on-III et, on ne va pas se mentir, comme tout le monde sur ce pont je n\u2019\u00e9tais pas \u00e0 50km\/h mais plut\u00f4t \u00e0 70, t\u00e9moigne-t-il. J\u2019ai vu le feu passer au rouge, j\u2019ai d\u00e9c\u00e9l\u00e9r\u00e9, mais lui l\u2019a grill\u00e9. La pi\u00e9tonne a travers\u00e9 au vert sur le passage clout\u00e9 et a \u00e9t\u00e9 projet\u00e9e par-dessus la voiture, comme d\u00e9sarticul\u00e9e. Une fois au sol \u00e0 plusieurs m\u00e8tres de l\u2019impact, elle ne bougeait plus. Tout le monde s\u2019est arr\u00eat\u00e9, tout le monde \u00e9tait choqu\u00e9.\u00a0\u00bb<\/p>\n<p>Il poursuit: \u00ab\u00a0J\u2019ai appel\u00e9 les pompiers et, malgr\u00e9 mon brevet de secouriste, je n\u2019ai m\u00eame pas os\u00e9 la mettre en PLS [position lat\u00e9rale de s\u00e9curit\u00e9], de peur d\u2019empirer la situation. Le jeune conducteur, lui, \u00e9tait en \u00e9tat de choc, d\u00e9contenanc\u00e9, les mains sur la t\u00eate. Je crois qu\u2019il a bien compris qu\u2019il avait fait une connerie.\u00a0\u00bb<\/p>\n","protected":false},"excerpt":{"rendered":"L\u2019accident s\u2019est produit jeudi 28 ao\u00fbt, aux alentours de 16h45, \u00e0 Saint-Laurent-du-Var, sur la route du bord de&hellip;\n","protected":false},"author":2,"featured_media":364943,"comment_status":"","ping_status":"","sticky":false,"template":"","format":"standard","meta":{"footnotes":""},"categories":[2819],"tags":[1111,11,1777,674,118,1011,27,12,2401,882,25],"class_list":{"0":"post-364942","1":"post","2":"type-post","3":"status-publish","4":"format-standard","5":"has-post-thumbnail","7":"category-nice","8":"tag-actu","9":"tag-actualites","10":"tag-eu","11":"tag-europe","12":"tag-faits-divers","13":"tag-fr","14":"tag-france","15":"tag-news","16":"tag-nice","17":"tag-provence-alpes-cote-dazur","18":"tag-republique-francaise"},"share_on_mastodon":{"url":"https:\/\/pubeurope.com\/@fr\/115144391641145449","error":""},"_links":{"self":[{"href":"https:\/\/www.europesays.com\/fr\/wp-json\/wp\/v2\/posts\/364942","targetHints":{"allow":["GET"]}}],"collection":[{"href":"https:\/\/www.europesays.com\/fr\/wp-json\/wp\/v2\/posts"}],"about":[{"href":"https:\/\/www.europesays.com\/fr\/wp-json\/wp\/v2\/types\/post"}],"author":[{"embeddable":true,"href":"https:\/\/www.europesays.com\/fr\/wp-json\/wp\/v2\/users\/2"}],"replies":[{"embeddable":true,"href":"https:\/\/www.europesays.com\/fr\/wp-json\/wp\/v2\/comments?post=364942"}],"version-history":[{"count":0,"href":"https:\/\/www.europesays.com\/fr\/wp-json\/wp\/v2\/posts\/364942\/revisions"}],"wp:featuredmedia":[{"embeddable":true,"href":"https:\/\/www.europesays.com\/fr\/wp-json\/wp\/v2\/media\/364943"}],"wp:attachment":[{"href":"https:\/\/www.europesays.com\/fr\/wp-json\/wp\/v2\/media?parent=364942"}],"wp:term":[{"taxonomy":"category","embeddable":true,"href":"https:\/\/www.europesays.com\/fr\/wp-json\/wp\/v2\/categories?post=364942"},{"taxonomy":"post_tag","embeddable":true,"href":"https:\/\/www.europesays.com\/fr\/wp-json\/wp\/v2\/tags?post=364942"}],"curies":[{"name":"wp","href":"https:\/\/api.w.org\/{rel}","templated":true}]}}